{"id":13558,"date":"2019-08-29T09:39:01","date_gmt":"2019-08-29T15:39:01","guid":{"rendered":"https:\/\/eloficiodehistoriar.com.mx\/?p=13558"},"modified":"2019-08-29T09:39:01","modified_gmt":"2019-08-29T15:39:01","slug":"pancho-flores-con-12-cornetas-en-bellas-artes-ciudad-de-mexico","status":"publish","type":"post","link":"https:\/\/eloficiodehistoriar.com.mx\/?p=13558","title":{"rendered":"Pancho Flores, con 12 cornetas en Bellas Artes   Ciudad de M\u00e9xico."},"content":{"rendered":"<p>Ciudad de M\u00e9xico.<\/p>\n<p>La Jornada<\/p>\n<p>&nbsp;<\/p>\n<p>Considerado uno de los mejores trompetistas del mundo y ganador de m\u00faltiples galardones, como el codiciado primer Premio del Concurso Internacional Maurice Andr\u00e9, Francisco Flores (San Crist\u00f3bal, Venezuela, 1981) ofrecer\u00e1 el primero de septiembre en el Palacio de Bellas Artes un concierto con la Orquesta Sinf\u00f3nica de Miner\u00eda (OSM) en el que tocar\u00e1 con 12 trompetas, de acuerdo con los movimientos de cada una de las obras.<\/p>\n<p>El m\u00fasico, quien abarca estilos cl\u00e1sicos y populares, estrenar\u00e1 en M\u00e9xico el Concierto venezolano para trompeta y orquesta, de Paquito D\u2019Rivera, e interpretar\u00e1 el Concierto de oto\u00f1o para trompeta y orquesta, de Arturo M\u00e1rquez; Mestizo, concierto para trompeta, de Efra\u00edn Oscher, y Cr\u00f3nicas latinoamericanas, de Daniel Freiberg.<\/p>\n<p>En cada pieza emplea trompetas diferentes con la finalidad de hacer m\u00e1s bella la m\u00fasica, as\u00ed que hay movimientos que los toca con una en do; con la trompeta en fa toca algo m\u00e1s sutil y dulce, y hay movimientos que requieren de ese instrumento en re o utiliza una de cuatro pistones.<\/p>\n<p>El artista, quien en el escenario tiene una peque\u00f1a mesa con sus instrumentos, adelanta que en ese concierto romper\u00e1 su r\u00e9cord de tocar con 11 trompetas.<\/p>\n<p>Formaci\u00f3n en el Sistema fundado por Abreu<\/p>\n<p>Pacho Flores, en entrevista, describe el concierto con la OSM \u2018\u2018como un proyecto totalmente especial y \u00fanico porque nunca se ha hecho algo similar. Vamos a interpretar cuatro grandes conciertos para trompeta, lo que significa un reto gigantesco para el trompetista; adem\u00e1s todo este trabajo es de una exigencia de tiempo y de resistencia para un instrumento como la trompeta\u201d.<\/p>\n<p>El artista, quien se form\u00f3 en el Sistema de Orquestas Juveniles e Infantiles de Venezuela creado por el maestro Jos\u00e9 Antonio Abreu, est\u00e1 muy contento por el concierto que efectuar\u00e1 en el m\u00e1ximo recinto cultural del pa\u00eds, pues interpretar\u00e1 obra de cuatro compositores vivos que le han dedicado esas piezas y ahora forman parte del repertorio latinoamericano de la trompeta.<\/p>\n<p>\u2018\u2018Estoy en una cruzada incre\u00edble de lo que es la expansi\u00f3n del repertorio de la trompeta, as\u00ed que es totalmente innovador poder hacer esto y creo que al p\u00fablico le va gustar mucho. Quiero que asistan al concierto porque disfrutar\u00e1n de este repertorio lleno de tanto color y adem\u00e1s tiene la caracter\u00edstica especial de que estar\u00e9 tocando con 12 trompetas diferentes, lo cual le da un timbre al concierto y un colorido que no solamente escuchar\u00e1 el p\u00fablico, sino que tambi\u00e9n lo podr\u00e1 ver y es muy bonito.\u201d<\/p>\n<p>Pacho Flores, en colaboraci\u00f3n con el sello Deutsche Grammophon, ha realizado una serie de grabaciones de sus abundantes y variadas inquietudes musicales. Al respecto, comparte que \u2018\u2018el repertorio latinoamericano para trompeta pr\u00e1cticamente no se hab\u00eda tomado en consideraci\u00f3n, porque tanto compositores como solistas no se hab\u00edan puesto a trabajar.<\/p>\n<p>\u2018\u2018Tengo una carrera internacional de concertista desde hace muchos a\u00f1os y me siento muy comprometido con nuestro folclor latinoamericano, por eso trabajo en colaboraci\u00f3n con estos compositores para expandir el repertorio\u201d.<\/p>\n<p>Flores asegur\u00f3 que todo lo que emprende, como impulsar el repertorio para trompeta, lo hace con el coraz\u00f3n. \u2018\u2018Cuando toco y hay un proyecto que me encanta realmente lo siento much\u00edsimo; creo que si me emociono puedo emocionar a los dem\u00e1s\u201d.<\/p>\n<p>El m\u00fasico comparte que su padre, Francisco Flores D\u00edaz, fue trompetista y ese instrumento le ha dado todo y es muy feliz. \u2018\u2018Tambi\u00e9n es una forma de poder transmitir todo lo que uno lleva y ha aprendido durante toda su vida, porque en el caso de Venezuela la m\u00fasica ha sido una forma de integraci\u00f3n y eso es muy importante: el poder y las cosas que puede hacer la m\u00fasica\u201d.<\/p>\n<p>El trompetista, quien form\u00f3 parte de la Orquesta Sinf\u00f3nica Sim\u00f3n Bol\u00edvar y ha tocado de solista con la Filarm\u00f3nica de Kiev, la Camerata de San Petersburgo y el Ensamble Orquestal de Par\u00eds, anuncia que con la Sinf\u00f3nica de Miner\u00eda grabar\u00e1 la pr\u00f3xima semana un disco producido por Deutsche Grammophon.<\/p>\n<p>Con la direcci\u00f3n art\u00edstica de Carlos Miguel Prieto, la Orquesta Sinf\u00f3nica de Miner\u00eda y Pacho Flores se presentar\u00e1n el domingo primero de septiembre a las 17 horas en la sala principal del Palacio de Bellas Artes (Ju\u00e1rez, esquina Eje Central L\u00e1zaro C\u00e1rdenas, Centro).<\/p>\n","protected":false},"excerpt":{"rendered":"<p>Ciudad de M\u00e9xico. La Jornada &nbsp; Considerado uno de los mejores trompetistas del mundo y ganador de m\u00faltiples galardones, como el codiciado primer Premio del Concurso Internacional Maurice Andr\u00e9, Francisco Flores (San Crist\u00f3bal, Venezuela, 1981) ofrecer\u00e1 el primero de septiembre en el Palacio de Bellas Artes un concierto con la Orquesta Sinf\u00f3nica de Miner\u00eda (OSM) [&hellip;]<\/p>\n","protected":false},"author":249,"featured_media":13559,"comment_status":"open","ping_status":"closed","sticky":false,"template":"","format":"standard","meta":{"footnotes":""},"categories":[26],"tags":[],"class_list":["post-13558","post","type-post","status-publish","format-standard","has-post-thumbnail","hentry","category-mundo"],"_links":{"self":[{"href":"https:\/\/eloficiodehistoriar.com.mx\/index.php?rest_route=\/wp\/v2\/posts\/13558","targetHints":{"allow":["GET"]}}],"collection":[{"href":"https:\/\/eloficiodehistoriar.com.mx\/index.php?rest_route=\/wp\/v2\/posts"}],"about":[{"href":"https:\/\/eloficiodehistoriar.com.mx\/index.php?rest_route=\/wp\/v2\/types\/post"}],"author":[{"embeddable":true,"href":"https:\/\/eloficiodehistoriar.com.mx\/index.php?rest_route=\/wp\/v2\/users\/249"}],"replies":[{"embeddable":true,"href":"https:\/\/eloficiodehistoriar.com.mx\/index.php?rest_route=%2Fwp%2Fv2%2Fcomments&post=13558"}],"version-history":[{"count":1,"href":"https:\/\/eloficiodehistoriar.com.mx\/index.php?rest_route=\/wp\/v2\/posts\/13558\/revisions"}],"predecessor-version":[{"id":13560,"href":"https:\/\/eloficiodehistoriar.com.mx\/index.php?rest_route=\/wp\/v2\/posts\/13558\/revisions\/13560"}],"wp:featuredmedia":[{"embeddable":true,"href":"https:\/\/eloficiodehistoriar.com.mx\/index.php?rest_route=\/wp\/v2\/media\/13559"}],"wp:attachment":[{"href":"https:\/\/eloficiodehistoriar.com.mx\/index.php?rest_route=%2Fwp%2Fv2%2Fmedia&parent=13558"}],"wp:term":[{"taxonomy":"category","embeddable":true,"href":"https:\/\/eloficiodehistoriar.com.mx\/index.php?rest_route=%2Fwp%2Fv2%2Fcategories&post=13558"},{"taxonomy":"post_tag","embeddable":true,"href":"https:\/\/eloficiodehistoriar.com.mx\/index.php?rest_route=%2Fwp%2Fv2%2Ftags&post=13558"}],"curies":[{"name":"wp","href":"https:\/\/api.w.org\/{rel}","templated":true}]}}