{"id":13564,"date":"2019-08-29T10:05:24","date_gmt":"2019-08-29T16:05:24","guid":{"rendered":"https:\/\/eloficiodehistoriar.com.mx\/?p=13564"},"modified":"2019-08-29T10:05:24","modified_gmt":"2019-08-29T16:05:24","slug":"almodovar-y-la-democracia-espanola","status":"publish","type":"post","link":"https:\/\/eloficiodehistoriar.com.mx\/?p=13564","title":{"rendered":"Almodovar y la democracia espa\u00f1ola"},"content":{"rendered":"<p>El Pa\u00eds<\/p>\n<p>La madre superiora era heroin\u00f3mana. Sor Esti\u00e9rcol adoraba el LSD y se autolesionaba. Una monja cuidaba de un tigre y otra dise\u00f1aba atrevidos modelos de costura. Gian Luigi Rondi, cr\u00edtico de cine con simpat\u00edas hacia la Democracia Cristiana, no daba cr\u00e9dito. \u201cLa pel\u00edcula le parec\u00eda obscena\u201d, confiesa Pedro Almod\u00f3var. De ah\u00ed, que el entonces presidente del jurado de la secci\u00f3n Mezzogiorno \/ Mezzanotte de La Mostra de Venecia deseara, incluso, sacar al filme de la selecci\u00f3n. Finalmente, no pudo. Para suerte de Almod\u00f3var. Y de la historia del cine: en 1983, Entre tinieblas mostr\u00f3 por primera vez al mundo de qu\u00e9 era capaz aquel muchacho de Calzada de Calatrava (Ciudad Real). Tanto que, 35 a\u00f1os despu\u00e9s, el cineasta espa\u00f1ol ha vuelto este jueves al Lido como el artista consagrado que recoge el Le\u00f3n de Oro por su trayectoria.<\/p>\n<p>\u201cMi bautizo internacional fue aqu\u00ed. Era muy joven y el mero hecho de venir a un festival as\u00ed me parec\u00eda milagroso\u201d, record\u00f3 en la rueda de prensa en el Lido. Poco despu\u00e9s, una ovaci\u00f3n le recibi\u00f3 en la Sala Grande de La Mostra, donde aplaud\u00edan Marisa Paredes y el responsable del festival de Cannes, Thierry Fr\u00e9maux, entre otros. \u201cSoy un director vocacional. Desde peque\u00f1o decid\u00ed que mi raz\u00f3n de estar en el mundo era fabular. El cine ha sido mi vida y no concibo lo que queda de ella sin hacer pel\u00edculas\u201d, relat\u00f3 Almod\u00f3var. De ello habla, al fin y al cabo, su \u00faltima fatiga, Dolor y gloria. Aunque el filme que se proyect\u00f3 a continuaci\u00f3n fue Mujeres al borde de un ataque de nervios, que el director present\u00f3 en La Mostra en 1988.<\/p>\n<p>Aquella fue su segunda y \u00faltima visita al Lido, hasta hoy. \u201cEse a\u00f1o, el presidente del jurado era Sergio Leone y tambi\u00e9n estaba Lina Wertm\u00fcller. Me los encontr\u00e9 y me dijeron: \u2018Nos encant\u00f3 tu pel\u00edcula, es importante que obras as\u00ed vengan a Venecia\u201d, cont\u00f3 el director. Pero aquello solo se tradujo en un premio al mejor guion. Por eso le gusta pensar que este galard\u00f3n de honor, 31 a\u00f1os despu\u00e9s, es \u201cun acto casual de justicia po\u00e9tica\u201d. \u201cEs un premio important\u00edsimo, sobre todo si te lo dan\u201d, sonri\u00f3.<\/p>\n<p>M\u00e1s, en un a\u00f1o en el que Cannes no concedi\u00f3 la Palma de Oro a Dolor y gloria, pese a que muchas quinielas la colocaban como favorita. El director del festival de Venecia, Alberto Barbera, jura que hac\u00eda tiempo que quer\u00eda premiar a Almod\u00f3var y que el plant\u00f3n del certamen franc\u00e9s nada tiene que ver con el reconocimiento italiano, que se fragu\u00f3 antes. En todo caso, en una estanter\u00eda donde hay Oscar y Goya, faltan todav\u00eda un triunfo en Cannes o Venecia por una pel\u00edcula en concreto. Tanto que varios diarios italianos se refer\u00edan estos d\u00edas al espa\u00f1ol como \u201cel le\u00f3n herido\u201d.<\/p>\n<p>En la gala, se le vio m\u00e1s bien emocionado. Dio las gracias en italiano, ingl\u00e9s y castellano. Y asegur\u00f3: \u201cMi cine es producto de la democracia espa\u00f1ola y mis pel\u00edculas son la demostraci\u00f3n de que era real\u201d. Por eso, dedic\u00f3 el galard\u00f3n a todos los \u201cpaisanos\u201d de Espa\u00f1a: int\u00e9rpretes, t\u00e9cnicos, creadores y, simplemente, ciudadanos. \u201cNo he pretendido cambiar el mundo. Aunque s\u00ed he tratado de explicar el m\u00edo, siempre con absoluta libertad, independencia e inocencia. Todos mis personajes, ya sean travestis, transexuales, amas de casa o monjas, gozan de autonom\u00eda moral\u201d, asever\u00f3. Y la presidenta del jurado de Venecia, Lucrecia Martel, le rindi\u00f3 su personal tributo: \u201cNecesitamos a Almod\u00f3var m\u00e1s que nunca\u201d.<\/p>\n<p>\u201cJam\u00e1s me ha preocupado tener un estilo propio. No pienso en el mercado o el p\u00fablico cuando elaboro mis historias. Si tengo un estilo, es el resultado de estas circunstancias\u201d, agreg\u00f3 el cineasta. Por ejemplo, la importancia de los colores en su cine se debe tambi\u00e9n a su ausencia en la \u201c\u00e1rida y severa\u201d Castilla-La Mancha donde naci\u00f3. Almod\u00f3var dijo que no vio el rojo durante su infancia, mientras que el negro del duelo vest\u00eda a menudo a las mujeres de su casa.<\/p>\n<p>Narrar la Espa\u00f1a diversa<br \/>\nEl director volvi\u00f3 tambi\u00e9n a referirse a Entre tinieblas, ya que marc\u00f3 otra divisoria en su carrera: \u201cHab\u00eda hecho dos pel\u00edculas de presupuesto cero [Pepi , Luci, Bom y otras chicas del mont\u00f3n y Laberinto de pasiones] y solo desde la tercera, al tener m\u00e1s medios, empec\u00e9 a ser consciente del lenguaje cinematogr\u00e1fico. Y me enamor\u00e9\u201d. A trav\u00e9s de \u00e9l, entonces, se dispuso a narrar la Espa\u00f1a diversa que el franquismo hab\u00eda obligado a ocultarse.<\/p>\n<p>\u201cLo m\u00e1s importante que ocurri\u00f3 en la Movida y en el pueblo espa\u00f1ol era haber perdido el miedo, y la libertad extraordinaria de la que goz\u00e1bamos. Con el poder que me daba ser director, impuse en mi cine la variedad que hab\u00eda en la vida. Mis grandes nutrientes eran la calle y la noche madrile\u00f1a\u201d, consider\u00f3 Almod\u00f3var. As\u00ed, cuando Mujeres al borde de un ataque de nervios lleg\u00f3 al Lido, sus actrices invadieron La Mostra con una \u201cfiesta y una imagen de Espa\u00f1a ultramoderna\u201d de las que el cineasta todav\u00eda se enorgullece.<\/p>\n<p>La siguiente pregunta estaba en bandeja. \u00bfHab\u00eda m\u00e1s modernidad en los viejos tiempos? \u201cHay una Espa\u00f1a contempor\u00e1nea que tiene de todo, incluso un partido de extrema derecha cuya representaci\u00f3n tampoco debemos exagerar. Ocurre ahora, en Italia o Francia sucedi\u00f3 antes\u201d. El director cree que \u00e9l tambi\u00e9n ha cambiado, como muestra su pelo blanco, o el traje que llevaba. Sale menos, ni tampoco acude tanto a esos lugares y personajes exc\u00e9ntricos que su cine encumbr\u00f3. \u201cPero a veces me encuentro a esa Espa\u00f1a\u201d, agreg\u00f3 el director. Todo un alivio: por lo menos, as\u00ed, sabe que sigue viva.<\/p>\n","protected":false},"excerpt":{"rendered":"<p>El Pa\u00eds La madre superiora era heroin\u00f3mana. Sor Esti\u00e9rcol adoraba el LSD y se autolesionaba. Una monja cuidaba de un tigre y otra dise\u00f1aba atrevidos modelos de costura. Gian Luigi Rondi, cr\u00edtico de cine con simpat\u00edas hacia la Democracia Cristiana, no daba cr\u00e9dito. \u201cLa pel\u00edcula le parec\u00eda obscena\u201d, confiesa Pedro Almod\u00f3var. De ah\u00ed, que el [&hellip;]<\/p>\n","protected":false},"author":249,"featured_media":13565,"comment_status":"open","ping_status":"closed","sticky":false,"template":"","format":"standard","meta":{"footnotes":""},"categories":[26],"tags":[],"class_list":["post-13564","post","type-post","status-publish","format-standard","has-post-thumbnail","hentry","category-mundo"],"_links":{"self":[{"href":"https:\/\/eloficiodehistoriar.com.mx\/index.php?rest_route=\/wp\/v2\/posts\/13564","targetHints":{"allow":["GET"]}}],"collection":[{"href":"https:\/\/eloficiodehistoriar.com.mx\/index.php?rest_route=\/wp\/v2\/posts"}],"about":[{"href":"https:\/\/eloficiodehistoriar.com.mx\/index.php?rest_route=\/wp\/v2\/types\/post"}],"author":[{"embeddable":true,"href":"https:\/\/eloficiodehistoriar.com.mx\/index.php?rest_route=\/wp\/v2\/users\/249"}],"replies":[{"embeddable":true,"href":"https:\/\/eloficiodehistoriar.com.mx\/index.php?rest_route=%2Fwp%2Fv2%2Fcomments&post=13564"}],"version-history":[{"count":1,"href":"https:\/\/eloficiodehistoriar.com.mx\/index.php?rest_route=\/wp\/v2\/posts\/13564\/revisions"}],"predecessor-version":[{"id":13566,"href":"https:\/\/eloficiodehistoriar.com.mx\/index.php?rest_route=\/wp\/v2\/posts\/13564\/revisions\/13566"}],"wp:featuredmedia":[{"embeddable":true,"href":"https:\/\/eloficiodehistoriar.com.mx\/index.php?rest_route=\/wp\/v2\/media\/13565"}],"wp:attachment":[{"href":"https:\/\/eloficiodehistoriar.com.mx\/index.php?rest_route=%2Fwp%2Fv2%2Fmedia&parent=13564"}],"wp:term":[{"taxonomy":"category","embeddable":true,"href":"https:\/\/eloficiodehistoriar.com.mx\/index.php?rest_route=%2Fwp%2Fv2%2Fcategories&post=13564"},{"taxonomy":"post_tag","embeddable":true,"href":"https:\/\/eloficiodehistoriar.com.mx\/index.php?rest_route=%2Fwp%2Fv2%2Ftags&post=13564"}],"curies":[{"name":"wp","href":"https:\/\/api.w.org\/{rel}","templated":true}]}}