{"id":13573,"date":"2019-08-31T16:28:20","date_gmt":"2019-08-31T22:28:20","guid":{"rendered":"https:\/\/eloficiodehistoriar.com.mx\/?p=13573"},"modified":"2019-08-31T16:28:20","modified_gmt":"2019-08-31T22:28:20","slug":"imaginatta-la-revista","status":"publish","type":"post","link":"https:\/\/eloficiodehistoriar.com.mx\/?p=13573","title":{"rendered":"Imaginatta , la revista"},"content":{"rendered":"<p>&nbsp;<\/p>\n<p>CIUDAD DE M\u00c9XICO<\/p>\n<p>(apro).<\/p>\n<p>&nbsp;<\/p>\n<p>La revista imaginatta, un proyecto que naci\u00f3 entre estudiantes del Colegio de Ciencias y Humanidades en 2013, presentar\u00e1 su nuevo n\u00famero en la Terraza del Centro de Exposiciones y Congresos de la Universidad Nacional Aut\u00f3noma de M\u00e9xico (UNAM).<\/p>\n<p>En el marco de la III Feria Internacional del Libro de los Universitarios, que este a\u00f1o tiene como invitada de honor a la Universidad de Buenos Aires, presentar\u00e1 su onceava edici\u00f3n, con la tem\u00e1tica \u201cLeer y Escribir\u201d.<\/p>\n<p>En entrevista con apro, la directora de la publicaci\u00f3n, Ana Pay\u00e1n, maestra de an\u00e1lisis literario y periodismo cultural, coment\u00f3 que llevan cinco a\u00f1os editando la revista, en la que participaron en primera instancia estudiantes del CCH-Sur, de las facultades de Filosof\u00eda y Letras y de Artes Pl\u00e1sticas de la UNAM, as\u00ed como de la licenciatura en Literatura y Creaci\u00f3n Literaria del Centro Cultural Casa Lamm.<\/p>\n<p>\u201cLa revista ha tratado temas diferentes a los t\u00edpicos de revistas para adolescentes, que son escritas por adultos\u201d, indic\u00f3, luego de lo cual a\u00f1adi\u00f3 que el proyecto, que ya forma parte de la UNAM, sigue involucrando a los fundadores, quienes ahora estudian a nivel superior, si bien siguen pendientes de que imaginatta siga apareciendo.<\/p>\n<p>La revista est\u00e1 editada en papel, pero tambi\u00e9n puede ser consultada en el sitio https:\/\/www.cch.unam.mx\/imaginatta, cuyo servidor fue otorgado por el rector de la UNAM, Enrique Graue Wiechers.<\/p>\n<p>Pay\u00e1n reconoci\u00f3 la motivaci\u00f3n de los estudiantes por impulsar este proyecto, que ha resultado un ejercicio period\u00edstico distinto a lo tradicional, pues ellos \u2013dijo\u2013 forman parte de su consejo editorial, corrigen los textos e incluso aportan sus ideas para enriquecerlos.<\/p>\n<p>Sus trabajos buscan fomentar la libertad de expresi\u00f3n y no tienen una extensi\u00f3n definida; adem\u00e1s, puede participar cualquier estudiante, e incluso existe una secci\u00f3n donde los autores son ni\u00f1os, \u201cni\u00f1\u00edsimos\u201d.<\/p>\n<p>El nombre de la publicaci\u00f3n es del poeta cubano Iv\u00e1n Portella, profesor de Casa Lamm. Surgi\u00f3 en un viaje etimol\u00f3gico por la palabra \u201cimaginaci\u00f3n\u201d, desde el origen latino \u201cimago\u201d, en el siglo III, hasta el movimiento del imaginismo liderado por el poeta estadunidense Ezra Pound en 1926.<\/p>\n<p>As\u00ed brota imaginata, pero al ponerle doble \u201ct\u201d el vocablo se volvi\u00f3 una palabra \u00fanica, nueva, inventada, que no exist\u00eda en espa\u00f1ol. (Proceso, 1932).<\/p>\n<p>Las tem\u00e1ticas, en estas 11 ediciones, discuten y tratan temas de \u00edndole period\u00edstico, como la nota informativa, el art\u00edculo, la entrevista, la rese\u00f1a, la encuesta, los espacios alternativos, el ensayo, el reportaje, mediante t\u00e9cnicas de escuelas activas bajo la pedagog\u00eda de Paulo Freire. (Proceso, 2040).<\/p>\n<p>Pay\u00e1n coment\u00f3 que entre lo m\u00e1s interesante del proyecto es que no todos los miembros del consejo editorial estudian letras o periodismo: hay alumnos de medicina, leyes, econom\u00eda, etc., lo cual ha permitido brindar m\u00e1s variedad a los temas que escriben desde su experiencia como ni\u00f1os y como adolescentes.<\/p>\n","protected":false},"excerpt":{"rendered":"<p>&nbsp; CIUDAD DE M\u00c9XICO (apro). &nbsp; La revista imaginatta, un proyecto que naci\u00f3 entre estudiantes del Colegio de Ciencias y Humanidades en 2013, presentar\u00e1 su nuevo n\u00famero en la Terraza del Centro de Exposiciones y Congresos de la Universidad Nacional Aut\u00f3noma de M\u00e9xico (UNAM). En el marco de la III Feria Internacional del Libro de [&hellip;]<\/p>\n","protected":false},"author":249,"featured_media":13574,"comment_status":"open","ping_status":"closed","sticky":false,"template":"","format":"standard","meta":{"footnotes":""},"categories":[26],"tags":[],"class_list":["post-13573","post","type-post","status-publish","format-standard","has-post-thumbnail","hentry","category-mundo"],"_links":{"self":[{"href":"https:\/\/eloficiodehistoriar.com.mx\/index.php?rest_route=\/wp\/v2\/posts\/13573","targetHints":{"allow":["GET"]}}],"collection":[{"href":"https:\/\/eloficiodehistoriar.com.mx\/index.php?rest_route=\/wp\/v2\/posts"}],"about":[{"href":"https:\/\/eloficiodehistoriar.com.mx\/index.php?rest_route=\/wp\/v2\/types\/post"}],"author":[{"embeddable":true,"href":"https:\/\/eloficiodehistoriar.com.mx\/index.php?rest_route=\/wp\/v2\/users\/249"}],"replies":[{"embeddable":true,"href":"https:\/\/eloficiodehistoriar.com.mx\/index.php?rest_route=%2Fwp%2Fv2%2Fcomments&post=13573"}],"version-history":[{"count":1,"href":"https:\/\/eloficiodehistoriar.com.mx\/index.php?rest_route=\/wp\/v2\/posts\/13573\/revisions"}],"predecessor-version":[{"id":13575,"href":"https:\/\/eloficiodehistoriar.com.mx\/index.php?rest_route=\/wp\/v2\/posts\/13573\/revisions\/13575"}],"wp:featuredmedia":[{"embeddable":true,"href":"https:\/\/eloficiodehistoriar.com.mx\/index.php?rest_route=\/wp\/v2\/media\/13574"}],"wp:attachment":[{"href":"https:\/\/eloficiodehistoriar.com.mx\/index.php?rest_route=%2Fwp%2Fv2%2Fmedia&parent=13573"}],"wp:term":[{"taxonomy":"category","embeddable":true,"href":"https:\/\/eloficiodehistoriar.com.mx\/index.php?rest_route=%2Fwp%2Fv2%2Fcategories&post=13573"},{"taxonomy":"post_tag","embeddable":true,"href":"https:\/\/eloficiodehistoriar.com.mx\/index.php?rest_route=%2Fwp%2Fv2%2Ftags&post=13573"}],"curies":[{"name":"wp","href":"https:\/\/api.w.org\/{rel}","templated":true}]}}