{"id":13576,"date":"2019-08-31T16:40:08","date_gmt":"2019-08-31T22:40:08","guid":{"rendered":"https:\/\/eloficiodehistoriar.com.mx\/?p=13576"},"modified":"2019-08-31T16:40:08","modified_gmt":"2019-08-31T22:40:08","slug":"circo-performance-y-danza","status":"publish","type":"post","link":"https:\/\/eloficiodehistoriar.com.mx\/?p=13576","title":{"rendered":"Circo, performance y danza"},"content":{"rendered":"<p>&nbsp;<\/p>\n<p>CIUDAD DE M\u00c9XICO<\/p>\n<p>Proceso<\/p>\n<p>&nbsp;<\/p>\n<p>Una extensa y diversa programaci\u00f3n se llev\u00f3 a cabo del 8 al 18 de agosto en la Ciudad de M\u00e9xico: circo, danza, instalaci\u00f3n, performance, teatro, teatro de objetos, de t\u00edteres y de calle.<\/p>\n<p>Dentro de las artes circenses, la compa\u00f1\u00eda Mermejita Circus, de Oaxaca, present\u00f3 su espect\u00e1culo El C\u00edrculo en la Karpa Demente del barrio de Fuentes Brotantes en Tlalpan. Con la coreograf\u00eda de Mar\u00eda Noel Rosas, sus integrantes realizaron actos con aro, trapecio, m\u00e1stil pendular, suspensi\u00f3n capilar, rueda cyr, danza y verticales. El cambio clim\u00e1tico lo visualizaron como un mont\u00f3n de basura, basura en el vestuario y en los objetos de malabares para contrastarlo con una tinaja llena de cubos de hielo y la tierra que cae de las manos para formar un c\u00edrculo.<\/p>\n<p>Colombia y Suiza presentaron dos trabajos equidistantes: la danza c\u00e1lida y cachonda de Cortocinesis y la propuesta precisa y t\u00e9cnicamente impecable de la Compa\u00f1\u00eda Alias.<\/p>\n<p>La mesa, de Cortocinesis, investiga, a trav\u00e9s de m\u00faltiples movimientos dentro de la danza contempor\u00e1nea, la proximidad y la distancia, el fluir y el detenerse. A media luz y con una mesa rectangular como centro de acci\u00f3n, m\u00e1s de diez bailarines se desplazan, saltan, se acumulan, se besan y bailan como una marea de seres que el vaiv\u00e9n de la energ\u00eda los une y los separa, los impacta contra una puerta mesa o los hace vivir lenta o aceleradamente en constante contacto.<\/p>\n<p>En Normal, de la compa\u00f1\u00eda Alias, no hay contacto, hay individualidad y desde la individualidad se forma el colectivo, un colectivo que realiza al un\u00edsono una ca\u00edda sin fin que gira lentamente, cambiando de orientaci\u00f3n. Siete j\u00f3venes bailarines caen una y otra vez; caen a la perfecci\u00f3n y se levantan para retomar el movimiento. Apenas un gesto, apenas una sonrisa o una boca abierta, en medio del acto estricto del caer. La obra representa a individuos atrapados en el ciclo perpetuo del acontecer, como una alegor\u00eda de la vida en constante movimiento<\/p>\n<p>Lola Arias, de Argentina, y Mariana Garc\u00eda Franco, de M\u00e9xico, presentaron dos piezas esc\u00e9nicas distintas en sus conceptualizaciones. Marionetas de la esquina, con t\u00edteres y m\u00e1scaras, les cont\u00f3 a los ni\u00f1os pedacitos de la vida de Emiliano Zapata.<\/p>\n<p>Notas para construir un paisaje es un unipersonal donde Mariana Garc\u00eda Franco recoge testimonios de migrantes que se subieron a la Bestia y parte de su propia experiencia para detener, por un instante, el caminar sin fin de los viajeros. Im\u00e1genes y objetos, videos y peque\u00f1as acciones para hacer apuntes y escribir en el cuerpo de la memoria.<\/p>\n<p>Campo minado, de Lola Arias, es una propuesta rebosante de recursos esc\u00e9nicos, a trav\u00e9s de los cuales los veteranos de la guerra de las Malvinas, tanto ingleses como argentinos, cuentan distintos acontecimientos alrededor de ella y lo que les qued\u00f3. Convocados y seleccionados por la creadora se entrenaron como actores y comparten el escenario viniendo de trincheras opuestas. Es una obra documental y emotiva donde se entremezclan las vivencias de aquellos tiempos con las del proceso de ensayos.<\/p>\n<p>En el Festival Esc\u00e9nica, convocado por el gobierno de la CDMX, se organizaron talleres, conferencias y espect\u00e1culos en m\u00e1s de veinte sedes, con entrada gratuita y en distintos puntos de la ciudad, propiciando la descentralizaci\u00f3n. Una fiesta que hac\u00eda tiempo no se ve\u00eda en la ciudad y que es tan necesaria para rebasar las fronteras creativas y ponernos en contacto con imaginarios esc\u00e9nicos internacionales que, a trav\u00e9s del arte, nos invitan al disfrute y la reflexi\u00f3n.<\/p>\n<p>Este texto se public\u00f3 el 25 de agosto de 2019 en la edici\u00f3n 2234 de la revista Proceso<\/p>\n","protected":false},"excerpt":{"rendered":"<p>&nbsp; CIUDAD DE M\u00c9XICO Proceso &nbsp; Una extensa y diversa programaci\u00f3n se llev\u00f3 a cabo del 8 al 18 de agosto en la Ciudad de M\u00e9xico: circo, danza, instalaci\u00f3n, performance, teatro, teatro de objetos, de t\u00edteres y de calle. Dentro de las artes circenses, la compa\u00f1\u00eda Mermejita Circus, de Oaxaca, present\u00f3 su espect\u00e1culo El C\u00edrculo [&hellip;]<\/p>\n","protected":false},"author":249,"featured_media":13578,"comment_status":"open","ping_status":"closed","sticky":false,"template":"","format":"standard","meta":{"footnotes":""},"categories":[26],"tags":[],"class_list":["post-13576","post","type-post","status-publish","format-standard","has-post-thumbnail","hentry","category-mundo"],"_links":{"self":[{"href":"https:\/\/eloficiodehistoriar.com.mx\/index.php?rest_route=\/wp\/v2\/posts\/13576","targetHints":{"allow":["GET"]}}],"collection":[{"href":"https:\/\/eloficiodehistoriar.com.mx\/index.php?rest_route=\/wp\/v2\/posts"}],"about":[{"href":"https:\/\/eloficiodehistoriar.com.mx\/index.php?rest_route=\/wp\/v2\/types\/post"}],"author":[{"embeddable":true,"href":"https:\/\/eloficiodehistoriar.com.mx\/index.php?rest_route=\/wp\/v2\/users\/249"}],"replies":[{"embeddable":true,"href":"https:\/\/eloficiodehistoriar.com.mx\/index.php?rest_route=%2Fwp%2Fv2%2Fcomments&post=13576"}],"version-history":[{"count":1,"href":"https:\/\/eloficiodehistoriar.com.mx\/index.php?rest_route=\/wp\/v2\/posts\/13576\/revisions"}],"predecessor-version":[{"id":13579,"href":"https:\/\/eloficiodehistoriar.com.mx\/index.php?rest_route=\/wp\/v2\/posts\/13576\/revisions\/13579"}],"wp:featuredmedia":[{"embeddable":true,"href":"https:\/\/eloficiodehistoriar.com.mx\/index.php?rest_route=\/wp\/v2\/media\/13578"}],"wp:attachment":[{"href":"https:\/\/eloficiodehistoriar.com.mx\/index.php?rest_route=%2Fwp%2Fv2%2Fmedia&parent=13576"}],"wp:term":[{"taxonomy":"category","embeddable":true,"href":"https:\/\/eloficiodehistoriar.com.mx\/index.php?rest_route=%2Fwp%2Fv2%2Fcategories&post=13576"},{"taxonomy":"post_tag","embeddable":true,"href":"https:\/\/eloficiodehistoriar.com.mx\/index.php?rest_route=%2Fwp%2Fv2%2Ftags&post=13576"}],"curies":[{"name":"wp","href":"https:\/\/api.w.org\/{rel}","templated":true}]}}