{"id":13585,"date":"2019-09-01T11:55:59","date_gmt":"2019-09-01T17:55:59","guid":{"rendered":"https:\/\/eloficiodehistoriar.com.mx\/?p=13585"},"modified":"2019-09-01T11:55:59","modified_gmt":"2019-09-01T17:55:59","slug":"ema-la-pelicula-que-sorprende-en-venecia","status":"publish","type":"post","link":"https:\/\/eloficiodehistoriar.com.mx\/?p=13585","title":{"rendered":"\u00abEma\u00bb  La pel\u00edcula que sorprende en Venecia"},"content":{"rendered":"<p>&nbsp;<\/p>\n<p>Venecia.<\/p>\n<p>La Jornada<\/p>\n<p>El chileno Pablo Larra\u00edn, entre los cineastas m\u00e1s renombrados de Am\u00e9rica Latina, sorprendi\u00f3 ayer en el festival de Venecia, con Ema, filme que rompe tab\u00faes, con org\u00edas y reguet\u00f3n, aplaudido en su pase al p\u00fablico especializado.<\/p>\n<p>La pel\u00edcula, ambientada en la ciudad de Valpara\u00edso, relata la historia de Ema, una joven bailarina que roza la tragedia tras abandonar a su hijo adoptado, lo que la lleva a cuestionar su vida familiar y su matrimonio, en una suerte de viaje liberador.<\/p>\n<p>Es la historia de una nueva generaci\u00f3n contada por la generaci\u00f3n precedente, que naci\u00f3 en el siglo XX, resumi\u00f3 Larra\u00edn durante la conferencia de prensa de presentaci\u00f3n del filme en Venecia.<\/p>\n<p>Aplaudida generosamente en todos los pases, el filme sorprende por el ritmo de la m\u00fasica, las coreograf\u00edas, la ropa y el lenguaje cinematogr\u00e1fico, sobre todo por la libertad sexual de sus protagonistas y las escenas de amor entre mujeres.<\/p>\n<p>Fue un reto, reconoce el realizador, que compite en el festival internacional de cine de esta ciudad con otras 20 pel\u00edculas y participar\u00e1 luego en los cert\u00e1menes de San Sebasti\u00e1n y Toronto.<\/p>\n<p>Tuve que entender ese mundo de otra manera, no s\u00f3lo con la m\u00fasica, sino tambi\u00e9n con la \u00e9tica y la est\u00e9tica de esa generaci\u00f3n, asegur\u00f3, tras explicar que las canciones de reguet\u00f3n figuran entre las 10 m\u00e1s escuchadas en toda Am\u00e9rica Latina.<\/p>\n<p>No me gustaba ese ritmo, pero fue Nicol\u00e1s Jaar, autor de la banda sonora, me convenci\u00f3 y ahora me gusta, afirm\u00f3 tras explicar que con esa m\u00fasica se identifica una generaci\u00f3n entera de la regi\u00f3n que tiene una nueva visi\u00f3n del mundo, la familia y sus valores.<\/p>\n<p>Para mi generaci\u00f3n y para Ema es el baile de la liberaci\u00f3n, expres\u00f3 la joven actriz chilena Mariana di Girolamo, protagonista de la pel\u00edcula con el mexicano Gael Garc\u00eda Bernal, en el papel de marido y core\u00f3grafo 13 a\u00f1os mayor que ella.<\/p>\n<p>Larra\u00edn, quien ya ha logrado \u00e9xito internacional con largometrajes como No (2012), El Club (2015), Neruda(2016) y Jackie (2016), rueda por las calles de Valpara\u00edso para describir una generaci\u00f3n desinhibida, que no dejar\u00e1 indiferente a la sociedad chilena y que propone un nuevo modelo de familia.<\/p>\n<p>Esa es una nueva generaci\u00f3n, menos consumista, respeta m\u00e1s el medio ambiente, vive con poco, comenta el realizador que retrata a una mujer en llamas, decidida a moverse libremente por todo el mundo.<\/p>\n<p>Es atractiva, segura de ella, lanza llamas y sabe usar el lanzallamas, comenta Mariana, en alusi\u00f3n a los incendios que provoca la joven, la poderosa imagen con que arranca la cinta al prender fuego a un sem\u00e1foro, emblema de las reglas.<\/p>\n<p>A diferencia de otros largometrajes de Larra\u00edn, Ema no se inscribe en un periodo hist\u00f3rico, y resulta la representaci\u00f3n de una generaci\u00f3n sin trabajo fijo, en busca de sus propias respuestas, tras haber abandonado al hijo que hab\u00eda adoptado, uno de los tantos temas que aborda el filme.<\/p>\n<p>Me gusta eso de que estamos rompiendo tab\u00faes. Qu\u00e9 bonito, dice emocionado en una charla con Afp, Gael Garc\u00eda Bernal, quien personifica de alguna manera las certezas de un reciente pasado que se desmorona.<\/p>\n<p>Mientras el personaje del filme Tony Manero (2008) evoca el Chile de la dictadura de Augusto Pinochet y en Post Mortem (2010) los d\u00edas despu\u00e9s del golpe militar Golpe militar y en No(2012) el plebiscito contra el r\u00e9gimen, en esta cinta Larra\u00edn habla de familia, sexualidad y amor tradicional.<\/p>\n<p>Todo est\u00e1 mutando hacia una direcci\u00f3n interesante y compleja al mismo tiempo. Nuestra pel\u00edcula da cuenta de eso. Quiere dejar una huella de lo que ocurre en nuestro tiempo, sostiene Larra\u00edn, quien cont\u00f3 con su habitual director de fotograf\u00eda, Sergio Armstrong, y opt\u00f3 por no revelar el guion a los actores.<\/p>\n<p>Me gustaba la idea de que no supieran para d\u00f3nde iban, asegura, generando as\u00ed el mismo clima incierto y de expectativa que prevalece en toda la cinta.<\/p>\n","protected":false},"excerpt":{"rendered":"<p>&nbsp; Venecia. La Jornada El chileno Pablo Larra\u00edn, entre los cineastas m\u00e1s renombrados de Am\u00e9rica Latina, sorprendi\u00f3 ayer en el festival de Venecia, con Ema, filme que rompe tab\u00faes, con org\u00edas y reguet\u00f3n, aplaudido en su pase al p\u00fablico especializado. La pel\u00edcula, ambientada en la ciudad de Valpara\u00edso, relata la historia de Ema, una joven [&hellip;]<\/p>\n","protected":false},"author":249,"featured_media":13586,"comment_status":"open","ping_status":"closed","sticky":false,"template":"","format":"standard","meta":{"footnotes":""},"categories":[26],"tags":[],"class_list":["post-13585","post","type-post","status-publish","format-standard","has-post-thumbnail","hentry","category-mundo"],"_links":{"self":[{"href":"https:\/\/eloficiodehistoriar.com.mx\/index.php?rest_route=\/wp\/v2\/posts\/13585","targetHints":{"allow":["GET"]}}],"collection":[{"href":"https:\/\/eloficiodehistoriar.com.mx\/index.php?rest_route=\/wp\/v2\/posts"}],"about":[{"href":"https:\/\/eloficiodehistoriar.com.mx\/index.php?rest_route=\/wp\/v2\/types\/post"}],"author":[{"embeddable":true,"href":"https:\/\/eloficiodehistoriar.com.mx\/index.php?rest_route=\/wp\/v2\/users\/249"}],"replies":[{"embeddable":true,"href":"https:\/\/eloficiodehistoriar.com.mx\/index.php?rest_route=%2Fwp%2Fv2%2Fcomments&post=13585"}],"version-history":[{"count":1,"href":"https:\/\/eloficiodehistoriar.com.mx\/index.php?rest_route=\/wp\/v2\/posts\/13585\/revisions"}],"predecessor-version":[{"id":13587,"href":"https:\/\/eloficiodehistoriar.com.mx\/index.php?rest_route=\/wp\/v2\/posts\/13585\/revisions\/13587"}],"wp:featuredmedia":[{"embeddable":true,"href":"https:\/\/eloficiodehistoriar.com.mx\/index.php?rest_route=\/wp\/v2\/media\/13586"}],"wp:attachment":[{"href":"https:\/\/eloficiodehistoriar.com.mx\/index.php?rest_route=%2Fwp%2Fv2%2Fmedia&parent=13585"}],"wp:term":[{"taxonomy":"category","embeddable":true,"href":"https:\/\/eloficiodehistoriar.com.mx\/index.php?rest_route=%2Fwp%2Fv2%2Fcategories&post=13585"},{"taxonomy":"post_tag","embeddable":true,"href":"https:\/\/eloficiodehistoriar.com.mx\/index.php?rest_route=%2Fwp%2Fv2%2Ftags&post=13585"}],"curies":[{"name":"wp","href":"https:\/\/api.w.org\/{rel}","templated":true}]}}