{"id":136,"date":"2008-05-26T22:03:19","date_gmt":"2008-05-27T03:03:19","guid":{"rendered":"https:\/\/eloficiodehistoriar.com.mx\/?p=136"},"modified":"2008-05-26T22:03:19","modified_gmt":"2008-05-27T03:03:19","slug":"oaxaca-bosque-de-guaje-parte-2","status":"publish","type":"post","link":"https:\/\/eloficiodehistoriar.com.mx\/?p=136","title":{"rendered":"Oaxaca: Bosque de Guaje (Parte 2)"},"content":{"rendered":"<p class=\"MsoNormal\" style=\"text-align: justify\"><strong><span style=\"font-family: Arial; color: black\">Plazas y Jardines<o:p><\/o:p><\/span><\/strong><\/p>\n<p class=\"MsoNormal\" style=\"text-align: justify\"><strong><span style=\"font-family: Arial; color: black\">Plaza del Carmen Alto,<\/span><\/strong><span style=\"font-family: Arial; color: black\"> se encuentra ubicada a un costado del<span>\u00a0 <\/span>Carmen Alto, formando parte del conjunto religioso y del lugar donde el Oaxaca prehisp\u00e1nico celebraba su ritualidad a\u00fan conservada, como <st1:personname productid=\"La Fiesta\" w:st=\"on\">La Fiesta<\/st1:personname> de los Se\u00f1ores, El Lunes del Cerro o la fiesta de <st1:personname productid=\"la Virgen\" w:st=\"on\">la  Virgen<\/st1:personname> del Carmen y \u00faltimamente como <st1:personname productid=\"La Guelaguetza\" w:st=\"on\">La Guelaguetza<\/st1:personname> <o:p><\/o:p><\/span><\/p>\n<p class=\"MsoNormal\" style=\"text-align: justify\"><strong><span style=\"font-family: Arial; color: black\">Plaza de <st1:personname productid=\"la Danza\" w:st=\"on\">la Danza<\/st1:personname><\/span><\/strong><span style=\"font-family: Arial; color: black\"> al pie del cerro Del Fort\u00edn llamada antes de <st1:personname productid=\"La Soledad\" w:st=\"on\">la Soledad<\/st1:personname> o del Calvario. Forma parte de la extensi\u00f3n del templo de <st1:personname productid=\"La Soledad\" w:st=\"on\">la Soledad<\/st1:personname>, de San Jos\u00e9 y sus conventos, dentro de un conjunto arquitect\u00f3nico monumental. <o:p><\/o:p><\/span><\/p>\n<p class=\"MsoNormal\" style=\"text-align: justify\"><st1:personname productid=\"La Plaza\" w:st=\"on\"><span style=\"font-family: Arial; color: black\">La Plaza<\/span><\/st1:personname><span style=\"font-family: Arial; color: black\"> de <st1:personname productid=\"la Danza\" w:st=\"on\">la Danza<\/st1:personname>, como tal fue construida en 1959 para la educaci\u00f3n est\u00e9tica y para el esparcimiento del pueblo, por<span>\u00a0 <\/span>Eduardo Vasconcelos. Es totalmente de piedra de cantera, aprovech\u00e1ndose la pendiente natural del terreno para hacer el grader\u00edo, ya que se encuentra al pi\u00e9 del cerro del Fort\u00edn.<o:p><\/o:p><\/span><\/p>\n<p class=\"MsoNormal\" style=\"text-align: justify\"><span style=\"font-family: Arial; color: black\">En este lugar se celebra el tradicional Bani-Stui-Gulal, traducido como la representaci\u00f3n de la antig\u00fcedad, un d\u00eda antes de la fiesta de los lunes del cerro, o de Los Se\u00f1ores o de <st1:personname productid=\"la Virgen\" w:st=\"on\">la Virgen<\/st1:personname> del Carmen o de <st1:personname productid=\"la Guelaguetza.\" w:st=\"on\">La  Guelaguetza.<\/st1:personname><o:p><\/o:p><\/span><\/p>\n<p class=\"MsoNormal\" style=\"text-align: justify\"><strong><span style=\"font-family: Arial; color: black\">\u201cLas Nieves Oaxaque\u00f1as <\/span><\/strong><span style=\"font-family: Arial; color: black\">ahora ubicadas<strong> en<\/strong> <st1:personname productid=\"La Plaza\" w:st=\"on\"><strong>La  Plaza<\/strong><\/st1:personname><strong> de <st1:personname productid=\"La Soledad\" w:st=\"on\">la  Soledad<\/st1:personname><\/strong>, en la parte conocida como o<strong> Jard\u00edn S\u00f3crates,<\/strong><\/span><span style=\"font-family: Arial; color: black\"> fue convertida en Plaza P\u00fablica a partir de 1781. <o:p><\/o:p><\/span><\/p>\n<p class=\"MsoNormal\" style=\"text-align: justify\"><span style=\"font-family: Arial; color: black\">Su \u00faltima remodelaci\u00f3n se realiz\u00f3 en 1981, desde entonces se puede disfrutar en este lugar de las ricas nieves oaxaque\u00f1as de tuna, sorbete, leche quemada y muchos m\u00e1s sabores. <o:p><\/o:p><\/span><\/p>\n<p class=\"MsoNormal\" style=\"text-align: justify\"><span style=\"font-family: Arial; color: black\"><span>\u00a0<\/span>Es tambi\u00e9n escenario la parte del conjunto llamado <st1:personname productid=\"La Plaza\" w:st=\"on\"><strong>La Plaza<\/strong><\/st1:personname><strong> de <st1:personname productid=\"la Danza\" w:st=\"on\">la Danza<\/st1:personname><\/strong>, para otros eventos culturales y de presentaciones de artistas, orquestas internacionales y eventos pol\u00edticos. <o:p><\/o:p><\/span><\/p>\n<p class=\"MsoNormal\" style=\"text-align: justify\"><strong><span style=\"font-family: Arial; color: black\">El Z\u00f3calo, Plaza de Armas o Plaza de <st1:personname productid=\"la Constituci?n\" w:st=\"on\">la  Constituci\u00f3n<\/st1:personname>, <\/span><\/strong><span style=\"font-family: Arial; color: black\">existe desde 1529 y fue trazada por Juan Pel\u00e1ez de Berrio.<o:p><\/o:p><\/span><\/p>\n<p class=\"MsoNormal\" style=\"text-align: justify\"><span style=\"font-family: Arial; color: black\">Banda de m\u00fasica, marimba, ardillas y gardenias, entre nogales y fuentes.<o:p><\/o:p><\/span><\/p>\n<p class=\"MsoNormal\" style=\"text-align: justify\"><span style=\"font-family: Arial; color: black\">Rodeado de: Los portales, El Palacio, <st1:personname productid=\"la Catedral\" w:st=\"on\">La  Catedral<\/st1:personname> y <st1:personname productid=\"la Alameda\" w:st=\"on\">la  Alameda<\/st1:personname><o:p><\/o:p><\/span><\/p>\n<p class=\"MsoNormal\" style=\"text-align: justify\"><span style=\"font-family: Arial; color: black\">Durante los siglos XVl, XVll y XVlll, la plaza no tuvo empedrado ni banquetas, solo la fuente de m\u00e1rmol que se coloc\u00f3 en 1739. Esta se quit\u00f3 m\u00e1s tarde para dar lugar a un primer kiosco en 1857. <o:p><\/o:p><\/span><\/p>\n<p class=\"MsoNormal\" style=\"text-align: justify\"><span style=\"font-family: Arial; color: black\">En el a\u00f1o de 1881, se acord\u00f3 una nueva compostura y ornamentaci\u00f3n. <o:p><\/o:p><\/span><\/p>\n<p class=\"MsoNormal\" style=\"text-align: justify\"><span style=\"font-family: Arial; color: black\">\u00a0<\/span><span style=\"font-family: Arial; color: black\"> <st1:personname><\/st1:personname><\/span><\/p>\n","protected":false},"excerpt":{"rendered":"<p>Plazas y Jardines Plaza del Carmen Alto, se encuentra ubicada a un costado del\u00a0 Carmen Alto, formando parte del conjunto religioso y del lugar donde el Oaxaca prehisp\u00e1nico celebraba su ritualidad a\u00fan conservada, como La Fiesta de los Se\u00f1ores, El Lunes del Cerro o la fiesta de la Virgen del Carmen y \u00faltimamente como La [&hellip;]<\/p>\n","protected":false},"author":249,"featured_media":0,"comment_status":"open","ping_status":"closed","sticky":false,"template":"","format":"standard","meta":{"footnotes":""},"categories":[26],"tags":[],"class_list":["post-136","post","type-post","status-publish","format-standard","hentry","category-mundo"],"_links":{"self":[{"href":"https:\/\/eloficiodehistoriar.com.mx\/index.php?rest_route=\/wp\/v2\/posts\/136","targetHints":{"allow":["GET"]}}],"collection":[{"href":"https:\/\/eloficiodehistoriar.com.mx\/index.php?rest_route=\/wp\/v2\/posts"}],"about":[{"href":"https:\/\/eloficiodehistoriar.com.mx\/index.php?rest_route=\/wp\/v2\/types\/post"}],"author":[{"embeddable":true,"href":"https:\/\/eloficiodehistoriar.com.mx\/index.php?rest_route=\/wp\/v2\/users\/249"}],"replies":[{"embeddable":true,"href":"https:\/\/eloficiodehistoriar.com.mx\/index.php?rest_route=%2Fwp%2Fv2%2Fcomments&post=136"}],"version-history":[{"count":0,"href":"https:\/\/eloficiodehistoriar.com.mx\/index.php?rest_route=\/wp\/v2\/posts\/136\/revisions"}],"wp:attachment":[{"href":"https:\/\/eloficiodehistoriar.com.mx\/index.php?rest_route=%2Fwp%2Fv2%2Fmedia&parent=136"}],"wp:term":[{"taxonomy":"category","embeddable":true,"href":"https:\/\/eloficiodehistoriar.com.mx\/index.php?rest_route=%2Fwp%2Fv2%2Fcategories&post=136"},{"taxonomy":"post_tag","embeddable":true,"href":"https:\/\/eloficiodehistoriar.com.mx\/index.php?rest_route=%2Fwp%2Fv2%2Ftags&post=136"}],"curies":[{"name":"wp","href":"https:\/\/api.w.org\/{rel}","templated":true}]}}