{"id":13603,"date":"2019-09-03T10:17:04","date_gmt":"2019-09-03T16:17:04","guid":{"rendered":"https:\/\/eloficiodehistoriar.com.mx\/?p=13603"},"modified":"2019-09-03T10:17:04","modified_gmt":"2019-09-03T16:17:04","slug":"eugenia-leon-por-acabar-con-la-cultura-patriarcal","status":"publish","type":"post","link":"https:\/\/eloficiodehistoriar.com.mx\/?p=13603","title":{"rendered":"Eugenia Le\u00f3n por acabar con la cultura patriarcal"},"content":{"rendered":"<p>La Jornada<\/p>\n<p>Eugenia Le\u00f3n sabe que la vida es dif\u00edcil, pero su optimismo crece cuando se refiere a su pasi\u00f3n por la m\u00fasica, al futuro de M\u00e9xico y a la lucha de las mujeres. A esta edad no puedo darme el lujo de pasarla mal, sino asumir todo con una actitud de gozo, asegur\u00f3.<br \/>\nLa int\u00e9rprete, de 63 a\u00f1os de edad, en charla con La Jornada destac\u00f3 su emoci\u00f3n por el concierto A los cuatro vientos (tambi\u00e9n nombre de su nuevo disco), \u00edntimo y muy mexicano, que ofrecer\u00e1 el s\u00e1bado en el Palacio de Bellas Artes.<\/p>\n<p>En el recinto de m\u00e1rmol, Le\u00f3n realizar\u00e1 un recorrido por distintas \u00e9pocas y g\u00e9neros de la m\u00fasica mexicana: mariachi, banda sinaloense, norte\u00f1o, bolero y la marimba de los Nandayapa ser\u00e1n sus acompa\u00f1antes en una noche en la que habr\u00e1 temas que son como himnos, los cuales la gente identifica muy bien y quiere escuchar.<\/p>\n<p>Ahora, afirm\u00f3, no habr\u00e1 fandango, pero s\u00ed una l\u00ednea narrativa que tambi\u00e9n posee el nuevo disco: la pena de amor, porque es indiscutible que a todos los seres humanos alguna vez nos han roto el coraz\u00f3n.<\/p>\n<p>Enseguida, enton\u00f3 un fragmento de un tema de Marcial Alejandro: Qu\u00e9 me lleve la tristeza, antes que sentir rencor, qu\u00e9 el rencor no me oscurezca el recuerdo de tu amor. Soportable es el dolor, paso a paso, trago a trago, pero no ver\u00e9 en el fango la nobleza de una flor.<\/p>\n<p>Sentimientos fuertes<\/p>\n<p>Explic\u00f3: \u201csentimientos como el dolor de no ser correspondido, de amar y de que se rompa la relaci\u00f3n, o la muerte de un ser querido, que son fuertes, deben aleccionarnos y no verlos como destructivos para nuestra vida; es como alguien dijo: \u2018de amor nadie muere\u2019\u201d.<\/p>\n<p>Tambi\u00e9n quiero recuperar la idea de que aunque alguien est\u00e9 solo, no significa soledad, sino independencia, porque si tienes cosas que llenan tu vida o que t\u00fa te las das no se tendr\u00e1 esa sensaci\u00f3n de vac\u00edo.<\/p>\n<p>Sintetiz\u00f3: esto es lo que quiero: acompa\u00f1ar a todos los presentes y que cantemos a los cuatro vientos, como dice la canci\u00f3n de Tom\u00e1s M\u00e9ndez.<\/p>\n<p>Luego de una trayectoria de m\u00e1s de cuatro d\u00e9cadas, Eugenia Le\u00f3n asegur\u00f3: le debo todo a la m\u00fasica, porque me ha obligado a ser mejor persona, a saber las responsabilidades de mis actos, a perdonarme, a perdonar a los dem\u00e1s. Se trata de recuperarse, sacar lo que uno tiene, llorarlo, gritarlo y, si se quiere, hasta mentar madres.<\/p>\n<p>Despertar del g\u00e9nero femenino<\/p>\n<p>La cantante tampoco evita hablar sobre el despertar del g\u00e9nero femenino, as\u00ed como del cambio que est\u00e1 forjando la Cuarta Transformaci\u00f3n. Expres\u00f3: el movimiento de las mujeres a escala mundial est\u00e1 cada vez m\u00e1s vivo y presente, porque tenemos que tumbar la cultura patriarcal en la que hemos vivido sujetos, encadenados y evidenciar la forma en que los feminicidios se han viralizado.<\/p>\n<p>Esto ha sucedido por el terror y miedo que sienten algunos hombres de perder su estatus, de ser quien decide, manda o sujeta, el que castiga, el que no permite que nadie le robe esa idea de yo tengo el poder.<\/p>\n<p>Ahora, prosigui\u00f3, \u201cveo con emoci\u00f3n un cambio que pedimos y ganamos, porque siempre nos hab\u00edamos quedado con esa idea de votamos como nunca, pero perdimos, como siempre. En esta ocasi\u00f3n, le ganamos al fraude y los pobladores que quer\u00edamos un cambio pusimos un alto al decir: \u2018no m\u00e1s, hasta aqu\u00ed\u2019\u201d.<\/p>\n<p>Por eso no llamo a la desilusi\u00f3n, porque el trabajo se est\u00e1 realizando. Habr\u00e1 errores, seguramente, pero si cre\u00edan que despu\u00e9s de 90 a\u00f1os de estar sujetos a un sistema que se fue corrompiendo a niveles intolerables iba a cambiar r\u00e1pidamente, pues no, porque es el comienzo de una transformaci\u00f3n. No podemos dar un paso atr\u00e1s.<\/p>\n<p>Eugenia L\u00e9on entiende la preocupaci\u00f3n que ha manifestado un sector de la comunidad art\u00edstica en torno a los apoyos. Tambi\u00e9n se ha visto afectado mi trabajo, incluso por votar por el actual Presidente, pero esto no va ser todo el tiempo, no creo que sea una omisi\u00f3n o que no le importe la cultura al nuevo gobierno. Todo se tiene que reordenar.<\/p>\n<p>Un canto A los cuatro vientos marcar\u00e1 la segunda ocasi\u00f3n, en que como solista se presente Eugenia Le\u00f3n en el Palacio de Bellas Artes. A partir de las 19 horas, la int\u00e9rprete llevar\u00e1 su energ\u00eda a la Sala Principal, donde demostrar\u00e1 que es privilegiada porque sigo cantando.<\/p>\n","protected":false},"excerpt":{"rendered":"<p>La Jornada Eugenia Le\u00f3n sabe que la vida es dif\u00edcil, pero su optimismo crece cuando se refiere a su pasi\u00f3n por la m\u00fasica, al futuro de M\u00e9xico y a la lucha de las mujeres. A esta edad no puedo darme el lujo de pasarla mal, sino asumir todo con una actitud de gozo, asegur\u00f3. La [&hellip;]<\/p>\n","protected":false},"author":249,"featured_media":13605,"comment_status":"open","ping_status":"closed","sticky":false,"template":"","format":"standard","meta":{"footnotes":""},"categories":[26],"tags":[],"class_list":["post-13603","post","type-post","status-publish","format-standard","has-post-thumbnail","hentry","category-mundo"],"_links":{"self":[{"href":"https:\/\/eloficiodehistoriar.com.mx\/index.php?rest_route=\/wp\/v2\/posts\/13603","targetHints":{"allow":["GET"]}}],"collection":[{"href":"https:\/\/eloficiodehistoriar.com.mx\/index.php?rest_route=\/wp\/v2\/posts"}],"about":[{"href":"https:\/\/eloficiodehistoriar.com.mx\/index.php?rest_route=\/wp\/v2\/types\/post"}],"author":[{"embeddable":true,"href":"https:\/\/eloficiodehistoriar.com.mx\/index.php?rest_route=\/wp\/v2\/users\/249"}],"replies":[{"embeddable":true,"href":"https:\/\/eloficiodehistoriar.com.mx\/index.php?rest_route=%2Fwp%2Fv2%2Fcomments&post=13603"}],"version-history":[{"count":1,"href":"https:\/\/eloficiodehistoriar.com.mx\/index.php?rest_route=\/wp\/v2\/posts\/13603\/revisions"}],"predecessor-version":[{"id":13606,"href":"https:\/\/eloficiodehistoriar.com.mx\/index.php?rest_route=\/wp\/v2\/posts\/13603\/revisions\/13606"}],"wp:featuredmedia":[{"embeddable":true,"href":"https:\/\/eloficiodehistoriar.com.mx\/index.php?rest_route=\/wp\/v2\/media\/13605"}],"wp:attachment":[{"href":"https:\/\/eloficiodehistoriar.com.mx\/index.php?rest_route=%2Fwp%2Fv2%2Fmedia&parent=13603"}],"wp:term":[{"taxonomy":"category","embeddable":true,"href":"https:\/\/eloficiodehistoriar.com.mx\/index.php?rest_route=%2Fwp%2Fv2%2Fcategories&post=13603"},{"taxonomy":"post_tag","embeddable":true,"href":"https:\/\/eloficiodehistoriar.com.mx\/index.php?rest_route=%2Fwp%2Fv2%2Ftags&post=13603"}],"curies":[{"name":"wp","href":"https:\/\/api.w.org\/{rel}","templated":true}]}}