{"id":13610,"date":"2019-09-03T10:37:27","date_gmt":"2019-09-03T16:37:27","guid":{"rendered":"https:\/\/eloficiodehistoriar.com.mx\/?p=13610"},"modified":"2019-09-03T10:37:27","modified_gmt":"2019-09-03T16:37:27","slug":"curso-anual-para-capacitar-a-los-obispos-mexicanos","status":"publish","type":"post","link":"https:\/\/eloficiodehistoriar.com.mx\/?p=13610","title":{"rendered":"Curso anual para capacitar a los obispos mexicanos"},"content":{"rendered":"<p>Prensa de la CEM<\/p>\n<p>&nbsp;<\/p>\n<p>Del 2 al 7 de septiembre se llevar\u00e1 a cabo en la casa del Refugio en Monterrey, N.L la Semana de Formaci\u00f3n Permanente, que es un espacio de aprendizaje y retroalimentaci\u00f3n donde los obispos de la Rep\u00fablica mexicana se re\u00fanen para darle seguimiento y aplicaci\u00f3n a los objetivos que se trazan al inicio del Trienio.<\/p>\n<p>En esta ocasi\u00f3n el encuentro se centrar\u00e1 en la reflexi\u00f3n sobre la espiritualidad que brota del Proyecto Global de Pastoral 2031+2033, avanzando en la apropiaci\u00f3n de sus opciones y compromisos pastorales.<\/p>\n<p>Adem\u00e1s, con el firme empe\u00f1o y voluntad de los obispos en M\u00e9xico, se presentar\u00e1n las propuestas de actualizaci\u00f3n de las l\u00edneas gu\u00eda y de los protocolos de protecci\u00f3n de menores, buscando la erradicaci\u00f3n de este mal, especialmente, cometido por cl\u00e9rigos dentro de la Iglesia.<\/p>\n<p>Estos d\u00edas tambi\u00e9n servir\u00e1n para orar y reflexionar pastoralmente sobre la situaci\u00f3n actual que vive nuestro pa\u00eds, con sus muchas luces y sombras, para que la Iglesia pueda ofrecer su gu\u00eda y su palabra, y pueda actuar con sabidur\u00eda, en este momento crucial de nuestra historia.<\/p>\n<p>Pidamos por nuestros Pastores para que, por la intercesi\u00f3n de Santa Mar\u00eda de Guadalupe, su hijo Jesucristo ilumine estos trabajos y den frutos en abundancia.<\/p>\n","protected":false},"excerpt":{"rendered":"<p>Prensa de la CEM &nbsp; Del 2 al 7 de septiembre se llevar\u00e1 a cabo en la casa del Refugio en Monterrey, N.L la Semana de Formaci\u00f3n Permanente, que es un espacio de aprendizaje y retroalimentaci\u00f3n donde los obispos de la Rep\u00fablica mexicana se re\u00fanen para darle seguimiento y aplicaci\u00f3n a los objetivos que se [&hellip;]<\/p>\n","protected":false},"author":249,"featured_media":13611,"comment_status":"open","ping_status":"closed","sticky":false,"template":"","format":"standard","meta":{"footnotes":""},"categories":[26],"tags":[],"class_list":["post-13610","post","type-post","status-publish","format-standard","has-post-thumbnail","hentry","category-mundo"],"_links":{"self":[{"href":"https:\/\/eloficiodehistoriar.com.mx\/index.php?rest_route=\/wp\/v2\/posts\/13610","targetHints":{"allow":["GET"]}}],"collection":[{"href":"https:\/\/eloficiodehistoriar.com.mx\/index.php?rest_route=\/wp\/v2\/posts"}],"about":[{"href":"https:\/\/eloficiodehistoriar.com.mx\/index.php?rest_route=\/wp\/v2\/types\/post"}],"author":[{"embeddable":true,"href":"https:\/\/eloficiodehistoriar.com.mx\/index.php?rest_route=\/wp\/v2\/users\/249"}],"replies":[{"embeddable":true,"href":"https:\/\/eloficiodehistoriar.com.mx\/index.php?rest_route=%2Fwp%2Fv2%2Fcomments&post=13610"}],"version-history":[{"count":1,"href":"https:\/\/eloficiodehistoriar.com.mx\/index.php?rest_route=\/wp\/v2\/posts\/13610\/revisions"}],"predecessor-version":[{"id":13612,"href":"https:\/\/eloficiodehistoriar.com.mx\/index.php?rest_route=\/wp\/v2\/posts\/13610\/revisions\/13612"}],"wp:featuredmedia":[{"embeddable":true,"href":"https:\/\/eloficiodehistoriar.com.mx\/index.php?rest_route=\/wp\/v2\/media\/13611"}],"wp:attachment":[{"href":"https:\/\/eloficiodehistoriar.com.mx\/index.php?rest_route=%2Fwp%2Fv2%2Fmedia&parent=13610"}],"wp:term":[{"taxonomy":"category","embeddable":true,"href":"https:\/\/eloficiodehistoriar.com.mx\/index.php?rest_route=%2Fwp%2Fv2%2Fcategories&post=13610"},{"taxonomy":"post_tag","embeddable":true,"href":"https:\/\/eloficiodehistoriar.com.mx\/index.php?rest_route=%2Fwp%2Fv2%2Ftags&post=13610"}],"curies":[{"name":"wp","href":"https:\/\/api.w.org\/{rel}","templated":true}]}}