{"id":13617,"date":"2019-09-04T11:27:10","date_gmt":"2019-09-04T17:27:10","guid":{"rendered":"https:\/\/eloficiodehistoriar.com.mx\/?p=13617"},"modified":"2019-09-04T11:27:10","modified_gmt":"2019-09-04T17:27:10","slug":"el-teatrom-de-las-bellas-artes-en-mexico-promovera-la-cultura-nacional","status":"publish","type":"post","link":"https:\/\/eloficiodehistoriar.com.mx\/?p=13617","title":{"rendered":"El teatrom de Las Bellas Artes en M\u00e9xico promover\u00e1 la cultura nacional"},"content":{"rendered":"<p>&nbsp;<\/p>\n<p>Ciudad de M\u00e9xico.<\/p>\n<p>La Jornada<\/p>\n<p>El colorido de las danzas del Ballet Folkl\u00f3rico de M\u00e9xico de Amalia Hern\u00e1ndez, como los olanes de amplias faldas o los cuernos de venado llegar\u00e1n a Nueva York al trabajar con la orquesta Filarm\u00f3nica de esa ciudad en 2021, adelant\u00f3 Salvador L\u00f3pez, director de esa agrupaci\u00f3n, y anunci\u00f3 la temporada en septiembre para celebrar el mes patrio en el Palacio de Bellas Artes con funciones especiales el 15 de septiembre y otras dos con el Mariachi Vargas de Tecatitl\u00e1n y la Marimba Nandayapa.<\/p>\n<p>En el mes que celebramos la Independencia se propone una experiencia que expande el sentimiento mexicano y permite conocer \u2018\u2018lo hermoso que son nuestras culturas, tradiciones y m\u00fasica\u201d, con 110 bailarines, m\u00e1s de 200 artistas, incluido el mariachi y otros 30 m\u00fasicos, entre ellos 10 con arpas jarochas. \u2018\u2018Es un proyecto m\u00e1s grande que el presentado en diciembre pasado; un programa con mucha fuerza\u201d, describi\u00f3 L\u00f3pez, nieto de la fundadora de esa compa\u00f1\u00eda.<\/p>\n<p>El repertorio que recupera los bailes tradicionales, como danzas prehisp\u00e1nicas y los de la geograf\u00eda nacional, no solamente es un atractivo para el turismo extranjero, destac\u00f3. \u2018\u2018Hoy tenemos 60 por ciento de asistencia de p\u00fablico nacional; se ha revertido la tendencia. Eso es maravilloso porque podemos pensar que se revalora la cultura de M\u00e9xico gracias a instituciones que cuidan de la calidad\u201d.<\/p>\n<p>Gira de la compa\u00f1\u00eda por cien ciudades del pa\u00eds<\/p>\n<p>Salvador L\u00f3pez anunci\u00f3 que se tiene la idea de llevar el Ballet Folkl\u00f3rico de M\u00e9xico a cien ciudades del pa\u00eds de manera gratuita, de ser posible con el Mariachi Vargas, a aquellos pueblos donde el acceso es m\u00e1s dif\u00edcil; ese trabajo se desarrolla en el Instituto Nacional de Bellas Artes y Literatura. \u2018\u2018El ballet emerge de las culturas populares y es una manera de contribuir a esta riqu\u00edsima cultura\u201d, apunt\u00f3 L\u00f3pez.<\/p>\n<p>Hilos de plata del traje de charro vestir\u00e1n de brillo al ballet fundado en 1952 con la funci\u00f3n especial al lado del Mariachi Vargas de Tecalitl\u00e1n el 18 de septiembre, que en el marco del 85 aniversario del m\u00e1ximo recinto cultural del pa\u00eds y un d\u00eda despu\u00e9s de la fecha del natalicio de Amalia Hern\u00e1ndez, el 19 de septiembre de 1917. Las coreograf\u00edas dedicadas al estado de Jalisco son la carta fuerte, en la que se interpretan popurr\u00eds con unos nueve temas, como el Son de la Negra,el Jarabe Tapat\u00edo y el infaltable Cielito Lindo, a\u00f1adieron algunos integrantes del mariachi que participaron en la conferencia de prensa efectuada en el Palacio de Bellas Artes.<\/p>\n<p>El 25 de septiembre la funci\u00f3n de gala tiene de invitado especial a la Marimba Nandayapa, creada por el m\u00fasico chiapaneco Zeferino Nandayapa, que hace gala de ese instrumento tradicional con canciones como La Sandunga o La Llorona. Las funciones del resto de la temporada en la sala principal del Palacio de Bellas Artes son hoy, el 8, el 11 y el 22 de septiembre.<\/p>\n<p>L\u00f3pez a\u00f1adi\u00f3 que existe el deseo de hacer una gira internacional acompa\u00f1ados del mariachi, para llevar fuera del pa\u00eds a dos instituciones representativas. En Colombia, relat\u00f3, en la visita pasada, se rebas\u00f3 la expectativa, pues en lugar de 2 mil personas, llegaron 17 mil hasta la plaza p\u00fablica donde actuaron hace unas semanas.<\/p>\n","protected":false},"excerpt":{"rendered":"<p>&nbsp; Ciudad de M\u00e9xico. La Jornada El colorido de las danzas del Ballet Folkl\u00f3rico de M\u00e9xico de Amalia Hern\u00e1ndez, como los olanes de amplias faldas o los cuernos de venado llegar\u00e1n a Nueva York al trabajar con la orquesta Filarm\u00f3nica de esa ciudad en 2021, adelant\u00f3 Salvador L\u00f3pez, director de esa agrupaci\u00f3n, y anunci\u00f3 la [&hellip;]<\/p>\n","protected":false},"author":249,"featured_media":13618,"comment_status":"open","ping_status":"closed","sticky":false,"template":"","format":"standard","meta":{"footnotes":""},"categories":[26],"tags":[],"class_list":["post-13617","post","type-post","status-publish","format-standard","has-post-thumbnail","hentry","category-mundo"],"_links":{"self":[{"href":"https:\/\/eloficiodehistoriar.com.mx\/index.php?rest_route=\/wp\/v2\/posts\/13617","targetHints":{"allow":["GET"]}}],"collection":[{"href":"https:\/\/eloficiodehistoriar.com.mx\/index.php?rest_route=\/wp\/v2\/posts"}],"about":[{"href":"https:\/\/eloficiodehistoriar.com.mx\/index.php?rest_route=\/wp\/v2\/types\/post"}],"author":[{"embeddable":true,"href":"https:\/\/eloficiodehistoriar.com.mx\/index.php?rest_route=\/wp\/v2\/users\/249"}],"replies":[{"embeddable":true,"href":"https:\/\/eloficiodehistoriar.com.mx\/index.php?rest_route=%2Fwp%2Fv2%2Fcomments&post=13617"}],"version-history":[{"count":1,"href":"https:\/\/eloficiodehistoriar.com.mx\/index.php?rest_route=\/wp\/v2\/posts\/13617\/revisions"}],"predecessor-version":[{"id":13619,"href":"https:\/\/eloficiodehistoriar.com.mx\/index.php?rest_route=\/wp\/v2\/posts\/13617\/revisions\/13619"}],"wp:featuredmedia":[{"embeddable":true,"href":"https:\/\/eloficiodehistoriar.com.mx\/index.php?rest_route=\/wp\/v2\/media\/13618"}],"wp:attachment":[{"href":"https:\/\/eloficiodehistoriar.com.mx\/index.php?rest_route=%2Fwp%2Fv2%2Fmedia&parent=13617"}],"wp:term":[{"taxonomy":"category","embeddable":true,"href":"https:\/\/eloficiodehistoriar.com.mx\/index.php?rest_route=%2Fwp%2Fv2%2Fcategories&post=13617"},{"taxonomy":"post_tag","embeddable":true,"href":"https:\/\/eloficiodehistoriar.com.mx\/index.php?rest_route=%2Fwp%2Fv2%2Ftags&post=13617"}],"curies":[{"name":"wp","href":"https:\/\/api.w.org\/{rel}","templated":true}]}}