{"id":13620,"date":"2019-09-04T11:38:26","date_gmt":"2019-09-04T17:38:26","guid":{"rendered":"https:\/\/eloficiodehistoriar.com.mx\/?p=13620"},"modified":"2019-09-04T11:38:26","modified_gmt":"2019-09-04T17:38:26","slug":"peter-lindbergh-y-la-belleza-de-la-imagen-muere","status":"publish","type":"post","link":"https:\/\/eloficiodehistoriar.com.mx\/?p=13620","title":{"rendered":"Peter Lindbergh y la belleza de la imagen: Muere"},"content":{"rendered":"<p>El Pa\u00eds<\/p>\n<p>Sentado al pie de una escalera, con un plato de jam\u00f3n sobre uno de los escalones y una cerveza en la mano. Ri\u00e9ndose. Abrazando a todo el mundo tras un d\u00eda intenso de trabajo. Sin prisa por marcharse, aunque ya casi eran las 10 de noche. La escena sucedi\u00f3 en febrero de este a\u00f1o cuando Peter Lindbergh vino a Madrid para fotografiar a Pen\u00e9lope Cruz en un homenaje a su amigo Karl Lagerfeld para Vogue Espa\u00f1a. El dise\u00f1ador alem\u00e1n muri\u00f3 esa misma noche y, al d\u00eda siguiente, Peter se mostraba consternado. De alguna forma, sent\u00eda que le hab\u00edamos despedido con una sesi\u00f3n m\u00e1gica y con aquel improvisado y sencillo brindis a pie de escalera. Le pedimos que escribiera unas l\u00edneas para acompa\u00f1ar el reportaje, que se public\u00f3 en nuestro n\u00famero de abril, en el que Pen\u00e9lope ejerc\u00eda como editora invitada. Respondi\u00f3 con generosidad \u2014desconozco si sab\u00eda hacer las cosas de otra manera\u2014 y, al final del texto, a\u00f1adi\u00f3 una posdata conmovedora: \u201cS\u00e9 que esto que te mando es demasiado largo y emocional y que probablemente solo necesitabas unas cuantas frases. Pero me ha gustado mucho sentarme a pensar c\u00f3mo se cierra esta gran p\u00e1gina de mi vida\u201d.<\/p>\n<p>Creo que si la fotograf\u00eda de Peter Lindbergh resulta fundamental en los \u00faltimos 40 a\u00f1os es porque en sus im\u00e1genes se percib\u00eda la misma clase de humanidad y de amor por los dem\u00e1s que \u00e9l transmit\u00eda como persona. Los retratos de Lindbergh son siempre perfectamente reconocibles porque capturan de una forma muy genuina la esencia de sus sujetos. Su sello \u00fanico nos deja algunas de las im\u00e1genes m\u00e1s emblem\u00e1ticas de la moda de las \u00faltimas d\u00e9cadas, gracias a una combinaci\u00f3n de crudeza y cari\u00f1o, de veracidad y admiraci\u00f3n. A Peter no le gustaban los artificios, siempre dec\u00eda que odiaba el maquillaje porque no le dejaba ver la piel y enmascaraba a la persona. Tampoco era amante de transformar en exceso cuerpos y edades con la varita m\u00e1gica del retoque. Su voluntad expresa era la de liberar a las mujeres, y en definitiva a todo el mundo, del terror de la belleza y de la perfecci\u00f3n. Fue famoso por ese acercamiento, digamos, descarnado a las personas m\u00e1s c\u00e9lebres del mundo. Pero si estas aceptaban despojarse de sus escudos ante \u00e9l era porque sab\u00edan que Peter les ofrecer\u00eda a cambio otro manto: una mirada que les convertir\u00eda en una clase diferente de estrellas. Peter les regalaba la posibilidad de ser \u00eddolos ensalzados por la v\u00eda de la autenticidad.<\/p>\n<p>Es algo que entendi\u00f3 de inmediato Rosal\u00eda cuando le propusimos ser fotografiada por Peter para su primera portada de Vogue. Sab\u00eda que no podr\u00eda contar con el maquillaje y el vestuario que le hab\u00edan ayudado a construir su imagen p\u00fablica, pero no solo no puso ning\u00fan reparo en ello, sino que se entusiasm\u00f3. La sesi\u00f3n, que tuvo lugar en el mes de mayo en Par\u00eds, nos dej\u00f3 otro d\u00eda lleno de emociones, de abrazos, de cari\u00f1o y de verdad. Ese encuentro con Rosal\u00eda tuvo la intensidad de un amor a primera vista. \u00c9l accedi\u00f3 a que llevara pintalabios de color rojo en una sola foto, la de la portada. Ella sonre\u00eda, feliz. Peter no pod\u00eda parar de fotografiar aquel d\u00eda y corr\u00eda a ense\u00f1arme los tesoros cosechados en la peque\u00f1a pantalla de su c\u00e1mara, con un alborozo ins\u00f3lito para una leyenda de la profesi\u00f3n. Una excitaci\u00f3n que, se dir\u00eda, le ayudaba a apartar una amenazante nostalgia. La que sent\u00eda al mostrarme, en un receso, las copias de un amplio reportaje con las colecciones p\u00f3stumas de Karl Lagerfeld que hab\u00eda realizado para la edici\u00f3n alemana de Vogue. Hab\u00eda dedicado el fin de semana a editar el material, mientras sus nietos revoloteaban a su alrededor, y se alegraba de ese contraste de pasado y futuro. Porque Peter Lindbergh, tras 40 a\u00f1os de incansable b\u00fasqueda de la belleza de verdad, segu\u00eda disfrutando con cada momento y cada disparo.<\/p>\n<p>Eugenia de la Torriente es directora de &#8216;Vogue Espa\u00f1a&#8217;<\/p>\n","protected":false},"excerpt":{"rendered":"<p>El Pa\u00eds Sentado al pie de una escalera, con un plato de jam\u00f3n sobre uno de los escalones y una cerveza en la mano. Ri\u00e9ndose. Abrazando a todo el mundo tras un d\u00eda intenso de trabajo. Sin prisa por marcharse, aunque ya casi eran las 10 de noche. La escena sucedi\u00f3 en febrero de este [&hellip;]<\/p>\n","protected":false},"author":249,"featured_media":13621,"comment_status":"open","ping_status":"closed","sticky":false,"template":"","format":"standard","meta":{"footnotes":""},"categories":[26],"tags":[],"class_list":["post-13620","post","type-post","status-publish","format-standard","has-post-thumbnail","hentry","category-mundo"],"_links":{"self":[{"href":"https:\/\/eloficiodehistoriar.com.mx\/index.php?rest_route=\/wp\/v2\/posts\/13620","targetHints":{"allow":["GET"]}}],"collection":[{"href":"https:\/\/eloficiodehistoriar.com.mx\/index.php?rest_route=\/wp\/v2\/posts"}],"about":[{"href":"https:\/\/eloficiodehistoriar.com.mx\/index.php?rest_route=\/wp\/v2\/types\/post"}],"author":[{"embeddable":true,"href":"https:\/\/eloficiodehistoriar.com.mx\/index.php?rest_route=\/wp\/v2\/users\/249"}],"replies":[{"embeddable":true,"href":"https:\/\/eloficiodehistoriar.com.mx\/index.php?rest_route=%2Fwp%2Fv2%2Fcomments&post=13620"}],"version-history":[{"count":1,"href":"https:\/\/eloficiodehistoriar.com.mx\/index.php?rest_route=\/wp\/v2\/posts\/13620\/revisions"}],"predecessor-version":[{"id":13622,"href":"https:\/\/eloficiodehistoriar.com.mx\/index.php?rest_route=\/wp\/v2\/posts\/13620\/revisions\/13622"}],"wp:featuredmedia":[{"embeddable":true,"href":"https:\/\/eloficiodehistoriar.com.mx\/index.php?rest_route=\/wp\/v2\/media\/13621"}],"wp:attachment":[{"href":"https:\/\/eloficiodehistoriar.com.mx\/index.php?rest_route=%2Fwp%2Fv2%2Fmedia&parent=13620"}],"wp:term":[{"taxonomy":"category","embeddable":true,"href":"https:\/\/eloficiodehistoriar.com.mx\/index.php?rest_route=%2Fwp%2Fv2%2Fcategories&post=13620"},{"taxonomy":"post_tag","embeddable":true,"href":"https:\/\/eloficiodehistoriar.com.mx\/index.php?rest_route=%2Fwp%2Fv2%2Ftags&post=13620"}],"curies":[{"name":"wp","href":"https:\/\/api.w.org\/{rel}","templated":true}]}}