{"id":13623,"date":"2019-09-05T10:20:01","date_gmt":"2019-09-05T16:20:01","guid":{"rendered":"https:\/\/eloficiodehistoriar.com.mx\/?p=13623"},"modified":"2019-09-05T10:20:01","modified_gmt":"2019-09-05T16:20:01","slug":"dolor-y-gloria-de-almodovar-representa-a-espana-en-el-oscar","status":"publish","type":"post","link":"https:\/\/eloficiodehistoriar.com.mx\/?p=13623","title":{"rendered":"\u00abDolor y gloria\u00bb de Almodovar  representa a Espa\u00f1a en El Oscar"},"content":{"rendered":"<p>La Jornada<\/p>\n<p>&nbsp;<\/p>\n<p>Madrid.<\/p>\n<p>La pel\u00edcula Dolor y gloria, el testamento del cineasta Pedro Almod\u00f3var, fue seleccionada para representar a Espa\u00f1a en la pr\u00f3xima edici\u00f3n de los \u00d3scar, anunci\u00f3 este jueves la Academia de Cine espa\u00f1ola.<\/p>\n<p>La cinta, en la que Antonio Banderas encarna al propio Almod\u00f3var y Pen\u00e9lope Cruz a su madre, luchar\u00e1 por ser una de las cinco finalistas que compitan en la gala en Hollywood el pr\u00f3ximo 9 de febrero de 2020, en la categor\u00eda a la mejor pel\u00edcula internacional.<\/p>\n<p>La selecci\u00f3n de las cinco finalistas, de entre las promovidas por cada pa\u00eds, se anunciar\u00e1 el 13 de enero. En la academia espa\u00f1ola, la pel\u00edcula de Alm\u00f3dovar se impuso a Mientras dure la guerra, del hispano-chileno Alejandro Amen\u00e1bar, y a Bu\u00f1uel en el laberinto de las tortugas, del barcelon\u00e9s Salvador Sim\u00f3.<\/p>\n<p>La Academia opt\u00f3 as\u00ed por s\u00e9ptima vez por una pel\u00edcula de Almod\u00f3var para representar a Espa\u00f1a en los \u00d3scar.<\/p>\n<p>El director, que cumplir\u00e1 este mes 70 a\u00f1os y acaba de recibir en Venecia el Le\u00f3n de Oro a la Carrera, ya gan\u00f3 dos \u00d3scar con los melodramas Todo sobre mi madre\u00bby Hable con ella.<\/p>\n<p>\u00abEn estos momentos estoy viajando al Festival de Toronto (&#8230;) quiero agradecer a los acad\u00e9micos espa\u00f1oles el apoyo\u00bb, dijo Almod\u00f3var, en declaraciones transmitidas por su productora, El Deseo.<\/p>\n<p>\u00abToronto es un lugar perfecto para comenzar nuestra campa\u00f1a. No ser\u00e1 f\u00e1cil estar entre las cinco nominadas porque hay mucha competencia, cada a\u00f1o m\u00e1s, pero har\u00e9, junto a El Deseo y Sony Pictures Classics, todo lo posible para que as\u00ed sea\u00bb, a\u00f1adi\u00f3 el cineasta.<\/p>\n<p>Protagonizada por Salvador Mallo (Antonio Banderas), un alter ego de Almod\u00f3var, la pel\u00edcula se presenta como una especie de testamento vital del director que con sus colores y sus personajes ha venido a simbolizar en el extranjero la Espa\u00f1a moderna.<\/p>\n<p>El pasado mayo, Almod\u00f3var no logr\u00f3 la Palma de Oro en Cannes con esta pel\u00edcula que evoca la dureza de la dictadura franquista, el g\u00e9nesis de su homosexualidad o la movida madrile\u00f1a de los 80.<\/p>\n<p>Por contra, Banderas se alz\u00f3 con el premio al mejor acto<\/p>\n","protected":false},"excerpt":{"rendered":"<p>La Jornada &nbsp; Madrid. La pel\u00edcula Dolor y gloria, el testamento del cineasta Pedro Almod\u00f3var, fue seleccionada para representar a Espa\u00f1a en la pr\u00f3xima edici\u00f3n de los \u00d3scar, anunci\u00f3 este jueves la Academia de Cine espa\u00f1ola. La cinta, en la que Antonio Banderas encarna al propio Almod\u00f3var y Pen\u00e9lope Cruz a su madre, luchar\u00e1 por [&hellip;]<\/p>\n","protected":false},"author":249,"featured_media":13624,"comment_status":"open","ping_status":"closed","sticky":false,"template":"","format":"standard","meta":{"footnotes":""},"categories":[26],"tags":[],"class_list":["post-13623","post","type-post","status-publish","format-standard","has-post-thumbnail","hentry","category-mundo"],"_links":{"self":[{"href":"https:\/\/eloficiodehistoriar.com.mx\/index.php?rest_route=\/wp\/v2\/posts\/13623","targetHints":{"allow":["GET"]}}],"collection":[{"href":"https:\/\/eloficiodehistoriar.com.mx\/index.php?rest_route=\/wp\/v2\/posts"}],"about":[{"href":"https:\/\/eloficiodehistoriar.com.mx\/index.php?rest_route=\/wp\/v2\/types\/post"}],"author":[{"embeddable":true,"href":"https:\/\/eloficiodehistoriar.com.mx\/index.php?rest_route=\/wp\/v2\/users\/249"}],"replies":[{"embeddable":true,"href":"https:\/\/eloficiodehistoriar.com.mx\/index.php?rest_route=%2Fwp%2Fv2%2Fcomments&post=13623"}],"version-history":[{"count":1,"href":"https:\/\/eloficiodehistoriar.com.mx\/index.php?rest_route=\/wp\/v2\/posts\/13623\/revisions"}],"predecessor-version":[{"id":13625,"href":"https:\/\/eloficiodehistoriar.com.mx\/index.php?rest_route=\/wp\/v2\/posts\/13623\/revisions\/13625"}],"wp:featuredmedia":[{"embeddable":true,"href":"https:\/\/eloficiodehistoriar.com.mx\/index.php?rest_route=\/wp\/v2\/media\/13624"}],"wp:attachment":[{"href":"https:\/\/eloficiodehistoriar.com.mx\/index.php?rest_route=%2Fwp%2Fv2%2Fmedia&parent=13623"}],"wp:term":[{"taxonomy":"category","embeddable":true,"href":"https:\/\/eloficiodehistoriar.com.mx\/index.php?rest_route=%2Fwp%2Fv2%2Fcategories&post=13623"},{"taxonomy":"post_tag","embeddable":true,"href":"https:\/\/eloficiodehistoriar.com.mx\/index.php?rest_route=%2Fwp%2Fv2%2Ftags&post=13623"}],"curies":[{"name":"wp","href":"https:\/\/api.w.org\/{rel}","templated":true}]}}