{"id":13629,"date":"2019-09-05T10:43:39","date_gmt":"2019-09-05T16:43:39","guid":{"rendered":"https:\/\/eloficiodehistoriar.com.mx\/?p=13629"},"modified":"2019-09-05T10:43:39","modified_gmt":"2019-09-05T16:43:39","slug":"freddie-mercury-y-el-rock","status":"publish","type":"post","link":"https:\/\/eloficiodehistoriar.com.mx\/?p=13629","title":{"rendered":"Freddie Mercury y el rock"},"content":{"rendered":"<p>Carlos Marcos<\/p>\n<p>El Pa\u00eds<\/p>\n<p>&nbsp;<\/p>\n<p>En su nota de suicidio, Kurt Cobain expres\u00f3 su angustia terminal refiri\u00e9ndose a Freddie Mercury. \u00abCuando estoy detr\u00e1s del escenario y se apagan las luces y comienza el rugido man\u00edaco de las multitudes, no me estremece como le pasa a Freddie Mercury. \u00c9l amaba y saboreaba la adoraci\u00f3n de la multitud. Y eso es algo que envidio\u00bb, escribi\u00f3 el mito de grunge antes de pegarse un tiro. Aquello que odiaba Cobain hasta el punto de quedarse en la cuneta para siempre era la gasolina que hac\u00eda funcionar a Mercury. El fervor de la multitud, la fama, miles de personas rendidas a sus pies&#8230; Ah\u00ed es donde el l\u00edder de Queen se convert\u00eda en un coloso y ah\u00ed es donde el vocalista de Nirvana quer\u00eda desaparecer.<\/p>\n<p>No se trata de tener una garganta portentosa (que tambi\u00e9n), no se trata de salir al escenario y llenarlo (que tambi\u00e9n), no se trata de ser ingenioso cuando te diriges a miles de personas (que tambi\u00e9n)&#8230; Lo de Freddie Mercury iba m\u00e1s lejos: \u00e9l era el rey sobre la tarima y sus s\u00fabditos har\u00edan lo que fuera para satisfacerle. Lo m\u00e1s sensacional es que todo lo hac\u00eda con una naturalidad pasmosa, como si estuviera contando una divertida an\u00e9cdota vacacional a un grupo de amigos despu\u00e9s del verano. Mientras la mayor\u00eda parecen forzados, \u00e9l se exhib\u00eda cercano. Y es eso lo que realmente le hac\u00eda grande: era el emperador colegueando con su pueblo.<\/p>\n<p>Lo m\u00e1s sensacional es que todo lo hac\u00eda con una naturalidad pasmosa, como si estuviera contando una divertida an\u00e9cdota vacacional a un grupo de amigos despu\u00e9s del verano. Mientras la mayor\u00eda parecen forzados, \u00e9l se exhib\u00eda cercano<\/p>\n<p>Los pa\u00edses de habla inglesa denominan frontman al personaje del que estamos hablando. Un t\u00e9rmino machista (el hombre al frente, en traducci\u00f3n literal) que incluso se lee en algunas publicaciones espa\u00f1olas: \u00abLos mejores frontman del rock\u00bb. Ah, \u00bfque no hay mujeres en el rock? Ah\u00ed va una lista, y algunas con m\u00e9ritos suficientes para ocupar los primeros puestos: Janis Joplin, Patti Smith, Tina Turner, Grace Slick, Stevie Nicks, Chrissie Hynde, PJ Harvey&#8230; la relaci\u00f3n es larga.<\/p>\n<p>Pero en las recurrentes listas que se hacen no suele haber lugar para ellas. Robert Plant (Led Zeppelin), Mick Jagger (Rolling Stones), Jim Morrison (The Doors), Little Richard, Elvis Presley, Bruce Springsteen, Elton John&#8230; Todos l\u00edderes contrastados sobre grandes escenarios, pero quiz\u00e1 no tan queridos por el p\u00fablico como Freddie Mercury. Porque ah\u00ed est\u00e1 la clave, en el amor y la humanidad que esparc\u00eda este hombre al que se le llev\u00f3 el sida en 1991, cuando contaba solo 45 a\u00f1os.<\/p>\n<p>Brian May, guitarrista de Queen, ha contado lo que pas\u00f3 el d\u00eda que Mercury grab\u00f3 la canci\u00f3n (hoy un cl\u00e1sico) The show must go on, en 1990. En aquella \u00e9poca la enfermedad golpeaba con toda su virulencia al cantante. Apenas pod\u00eda caminar, pero no quer\u00eda dejar de cantar. \u00c9l ya sab\u00eda que le quedaban pocas fuerzas. Brian May: \u00abEstaba bastante enfermo, as\u00ed que le dije: &#8216;Fred, no s\u00e9 si ser\u00e1 posible que puedas cantar. Est\u00e1s muy d\u00e9bil&#8217;. Me mir\u00f3 y me dijo: &#8216;Lo har\u00e9, cari\u00f1o&#8217;, y dio un trago a su vaso de vodka. Entr\u00f3 al estudio y lo bord\u00f3. Me qued\u00e9 en shock\u00bb.<\/p>\n<p>Pues eso, Freddie, un trago de vodka y a seguir, que el espect\u00e1culo debe continuar&#8230;<\/p>\n<p>Un d\u00eda como hoy (5 de febrero), de 1946, naci\u00f3 en Zanz\u00edbar Freddie Mercury. Le homenajeamos con estas im\u00e1genes del artista donde m\u00e1s le gustaba estar y donde m\u00e1s le disfrutaba la gente, en un escenario&#8230;<\/p>\n","protected":false},"excerpt":{"rendered":"<p>Carlos Marcos El Pa\u00eds &nbsp; En su nota de suicidio, Kurt Cobain expres\u00f3 su angustia terminal refiri\u00e9ndose a Freddie Mercury. \u00abCuando estoy detr\u00e1s del escenario y se apagan las luces y comienza el rugido man\u00edaco de las multitudes, no me estremece como le pasa a Freddie Mercury. \u00c9l amaba y saboreaba la adoraci\u00f3n de la [&hellip;]<\/p>\n","protected":false},"author":249,"featured_media":13630,"comment_status":"open","ping_status":"closed","sticky":false,"template":"","format":"standard","meta":{"footnotes":""},"categories":[26],"tags":[],"class_list":["post-13629","post","type-post","status-publish","format-standard","has-post-thumbnail","hentry","category-mundo"],"_links":{"self":[{"href":"https:\/\/eloficiodehistoriar.com.mx\/index.php?rest_route=\/wp\/v2\/posts\/13629","targetHints":{"allow":["GET"]}}],"collection":[{"href":"https:\/\/eloficiodehistoriar.com.mx\/index.php?rest_route=\/wp\/v2\/posts"}],"about":[{"href":"https:\/\/eloficiodehistoriar.com.mx\/index.php?rest_route=\/wp\/v2\/types\/post"}],"author":[{"embeddable":true,"href":"https:\/\/eloficiodehistoriar.com.mx\/index.php?rest_route=\/wp\/v2\/users\/249"}],"replies":[{"embeddable":true,"href":"https:\/\/eloficiodehistoriar.com.mx\/index.php?rest_route=%2Fwp%2Fv2%2Fcomments&post=13629"}],"version-history":[{"count":1,"href":"https:\/\/eloficiodehistoriar.com.mx\/index.php?rest_route=\/wp\/v2\/posts\/13629\/revisions"}],"predecessor-version":[{"id":13631,"href":"https:\/\/eloficiodehistoriar.com.mx\/index.php?rest_route=\/wp\/v2\/posts\/13629\/revisions\/13631"}],"wp:featuredmedia":[{"embeddable":true,"href":"https:\/\/eloficiodehistoriar.com.mx\/index.php?rest_route=\/wp\/v2\/media\/13630"}],"wp:attachment":[{"href":"https:\/\/eloficiodehistoriar.com.mx\/index.php?rest_route=%2Fwp%2Fv2%2Fmedia&parent=13629"}],"wp:term":[{"taxonomy":"category","embeddable":true,"href":"https:\/\/eloficiodehistoriar.com.mx\/index.php?rest_route=%2Fwp%2Fv2%2Fcategories&post=13629"},{"taxonomy":"post_tag","embeddable":true,"href":"https:\/\/eloficiodehistoriar.com.mx\/index.php?rest_route=%2Fwp%2Fv2%2Ftags&post=13629"}],"curies":[{"name":"wp","href":"https:\/\/api.w.org\/{rel}","templated":true}]}}