{"id":13638,"date":"2019-09-06T10:25:49","date_gmt":"2019-09-06T16:25:49","guid":{"rendered":"https:\/\/eloficiodehistoriar.com.mx\/?p=13638"},"modified":"2019-09-06T10:25:49","modified_gmt":"2019-09-06T16:25:49","slug":"francisco-toledo-y-el-maiz","status":"publish","type":"post","link":"https:\/\/eloficiodehistoriar.com.mx\/?p=13638","title":{"rendered":"Francisco Toledo y El Ma\u00edz"},"content":{"rendered":"<p>La Jornada<\/p>\n<p>El recuerdo de las postales coloreadas que el artista, promotor cultural y activista juchiteco Francisco Toledo vio cuando era ni\u00f1o, lo motiv\u00f3 a utilizar este mismo m\u00e9todo para intervenir las impresiones fotogr\u00e1ficas hechas por Rafael Don\u00eds de una serie de negativos en blanco y negro que lleg\u00f3 a sus manos. Se trata de estudios sobre el crecimiento del ma\u00edz, realizados entre los a\u00f1os 20 y 30 del siglo pasado, se infiere, por la vestimenta y maquinaria que en ellas aparecen.<\/p>\n<p>Toledo encabez\u00f3 una campa\u00f1a en defensa del ma\u00edz nativo y contra los cultivos transg\u00e9nicos en el pa\u00eds. La muestra El ma\u00edz de nuestro sustento, de 42 fotograf\u00edas intervenidas, que fue inaugurada el 27 de septiembre de 2014 en la galer\u00eda Juan Mart\u00edn, en v\u00edsperas de la celebraci\u00f3n nacional de ese cereal, el lunes 29 de ese mismo a\u00f1o. (Aqu\u00ed puede ver la nota completa)<\/p>\n<p>La Jornada public\u00f3 el suplemento especial El ma\u00edz y el origen de la vida, con parte de estas ilustraciones digitales del maestro Francico Toledo, acompa\u00f1andas con una amplia serie de art\u00edculos y entrevistas en defensa del grano. Aqu\u00ed puede ver la publicaci\u00f3n.<\/p>\n","protected":false},"excerpt":{"rendered":"<p>La Jornada El recuerdo de las postales coloreadas que el artista, promotor cultural y activista juchiteco Francisco Toledo vio cuando era ni\u00f1o, lo motiv\u00f3 a utilizar este mismo m\u00e9todo para intervenir las impresiones fotogr\u00e1ficas hechas por Rafael Don\u00eds de una serie de negativos en blanco y negro que lleg\u00f3 a sus manos. Se trata de [&hellip;]<\/p>\n","protected":false},"author":249,"featured_media":13639,"comment_status":"open","ping_status":"closed","sticky":false,"template":"","format":"standard","meta":{"footnotes":""},"categories":[26],"tags":[],"class_list":["post-13638","post","type-post","status-publish","format-standard","has-post-thumbnail","hentry","category-mundo"],"_links":{"self":[{"href":"https:\/\/eloficiodehistoriar.com.mx\/index.php?rest_route=\/wp\/v2\/posts\/13638","targetHints":{"allow":["GET"]}}],"collection":[{"href":"https:\/\/eloficiodehistoriar.com.mx\/index.php?rest_route=\/wp\/v2\/posts"}],"about":[{"href":"https:\/\/eloficiodehistoriar.com.mx\/index.php?rest_route=\/wp\/v2\/types\/post"}],"author":[{"embeddable":true,"href":"https:\/\/eloficiodehistoriar.com.mx\/index.php?rest_route=\/wp\/v2\/users\/249"}],"replies":[{"embeddable":true,"href":"https:\/\/eloficiodehistoriar.com.mx\/index.php?rest_route=%2Fwp%2Fv2%2Fcomments&post=13638"}],"version-history":[{"count":1,"href":"https:\/\/eloficiodehistoriar.com.mx\/index.php?rest_route=\/wp\/v2\/posts\/13638\/revisions"}],"predecessor-version":[{"id":13640,"href":"https:\/\/eloficiodehistoriar.com.mx\/index.php?rest_route=\/wp\/v2\/posts\/13638\/revisions\/13640"}],"wp:featuredmedia":[{"embeddable":true,"href":"https:\/\/eloficiodehistoriar.com.mx\/index.php?rest_route=\/wp\/v2\/media\/13639"}],"wp:attachment":[{"href":"https:\/\/eloficiodehistoriar.com.mx\/index.php?rest_route=%2Fwp%2Fv2%2Fmedia&parent=13638"}],"wp:term":[{"taxonomy":"category","embeddable":true,"href":"https:\/\/eloficiodehistoriar.com.mx\/index.php?rest_route=%2Fwp%2Fv2%2Fcategories&post=13638"},{"taxonomy":"post_tag","embeddable":true,"href":"https:\/\/eloficiodehistoriar.com.mx\/index.php?rest_route=%2Fwp%2Fv2%2Ftags&post=13638"}],"curies":[{"name":"wp","href":"https:\/\/api.w.org\/{rel}","templated":true}]}}