{"id":13641,"date":"2019-09-06T10:33:25","date_gmt":"2019-09-06T16:33:25","guid":{"rendered":"https:\/\/eloficiodehistoriar.com.mx\/?p=13641"},"modified":"2019-09-06T10:33:25","modified_gmt":"2019-09-06T16:33:25","slug":"un-papalote-para-toledo","status":"publish","type":"post","link":"https:\/\/eloficiodehistoriar.com.mx\/?p=13641","title":{"rendered":"Un Papalote para Toledo"},"content":{"rendered":"<p>Luis Hern\u00e1ndez Navarro<\/p>\n<p>La Jornada<\/p>\n<p>&nbsp;<\/p>\n<p>Con dificultades, el papalote se eleva hacia el cielo del andador tur\u00edstico de Oaxaca, hasta que una r\u00e1faga de aire le permite tomar altura y volar por los aires sin obst\u00e1culo alguno. No es el \u00fanico. Lo acompa\u00f1an 42 cometas m\u00e1s. Cada uno de ellos lleva el rostro de uno de los normalistas rurales de Ayotzinapa desaparecidos.<br \/>\nLos papalotes fueron creados por el artista pl\u00e1stico Francisco Toledo con la ayuda de trabajadores del Taller Arte y Papel de San Agust\u00edn Etla. Fueron su forma de exigir justicia por los estudiantes desaparecidos en Iguala y de abrazar en la distancia a sus familiares. Si se les busca bajo tierra, tambi\u00e9n hay que buscarlos en los aires. Conf\u00edo en que sigan con vida, explic\u00f3 sobre el sentido de su creaci\u00f3n.<\/p>\n<p>Su solidaridad con Ayotzinapa no fue un hecho aislado, sino parte de la misi\u00f3n que se propuso para su vida. Fue el mejor defensor de los pueblos de su estado natal. De la lucha contra la instalaci\u00f3n de un McDonald\u2019s en el centro hist\u00f3rico de Oaxaca a su oposici\u00f3n al ma\u00edz transg\u00e9nico, de su rechazo al Tren Maya a la comprensi\u00f3n y el apoyo a los pueblos de Los Loxichas salvajemente reprimidos, de su acompa\u00f1amiento a las protestas de la Asamblea Popular de los Pueblos de Oaxaca (APPO), a su resistencia a la construcci\u00f3n del centro de la antigua Antequera, en su biograf\u00eda se cruzan arte y defensa de las mejores causas de la humanidad.<\/p>\n<p>M\u00e1s all\u00e1 del relieve de su obra, Toledo fue un extraordinario promotor cultural. Fund\u00f3 el Instituto de Artes Gr\u00e1ficas de Oaxaca (IAGO), dot\u00e1ndola de una formidable biblioteca de libros sobre arte. Promovi\u00f3 el Museo de Arte Contempor\u00e1neo de Oaxaca (Maco). Dio vida a la biblioteca para ciegos Jorge Luis Borges, de libros en Braille. Cre\u00f3 la Fototeca Manuel \u00c1lvarez Bravo.<\/p>\n<p>Orgullosamente zapoteco, se sumergi\u00f3 a fondo en la preservaci\u00f3n de las lenguas aut\u00f3ctonas, la educaci\u00f3n de los pueblos ind\u00edgenas y la recuperaci\u00f3n de los saberes originales. Le abri\u00f3 espacios inimaginables a artistas j\u00f3venes. Organiz\u00f3 (y financi\u00f3) encuentros educativos de todo tipo. Su labor dej\u00f3 huella. Como dice el maestro istme\u00f1o Rogelio Vargas Garfias, invadido por la tristeza de la p\u00e9rdida del pintor: Nos protegi\u00f3, nos ayud\u00f3, nos ense\u00f1\u00f3.<\/p>\n<p>Creador singular reconocido mundialmente, fue a un tiempo impresor, dibujante, pintor, grabador, escultor y ceramista. Su est\u00e9tica reinvent\u00f3 y refin\u00f3 la de su pueblo. Sac\u00f3 del esnobismo cultural y la pedanter\u00eda a las artes pl\u00e1sticas. Puso fin al divorcio existente entre pintura moderna mexicana y causas sociales. Llev\u00f3 la gr\u00e1fica a las comunidades, fuera de galer\u00edas y museos, para ponerlas en contacto directo con la gente sencilla, a nivel de sus ojos y sus manos. Artista altruista y comprometido, Toledo patrocin\u00f3 con su obra (y con el llamado a que otros pintores se sumaran a la causa) la fundaci\u00f3n de La Jornada. Su generosidad y compromiso hizo posible que este diario viera la luz y que sorteara algunas de las m\u00e1s enconadas tormentas que ha debido enfrentar.<\/p>\n<p>En Juchit\u00e1n, la tierra donde el artista pl\u00e1stico naci\u00f3 y de la que siempre estuvo cerca, se vuelan papalotes en las festividades para enaltecer a los muertos y traer las almas de las personas fallecidas. Para honrar la memoria del artista, hoy en la noche, en la azotea del edificio que alberga las oficinas de este diario, surca el firmamento un imaginario cometa con el rostro del maestro. Es que al esp\u00edritu libre y creativo de Francisco Toledo hay que buscarlo como \u00e9l recomendaba hacerle con los desaparecidos de Ayotzinapa: por los cielos.<\/p>\n","protected":false},"excerpt":{"rendered":"<p>Luis Hern\u00e1ndez Navarro La Jornada &nbsp; Con dificultades, el papalote se eleva hacia el cielo del andador tur\u00edstico de Oaxaca, hasta que una r\u00e1faga de aire le permite tomar altura y volar por los aires sin obst\u00e1culo alguno. No es el \u00fanico. Lo acompa\u00f1an 42 cometas m\u00e1s. Cada uno de ellos lleva el rostro de [&hellip;]<\/p>\n","protected":false},"author":249,"featured_media":13642,"comment_status":"open","ping_status":"closed","sticky":false,"template":"","format":"standard","meta":{"footnotes":""},"categories":[26],"tags":[],"class_list":["post-13641","post","type-post","status-publish","format-standard","has-post-thumbnail","hentry","category-mundo"],"_links":{"self":[{"href":"https:\/\/eloficiodehistoriar.com.mx\/index.php?rest_route=\/wp\/v2\/posts\/13641","targetHints":{"allow":["GET"]}}],"collection":[{"href":"https:\/\/eloficiodehistoriar.com.mx\/index.php?rest_route=\/wp\/v2\/posts"}],"about":[{"href":"https:\/\/eloficiodehistoriar.com.mx\/index.php?rest_route=\/wp\/v2\/types\/post"}],"author":[{"embeddable":true,"href":"https:\/\/eloficiodehistoriar.com.mx\/index.php?rest_route=\/wp\/v2\/users\/249"}],"replies":[{"embeddable":true,"href":"https:\/\/eloficiodehistoriar.com.mx\/index.php?rest_route=%2Fwp%2Fv2%2Fcomments&post=13641"}],"version-history":[{"count":1,"href":"https:\/\/eloficiodehistoriar.com.mx\/index.php?rest_route=\/wp\/v2\/posts\/13641\/revisions"}],"predecessor-version":[{"id":13643,"href":"https:\/\/eloficiodehistoriar.com.mx\/index.php?rest_route=\/wp\/v2\/posts\/13641\/revisions\/13643"}],"wp:featuredmedia":[{"embeddable":true,"href":"https:\/\/eloficiodehistoriar.com.mx\/index.php?rest_route=\/wp\/v2\/media\/13642"}],"wp:attachment":[{"href":"https:\/\/eloficiodehistoriar.com.mx\/index.php?rest_route=%2Fwp%2Fv2%2Fmedia&parent=13641"}],"wp:term":[{"taxonomy":"category","embeddable":true,"href":"https:\/\/eloficiodehistoriar.com.mx\/index.php?rest_route=%2Fwp%2Fv2%2Fcategories&post=13641"},{"taxonomy":"post_tag","embeddable":true,"href":"https:\/\/eloficiodehistoriar.com.mx\/index.php?rest_route=%2Fwp%2Fv2%2Ftags&post=13641"}],"curies":[{"name":"wp","href":"https:\/\/api.w.org\/{rel}","templated":true}]}}