{"id":13644,"date":"2019-09-06T10:46:14","date_gmt":"2019-09-06T16:46:14","guid":{"rendered":"https:\/\/eloficiodehistoriar.com.mx\/?p=13644"},"modified":"2019-09-06T10:46:14","modified_gmt":"2019-09-06T16:46:14","slug":"la-vitalidad-erotica-de-toledo","status":"publish","type":"post","link":"https:\/\/eloficiodehistoriar.com.mx\/?p=13644","title":{"rendered":"La Vitalidad er\u00f3tica de Toledo"},"content":{"rendered":"<p>CIUDAD DE M\u00c9XICO<\/p>\n<p>apro<\/p>\n<p>&nbsp;<\/p>\n<p>Tras la noticia de la muerte del artista y promotor cultural Francisco Toledo a los 79 a\u00f1os, misma que sacudi\u00f3 al gremio cultural y art\u00edstico del pa\u00eds, Blanca Gonz\u00e1lez, columnista de arte de Proceso, realiz\u00f3 un repaso sobre el legado y fue contundente al referirse sobre el fil\u00e1ntropo: \u201cno quiero decir que es una p\u00e9rdida para M\u00e9xico, m\u00e1s bien creo que es un privilegio haber tenido a un artista as\u00ed\u201d.<\/p>\n<p>V\u00eda telef\u00f3nica, Gonz\u00e1les explic\u00f3:<\/p>\n<p>\u201cEl legado que deja es inmenso, extraordinario como artista, generoso como promotor y muy vigoroso como activista social y cultural, yo pienso que no debe ser recordado con tristeza, porque desde mi punto de vista cre\u00f3 una po\u00e9tica er\u00f3tica en donde la vida se fusionaba con la muerte, en su po\u00e9tica la vida y la muerte era lo mismo, lo humano y lo animal era lo mismo, obra de una belleza que a la vez era grotesca, insolente, exageradamente bella por el cromatismo y las atm\u00f3sferas que trabajaba, entonces recordar a Toledo debe ser con una vitalidad er\u00f3tica, un erotismo del tipo de la teor\u00eda de George Bataille.<\/p>\n<p>\u201cFue y es uno de los grandes artistas de M\u00e9xico, ahorita no hay uno como \u00e9l, es de los pocos, o el \u00fanico de Beca Em\u00e9rita (por parte del Fonca) que regres\u00f3 a M\u00e9xico con proyectos como el Instituto de Artes Gr\u00e1ficas de Oaxaca (IAGO) que resguarda una colecci\u00f3n de gr\u00e1fica estupenda, y de libros; con el Centro Fotogr\u00e1fico Manuel \u00c1lvarez Bravo, y con el Centro de Artes de San Agust\u00edn (CaSa).<\/p>\n<p>\u201cEsto tuvo Toledo, fue muy generoso, apoy\u00f3 a muchos artistas j\u00f3venes, y lo que hizo con el CaSa fue muy importante porque ah\u00ed fusion\u00f3 a artistas con la naturaleza de la zona, con los habitantes de Oaxaca; a trav\u00e9s de las plantas originarias hacia papel y dise\u00f1o para que los artesanos pudieran utilizarlo, no solo fue un gran artista, fue un gran promotor y activista apoyando a la gente, y de eso no hay mucho. Pudo no haber estado c\u00f3modo con su beca, pero tuvo proyectos tangibles, coloc\u00f3 a Oaxaca en la geograf\u00eda art\u00edstica de M\u00e9xico, no puede desvincularse de Oaxaca jam\u00e1s.<\/p>\n<p>Vasta obra<\/p>\n<p>La vasta obra del juchiteco se encuentra actualmente expuesta en dos muestras en la Ciudad de M\u00e9xico, una es Francisco Toledo. Imagen y texto que fue inaugurada en mayo pasado en la Galer\u00eda de Arte Mexicano (GAM), misma que expone los trabajos publicados como parte de su columna Toledo LEE en la Secci\u00f3n Cultural del semanario Proceso; y la otra Toledo ve expuesta en el Museo Nacional de Arte Popular, ubicado en Coyoac\u00e1n.<\/p>\n<p>La primera da muestra de la obra m\u00e1s reciente de t\u00e9cnicas mixtas del artista, que va de agosto de 2016 a diciembre de 2017, resultado de an\u00e9cdotas, historias y leyendas del cuerpo humano (como manos y pies), animales (osos, monos y peces), sucesos (el sismo del 19 de septiembre de 2017) y tradiciones orales oaxaque\u00f1as.<\/p>\n<p>Toledo. Imagen y texto en la GAM. Foto: Alejandro Sald\u00edvar<br \/>\nToledo. Imagen y texto en la GAM. Foto: Alejandro Sald\u00edvar<br \/>\nLa segunda de m\u00e1s de 850 obras de inter\u00e9s del artista por disciplinas como el dise\u00f1o y el arte contempor\u00e1neo, en donde se pueden contemplar los objetos m\u00e1s variados: intervenidos en peinetas, joyer\u00eda, papalotes, mosaicos artesanales, ropa en cart\u00f3n, papel, textiles, entre muchos otros.<\/p>\n<p>\u00abToledo Ve\u00bb se exhibe hasta el 29 de septiembre en el Museo Nacional de Culturas Populares. Foto: Tomada de Facebook \/MuseoNacionaldeCulturasPopulares<br \/>\n\u201cToledo Ve\u201d se exhibe hasta el 29 de septiembre en el Museo Nacional de Culturas Populares. Foto: Tomada de Facebook \/MuseoNacionaldeCulturasPopulares<br \/>\nSobre esto explica la profesora y cr\u00edtica de arte:<\/p>\n<p>\u201cLa de GAM es una exposici\u00f3n muy bonita, los que nos dice es que Toledo trabaj\u00f3 \u00a1vamos hasta ayer!, esa exposici\u00f3n esta dividida en dos tipos de obra: la que hizo para su columna en Proceso y la pict\u00f3rica, la primera con una est\u00e9tica dibuj\u00edstica y pensada para revista, porque si hubiera hecho una acuarela sofisticada a nivel crom\u00e1tico no hubiera tenido la fuerza que hubiera podido tener la l\u00ednea, ah\u00ed lo que se ve es c\u00f3mo \u00e9l sab\u00eda comunicarse, lo que tiene, con lo que ilustraba Proceso era muy lineal, peor tambi\u00e9n hay muy crom\u00e1tica, era un gran dibujante y al mismo tiempo era un gran pintor. Es lo interesante de la obra de Proceso, y eso a nivel de impresi\u00f3n en una revista es m\u00e1s n\u00edtido que el cromatismo. Es muy interesante.<\/p>\n<p>\u201cY la del Museo Nacional de Arte Popular es emblem\u00e1tica, sobre todo los papalotes donde se pueden ver c\u00f3mo manejaba los animales y lo humano, eso era muy t\u00edpico de \u00e9l\u201d.<\/p>\n<p>Otra de las muestras que se recuerdan de Toledo es Duelo. Francisco Toledo, que el artista inaugur\u00f3 acompa\u00f1ado de su esposa \u2014y curadora de esa obra\u2014 Trine Ellitsgaard, en el Museo de Arte Moderno (MAM) en 2015, donde reflej\u00f3 su indignaci\u00f3n ante d\u00e9cadas de violencia del pa\u00eds, desde los a\u00f1os setenta, pasando por la matanza de Tlataya a la desaparici\u00f3n de los 43 alumnos de Ayotzinapa, Guerrero.<\/p>\n<p>Una de las piezas de Duelo, de Francisco Toledo. Foto: Germ\u00e1n Canseco<br \/>\nUna de las piezas de Duelo, de Francisco Toledo. Foto: Germ\u00e1n Canseco<br \/>\nSobre \u00e9sta, Gonz\u00e1lez refiri\u00f3:<\/p>\n<p>\u201cSe atrevi\u00f3 a hacer experimentaciones como la del MAM, donde expuso una obra en cer\u00e1mica, en barro espl\u00e9ndida, era muy dram\u00e1tica, la trabaj\u00f3 en el taller Canela de Claudio Jer\u00f3nimo L\u00f3pez, eso es importantes, porque se sab\u00eda que lo trabaj\u00f3 con \u00e9l que tambi\u00e9n lo hac\u00eda mucho, colaborar con otros artistas. Creo que no hay que pensar que se fue, su obra era en s\u00ed vida\u201d, finaliz\u00f3.<\/p>\n","protected":false},"excerpt":{"rendered":"<p>CIUDAD DE M\u00c9XICO apro &nbsp; Tras la noticia de la muerte del artista y promotor cultural Francisco Toledo a los 79 a\u00f1os, misma que sacudi\u00f3 al gremio cultural y art\u00edstico del pa\u00eds, Blanca Gonz\u00e1lez, columnista de arte de Proceso, realiz\u00f3 un repaso sobre el legado y fue contundente al referirse sobre el fil\u00e1ntropo: \u201cno quiero [&hellip;]<\/p>\n","protected":false},"author":249,"featured_media":13645,"comment_status":"open","ping_status":"closed","sticky":false,"template":"","format":"standard","meta":{"footnotes":""},"categories":[26],"tags":[],"class_list":["post-13644","post","type-post","status-publish","format-standard","has-post-thumbnail","hentry","category-mundo"],"_links":{"self":[{"href":"https:\/\/eloficiodehistoriar.com.mx\/index.php?rest_route=\/wp\/v2\/posts\/13644","targetHints":{"allow":["GET"]}}],"collection":[{"href":"https:\/\/eloficiodehistoriar.com.mx\/index.php?rest_route=\/wp\/v2\/posts"}],"about":[{"href":"https:\/\/eloficiodehistoriar.com.mx\/index.php?rest_route=\/wp\/v2\/types\/post"}],"author":[{"embeddable":true,"href":"https:\/\/eloficiodehistoriar.com.mx\/index.php?rest_route=\/wp\/v2\/users\/249"}],"replies":[{"embeddable":true,"href":"https:\/\/eloficiodehistoriar.com.mx\/index.php?rest_route=%2Fwp%2Fv2%2Fcomments&post=13644"}],"version-history":[{"count":1,"href":"https:\/\/eloficiodehistoriar.com.mx\/index.php?rest_route=\/wp\/v2\/posts\/13644\/revisions"}],"predecessor-version":[{"id":13646,"href":"https:\/\/eloficiodehistoriar.com.mx\/index.php?rest_route=\/wp\/v2\/posts\/13644\/revisions\/13646"}],"wp:featuredmedia":[{"embeddable":true,"href":"https:\/\/eloficiodehistoriar.com.mx\/index.php?rest_route=\/wp\/v2\/media\/13645"}],"wp:attachment":[{"href":"https:\/\/eloficiodehistoriar.com.mx\/index.php?rest_route=%2Fwp%2Fv2%2Fmedia&parent=13644"}],"wp:term":[{"taxonomy":"category","embeddable":true,"href":"https:\/\/eloficiodehistoriar.com.mx\/index.php?rest_route=%2Fwp%2Fv2%2Fcategories&post=13644"},{"taxonomy":"post_tag","embeddable":true,"href":"https:\/\/eloficiodehistoriar.com.mx\/index.php?rest_route=%2Fwp%2Fv2%2Ftags&post=13644"}],"curies":[{"name":"wp","href":"https:\/\/api.w.org\/{rel}","templated":true}]}}