{"id":13650,"date":"2019-09-07T13:34:28","date_gmt":"2019-09-07T19:34:28","guid":{"rendered":"https:\/\/eloficiodehistoriar.com.mx\/?p=13650"},"modified":"2019-09-07T13:35:57","modified_gmt":"2019-09-07T19:35:57","slug":"joker-se-lleva-el-leon-de-oro-de-venecia","status":"publish","type":"post","link":"https:\/\/eloficiodehistoriar.com.mx\/?p=13650","title":{"rendered":"\u00abJoker\u00bb se lleva el Le\u00f3n de oro de Venecia"},"content":{"rendered":"<p>El Pa\u00eds<\/p>\n<p>&nbsp;<\/p>\n<p>a la mejor pel\u00edcula del festival de Venecia. El cineasta recogi\u00f3 el galard\u00f3n junto con Joaquin Phoenix, que ofrece una extraordinaria interpretaci\u00f3n del c\u00e9lebre villano en el filme. Es la primera vez que un largo sobre un personaje salido de los c\u00f3mics de los superh\u00e9roes obtiene el reconocimiento m\u00e1s importante de uno de los festivales m\u00e1s prestigiosos del mundo. Aunque Joker poco tiene que ver con la mayor\u00eda de esos filmes: es el oscuro retrato de c\u00f3mo el anodino payaso aspirante a c\u00f3mico Arthur Fleck, al que su madre ha educado para \u201cdar risas y alegr\u00edas al mundo\u201d, se convierte poco a poco en un despiadado asesino. El jurado presidido por la cineasta argentina Lucrecia Martel encumbra as\u00ed a una de las pel\u00edculas m\u00e1s celebradas por la cr\u00edtica durante el festival, y la coloca en un trampol\u00edn notable de cara a la carrera para los Oscar.<\/p>\n<p>El segundo galard\u00f3n m\u00e1s importante del festival fue para su invitado m\u00e1s criticado: Roman Polanski. El oficial y el esp\u00eda se hizo con el Gran Premio del Jurado, que recogi\u00f3 la actriz y esposa del director, Emmanuelle Seigner: el cineasta polaco no viaj\u00f3 a La Mostra, ya que evita cualquier pa\u00eds que pueda extraditarle a EE UU, donde la justicia todav\u00eda le persigue por la violaci\u00f3n de una menor en 1977. Martel gener\u00f3 una enorme pol\u00e9mica al principio del festival, cuando declar\u00f3 que no asistir\u00eda a la proyecci\u00f3n de gala del filme, para evitar aplaudir a Polanski. La directora aclar\u00f3, a la vez, que no ten\u00eda \u00abprejuicios\u00bb hacia ninguna pel\u00edcula del concurso, algo que este reconocimiento puede confirmar.<\/p>\n<p>DOBLE PREMIO AL CINE ESPA\u00d1OL EN LA SECCI\u00d3N HORIZONTES<br \/>\nEl cine espa\u00f1ol se march\u00f3 con un doble premio de la secci\u00f3n paralela Horizontes. Th\u00e9o Court, cineasta nacido en Ibiza, gan\u00f3 el galard\u00f3n al mejor director por Blanco en blanco, un neow\u00e9stern rodado en Tierra del Fuego. Por su parte, Marta Nieto se alz\u00f3 con el premio a la mejor actriz por Madre, la nueva pel\u00edcula de Rodrigo Sorogoyen, que prolonga el cortometraje por el que el director fue nominado al Oscar. \u201cEs una historia de un amor que puede con todo, que revive, renace y hace despertar. Con este regalo, el director me ha hecho despertar a m\u00ed\u201d, expres\u00f3 Nieto en el escenario, dedicando el premio a Sorogoyen y a su hijo Le\u00f3n.<\/p>\n<p>Roy Andersson obtuvo el galard\u00f3n a la mejor direcci\u00f3n por About Endlessness. El actor italiano Luca Marinelli obtuvo la Copa Volpi al mejor actor por Martin Eden mientras que el premio para la mejor interpretaci\u00f3n femenina fue para Ariane Ascaride, por Gloria Mundi. El cineasta de Hong Kong Yonfan obtuvo el premio al mejor guion por la pel\u00edcula animada No. 7 Cherry Lane.<\/p>\n<p>PRINCIPALES PREMIOS DE LA MOSTRA<br \/>\nLe\u00f3n de Oro: Joker, de Todd Philips.<\/p>\n<p>Gran Premio del Jurado: El oficial y el esp\u00eda, de Roman Polanski.<\/p>\n<p>Le\u00f3n de Plata a la mejor direcci\u00f3n: Roy Andersson, por About Endlessness.<\/p>\n<p>Copa Volpi a la mejor actriz: Ariane Ascaride, por Gloria Mundi.<\/p>\n<p>Copa Volpi al mejor actor: Luca Marinelli, por Martin Eden.<\/p>\n<p>Mejor guion: Yonfan, por No. 7 Cherry Lane.<\/p>\n<p>Premio Marcello Mastroianni al mejor int\u00e9rprete emergente: Toby Wallace, por Babyteeth.<\/p>\n<p>Mejor pel\u00edcula de la secci\u00f3n Horizontes: Atlantis, de Valentyn Vasyanovych.<\/p>\n<p>Premio \u00d3pera Prima: You Will Die At 20, de Amjad Abu Alala.<\/p>\n","protected":false},"excerpt":{"rendered":"<p>El Pa\u00eds &nbsp; a la mejor pel\u00edcula del festival de Venecia. El cineasta recogi\u00f3 el galard\u00f3n junto con Joaquin Phoenix, que ofrece una extraordinaria interpretaci\u00f3n del c\u00e9lebre villano en el filme. Es la primera vez que un largo sobre un personaje salido de los c\u00f3mics de los superh\u00e9roes obtiene el reconocimiento m\u00e1s importante de uno [&hellip;]<\/p>\n","protected":false},"author":249,"featured_media":13651,"comment_status":"open","ping_status":"closed","sticky":false,"template":"","format":"standard","meta":{"footnotes":""},"categories":[26],"tags":[],"class_list":["post-13650","post","type-post","status-publish","format-standard","has-post-thumbnail","hentry","category-mundo"],"_links":{"self":[{"href":"https:\/\/eloficiodehistoriar.com.mx\/index.php?rest_route=\/wp\/v2\/posts\/13650","targetHints":{"allow":["GET"]}}],"collection":[{"href":"https:\/\/eloficiodehistoriar.com.mx\/index.php?rest_route=\/wp\/v2\/posts"}],"about":[{"href":"https:\/\/eloficiodehistoriar.com.mx\/index.php?rest_route=\/wp\/v2\/types\/post"}],"author":[{"embeddable":true,"href":"https:\/\/eloficiodehistoriar.com.mx\/index.php?rest_route=\/wp\/v2\/users\/249"}],"replies":[{"embeddable":true,"href":"https:\/\/eloficiodehistoriar.com.mx\/index.php?rest_route=%2Fwp%2Fv2%2Fcomments&post=13650"}],"version-history":[{"count":3,"href":"https:\/\/eloficiodehistoriar.com.mx\/index.php?rest_route=\/wp\/v2\/posts\/13650\/revisions"}],"predecessor-version":[{"id":13654,"href":"https:\/\/eloficiodehistoriar.com.mx\/index.php?rest_route=\/wp\/v2\/posts\/13650\/revisions\/13654"}],"wp:featuredmedia":[{"embeddable":true,"href":"https:\/\/eloficiodehistoriar.com.mx\/index.php?rest_route=\/wp\/v2\/media\/13651"}],"wp:attachment":[{"href":"https:\/\/eloficiodehistoriar.com.mx\/index.php?rest_route=%2Fwp%2Fv2%2Fmedia&parent=13650"}],"wp:term":[{"taxonomy":"category","embeddable":true,"href":"https:\/\/eloficiodehistoriar.com.mx\/index.php?rest_route=%2Fwp%2Fv2%2Fcategories&post=13650"},{"taxonomy":"post_tag","embeddable":true,"href":"https:\/\/eloficiodehistoriar.com.mx\/index.php?rest_route=%2Fwp%2Fv2%2Ftags&post=13650"}],"curies":[{"name":"wp","href":"https:\/\/api.w.org\/{rel}","templated":true}]}}