{"id":13658,"date":"2019-09-08T11:23:28","date_gmt":"2019-09-08T17:23:28","guid":{"rendered":"https:\/\/eloficiodehistoriar.com.mx\/?p=13658"},"modified":"2019-09-08T11:23:28","modified_gmt":"2019-09-08T17:23:28","slug":"murio-camilo-sesto-cantante-y-compositor-espanol","status":"publish","type":"post","link":"https:\/\/eloficiodehistoriar.com.mx\/?p=13658","title":{"rendered":"Muri\u00f3 Camilo Sesto, cantante y compositor espa\u00f1ol"},"content":{"rendered":"<p>La Jornada<\/p>\n<p>El cantante espa\u00f1ol Camilo Sesto, conocido por sus baladas de amor y que vendi\u00f3 millones de discos durante su carrera, falleci\u00f3 a los 72 a\u00f1os, anunci\u00f3 este domingo su familia.<\/p>\n<p>\u00abQueridos amigos &amp; amigas. Lamentamos mucho comunicaros que nuestro gran y querido artista Camilo Sesto nos acaba de dejar. Descanse en paz\u00bb, anunci\u00f3 la cuenta oficial del artista en Twitter sin especificar la causa de la muerte.<\/p>\n<p>Por su parte, la televisi\u00f3n p\u00fablica espa\u00f1ola RTVE indic\u00f3 que hab\u00eda fallecido en un hospital de Madrid por un ataque al coraz\u00f3n.<\/p>\n<p>Sesto, cuyo nombre real era Camilo Blanes, cant\u00f3 en dos grupos de pop en los a\u00f1o 1960 antes de publicar su primer \u00e1lbum en solitario, \u00abAlgo de m\u00ed\u00bb, en 1971.<\/p>\n<p>Durante su carrera vendi\u00f3 70 millones de discos, lo que lo convierte en uno de los cantantes en espa\u00f1ol de m\u00e1s \u00e9xito de la historia.<\/p>\n<p>Entre sus \u00e9xitos hay temas como \u00ab\u00bfQuieres ser mi amante?\u00bb, \u00abEl amor de mi vida\u00bb o \u00abPerd\u00f3name\u00bb.<\/p>\n<p>Aunque casi siempre cantaba en espa\u00f1ol tambi\u00e9n grav\u00f3 temas en ingl\u00e9s, alem\u00e1n, japon\u00e9s, catal\u00e1n y portugu\u00e9s.<\/p>\n<p>Adem\u00e1s escribi\u00f3 canciones para otros cantantes, como el espa\u00f1ol Miguel Bos\u00e9 o el mexicano Jos\u00e9 Jos\u00e9.<\/p>\n<p>En 1975 Camilo Sesto protagoniz\u00f3 en Madrid la versi\u00f3n en espa\u00f1ol del musical rock de Andrew Lloyd Webber \u00abJesucristo Superstar\u00bb.<\/p>\n<p>\u00abCon su voz genuina, como int\u00e9rprete y compositor, consigui\u00f3 ser uno de los artistas m\u00e1s queridos y universales. Espa\u00f1a y toda Iberoam\u00e9rica lamentan la p\u00e9rdida de Camilo Sesto\u00bb, escribi\u00f3 en Twitter el presidente espa\u00f1ol Pedro S\u00e1nchez.<\/p>\n<p>El cantante estaba preparando una gira por Estados Unidos con conciertos previstos en Miami, Nueva York y Los Angeles.<\/p>\n","protected":false},"excerpt":{"rendered":"<p>La Jornada El cantante espa\u00f1ol Camilo Sesto, conocido por sus baladas de amor y que vendi\u00f3 millones de discos durante su carrera, falleci\u00f3 a los 72 a\u00f1os, anunci\u00f3 este domingo su familia. \u00abQueridos amigos &amp; amigas. Lamentamos mucho comunicaros que nuestro gran y querido artista Camilo Sesto nos acaba de dejar. Descanse en paz\u00bb, anunci\u00f3 [&hellip;]<\/p>\n","protected":false},"author":249,"featured_media":13659,"comment_status":"open","ping_status":"closed","sticky":false,"template":"","format":"standard","meta":{"footnotes":""},"categories":[26],"tags":[],"class_list":["post-13658","post","type-post","status-publish","format-standard","has-post-thumbnail","hentry","category-mundo"],"_links":{"self":[{"href":"https:\/\/eloficiodehistoriar.com.mx\/index.php?rest_route=\/wp\/v2\/posts\/13658","targetHints":{"allow":["GET"]}}],"collection":[{"href":"https:\/\/eloficiodehistoriar.com.mx\/index.php?rest_route=\/wp\/v2\/posts"}],"about":[{"href":"https:\/\/eloficiodehistoriar.com.mx\/index.php?rest_route=\/wp\/v2\/types\/post"}],"author":[{"embeddable":true,"href":"https:\/\/eloficiodehistoriar.com.mx\/index.php?rest_route=\/wp\/v2\/users\/249"}],"replies":[{"embeddable":true,"href":"https:\/\/eloficiodehistoriar.com.mx\/index.php?rest_route=%2Fwp%2Fv2%2Fcomments&post=13658"}],"version-history":[{"count":1,"href":"https:\/\/eloficiodehistoriar.com.mx\/index.php?rest_route=\/wp\/v2\/posts\/13658\/revisions"}],"predecessor-version":[{"id":13660,"href":"https:\/\/eloficiodehistoriar.com.mx\/index.php?rest_route=\/wp\/v2\/posts\/13658\/revisions\/13660"}],"wp:featuredmedia":[{"embeddable":true,"href":"https:\/\/eloficiodehistoriar.com.mx\/index.php?rest_route=\/wp\/v2\/media\/13659"}],"wp:attachment":[{"href":"https:\/\/eloficiodehistoriar.com.mx\/index.php?rest_route=%2Fwp%2Fv2%2Fmedia&parent=13658"}],"wp:term":[{"taxonomy":"category","embeddable":true,"href":"https:\/\/eloficiodehistoriar.com.mx\/index.php?rest_route=%2Fwp%2Fv2%2Fcategories&post=13658"},{"taxonomy":"post_tag","embeddable":true,"href":"https:\/\/eloficiodehistoriar.com.mx\/index.php?rest_route=%2Fwp%2Fv2%2Ftags&post=13658"}],"curies":[{"name":"wp","href":"https:\/\/api.w.org\/{rel}","templated":true}]}}