{"id":13674,"date":"2019-09-09T10:33:49","date_gmt":"2019-09-09T16:33:49","guid":{"rendered":"https:\/\/eloficiodehistoriar.com.mx\/?p=13674"},"modified":"2019-09-09T10:33:49","modified_gmt":"2019-09-09T16:33:49","slug":"agosto-el-mes-mas-caluroso-desde-1953","status":"publish","type":"post","link":"https:\/\/eloficiodehistoriar.com.mx\/?p=13674","title":{"rendered":"Agosto el mes m\u00e1s caluroso desde 1953"},"content":{"rendered":"<p>La Jornada<\/p>\n<p>iCudad de M\u00e9xoico.<\/p>\n<p>&nbsp;<\/p>\n<p>Durante este a\u00f1o las temperaturas han sido m\u00e1s altas que el promedio. A partir de junio el incremento super\u00f3 un grado cent\u00edgrado y en agosto se lleg\u00f3 a 3.3 grados por arriba de la climatolog\u00eda del territorio nacional. Se trata del agosto m\u00e1s caluroso desde 1953. Sumado a ello las lluvias han tenido una disminuci\u00f3n de 22 por ciento en promedio, se\u00f1al\u00f3 Jorge Zavala coordinador del Servicio Meteorol\u00f3gico Nacional (SMN).<\/p>\n<p>Por ejemplo en San Luis R\u00edo Colorado, Sonora, el 21 de agosto se lleg\u00f3 a 49 grados cent\u00edgrados. Los estados con 25 o m\u00e1s d\u00edas durante el mes pasado con temperaturas iguales o superiores a 40 grados fueron Baja California, Sonora, Chihuahua y Nuevo Le\u00f3n. Despu\u00e9s de este 2019, el segundo a\u00f1o con el agosto con temperatura m\u00e1s alta fue 2015 y el tercero corresponde a 2009, explic\u00f3 en entrevista.<\/p>\n<p>Cada mes de este a\u00f1o, desde el invierno se ha elevado la temperatura. En enero el promedio es de 16.5 grados cent\u00edgrados y hubo 16.6; febrero fue 0.9 grados cent\u00edgrados por arriba, con 18.7 grados; en mayo el aumento respecto al promedio fue de 1.2 grados; en junio fue de 2.5 grados; julio 2.9 grados y el mes m\u00e1s caluroso fue agosto, cuyo promedio es de 23.7 grados, lleg\u00f3 a 27, detall\u00f3 el f\u00edsico a cargo del SMN, que depende de la Comisi\u00f3n Nacional del Agua (Conagua).<\/p>\n<p>En la estaci\u00f3n Tacubaya del SMN se estableci\u00f3 un r\u00e9cord con la temperatura m\u00e1s alta en un d\u00eda de agosto. El r\u00e9cord anterior era de 1957 de 27 grados y ahora lleg\u00f3 a 27.7 grados, lo cual supera el r\u00e9cord hist\u00f3rico. Algo similar ocurri\u00f3 en Xalapa, Veracruz, donde hubo 31 grados cent\u00edgrados para un d\u00eda de agosto, el anterior era de 30.6 en 2011.<\/p>\n<p>Revertir condiciones<\/p>\n<p>En cuanto a las lluvias, explic\u00f3 que este a\u00f1o la precipitaci\u00f3n ha sido baja y con menos nubosidad, el suelo est\u00e1 m\u00e1s seco y hay menor evaporaci\u00f3n, lo cual tambi\u00e9n lleva a que la temperatura aumente. Detall\u00f3 que la precipitaci\u00f3n acumulada de enero al 1\u00ba de septiembre fue en promedio de 384.1 litros por metro cuadrado, la climatolog\u00eda (condiciones normales que se presentan en una regi\u00f3n) es de 493.5. La lluvia ha sido 22 por ciento menos.<\/p>\n<p>Zavala explic\u00f3 que ha sido un periodo relativamente seco. En el valle de M\u00e9xico ha llovido 71 por ciento de lo que normalmente se precipita; esto ha sucedido desde principios de a\u00f1o hasta fines de agosto. El mes pasado en promedio la lluvia disminuy\u00f3 18 por ciento.<\/p>\n<p>Mencion\u00f3 que la tormenta tropical Fernand llev\u00f3 agua a Tamaulipas y Nuevo Le\u00f3n, con precipitaciones extraordinarias durante tres d\u00edas. El mes con m\u00e1s lluvias a escala nacional es septiembre, pero en general en lo que va del a\u00f1o la lluvia ha sido muy por debajo de la climatolog\u00eda y para este mes se espera que se reviertan las condiciones. Agreg\u00f3 que para octubre y noviembre, se espera una recuperaci\u00f3n de la precipitaci\u00f3n y que las temperaturas se acerquen m\u00e1s a los promedios.<\/p>\n<p>Precis\u00f3 que hasta ahora de tormentas tropicales y ciclones van 10 de 19 fen\u00f3menos en el Pac\u00edfico, donde es un poco por arriba de lo esperado, y van siete de 14 en el Atl\u00e1ntico. A M\u00e9xico el \u00fanico que ha impactado ha sido Fernand. Record\u00f3 que en 2011 hubo una sequ\u00eda, que fue m\u00e1s severa que la actual. Los estados m\u00e1s afectados a la fecha han sido el sur y norte de Veracruz y Tabasco. En la parte oriental de Oaxaca se empez\u00f3 a modificar la condici\u00f3n en la segunda quincena de agosto.<\/p>\n","protected":false},"excerpt":{"rendered":"<p>La Jornada iCudad de M\u00e9xoico. &nbsp; Durante este a\u00f1o las temperaturas han sido m\u00e1s altas que el promedio. A partir de junio el incremento super\u00f3 un grado cent\u00edgrado y en agosto se lleg\u00f3 a 3.3 grados por arriba de la climatolog\u00eda del territorio nacional. Se trata del agosto m\u00e1s caluroso desde 1953. Sumado a ello [&hellip;]<\/p>\n","protected":false},"author":249,"featured_media":13675,"comment_status":"open","ping_status":"closed","sticky":false,"template":"","format":"standard","meta":{"footnotes":""},"categories":[26],"tags":[],"class_list":["post-13674","post","type-post","status-publish","format-standard","has-post-thumbnail","hentry","category-mundo"],"_links":{"self":[{"href":"https:\/\/eloficiodehistoriar.com.mx\/index.php?rest_route=\/wp\/v2\/posts\/13674","targetHints":{"allow":["GET"]}}],"collection":[{"href":"https:\/\/eloficiodehistoriar.com.mx\/index.php?rest_route=\/wp\/v2\/posts"}],"about":[{"href":"https:\/\/eloficiodehistoriar.com.mx\/index.php?rest_route=\/wp\/v2\/types\/post"}],"author":[{"embeddable":true,"href":"https:\/\/eloficiodehistoriar.com.mx\/index.php?rest_route=\/wp\/v2\/users\/249"}],"replies":[{"embeddable":true,"href":"https:\/\/eloficiodehistoriar.com.mx\/index.php?rest_route=%2Fwp%2Fv2%2Fcomments&post=13674"}],"version-history":[{"count":1,"href":"https:\/\/eloficiodehistoriar.com.mx\/index.php?rest_route=\/wp\/v2\/posts\/13674\/revisions"}],"predecessor-version":[{"id":13676,"href":"https:\/\/eloficiodehistoriar.com.mx\/index.php?rest_route=\/wp\/v2\/posts\/13674\/revisions\/13676"}],"wp:featuredmedia":[{"embeddable":true,"href":"https:\/\/eloficiodehistoriar.com.mx\/index.php?rest_route=\/wp\/v2\/media\/13675"}],"wp:attachment":[{"href":"https:\/\/eloficiodehistoriar.com.mx\/index.php?rest_route=%2Fwp%2Fv2%2Fmedia&parent=13674"}],"wp:term":[{"taxonomy":"category","embeddable":true,"href":"https:\/\/eloficiodehistoriar.com.mx\/index.php?rest_route=%2Fwp%2Fv2%2Fcategories&post=13674"},{"taxonomy":"post_tag","embeddable":true,"href":"https:\/\/eloficiodehistoriar.com.mx\/index.php?rest_route=%2Fwp%2Fv2%2Ftags&post=13674"}],"curies":[{"name":"wp","href":"https:\/\/api.w.org\/{rel}","templated":true}]}}