{"id":137,"date":"2008-05-27T06:06:22","date_gmt":"2008-05-27T11:06:22","guid":{"rendered":"https:\/\/eloficiodehistoriar.com.mx\/?p=137"},"modified":"2008-05-27T06:07:29","modified_gmt":"2008-05-27T11:07:29","slug":"oaxacabosque-de-guaje-parte-lll","status":"publish","type":"post","link":"https:\/\/eloficiodehistoriar.com.mx\/?p=137","title":{"rendered":"Oaxaca:Bosque de Guaje parte 3"},"content":{"rendered":"<p class=\"MsoNormal\" style=\"text-align: justify\"><span style=\"font-family: Arial; color: black\">Su \u00faltima remodelaci\u00f3n se realiz\u00f3 en 1981, desde entonces se puede disfrutar en este lugar de las ricas nieves oaxaque\u00f1as de tuna, sorbete, leche quemada y muchos m\u00e1s sabores. <o:p><\/o:p><\/span><\/p>\n<p class=\"MsoNormal\" style=\"text-align: justify\">&nbsp;<\/p>\n<p class=\"MsoNormal\" style=\"text-align: justify\">&nbsp;<\/p>\n<p class=\"MsoNormal\" style=\"text-align: justify\"><span style=\"font-family: Arial; color: black\"><span> <\/span>Es tambi\u00e9n escenario la parte del conjunto llamado <st1:personname productid=\"La Plaza\" w:st=\"on\"><strong>La Plaza<\/strong><\/st1:personname><strong> de <st1:personname productid=\"la Danza\" w:st=\"on\">la Danza<\/st1:personname><\/strong>, para otros eventos culturales y de presentaciones de artistas, orquestas internacionales y eventos pol\u00edticos. <o:p><\/o:p><\/span><\/p>\n<p class=\"MsoNormal\" style=\"text-align: justify\">&nbsp;<\/p>\n<p class=\"MsoNormal\" style=\"text-align: justify\">&nbsp;<\/p>\n<p class=\"MsoNormal\" style=\"text-align: justify\"><strong><span style=\"font-family: Arial; color: black\">El Z\u00f3calo, Plaza de Armas o Plaza de <st1:personname productid=\"la Constituci?n\" w:st=\"on\">la  Constituci\u00f3n<\/st1:personname>, <\/span><\/strong><span style=\"font-family: Arial; color: black\">existe desde 1529 y fue trazada por Juan Pel\u00e1ez de Berrio.<o:p><\/o:p><\/span><\/p>\n<p class=\"MsoNormal\" style=\"text-align: justify\">&nbsp;<\/p>\n<p class=\"MsoNormal\" style=\"text-align: justify\">&nbsp;<\/p>\n<p class=\"MsoNormal\" style=\"text-align: justify\"><span style=\"font-family: Arial; color: black\">Banda de m\u00fasica, marimba, ardillas y gardenias, entre nogales y fuentes.<o:p><\/o:p><\/span><\/p>\n<p class=\"MsoNormal\" style=\"text-align: justify\">&nbsp;<\/p>\n<p class=\"MsoNormal\" style=\"text-align: justify\">&nbsp;<\/p>\n<p class=\"MsoNormal\" style=\"text-align: justify\">&nbsp;<\/p>\n<p class=\"MsoNormal\" style=\"text-align: justify\">&nbsp;<\/p>\n<p class=\"MsoNormal\" style=\"text-align: justify\"><span style=\"font-family: Arial; color: black\">Rodeado de: Los portales, El Palacio, <st1:personname productid=\"la Catedral\" w:st=\"on\">La  Catedral<\/st1:personname> y <st1:personname productid=\"la Alameda\" w:st=\"on\">la  Alameda<\/st1:personname><o:p><\/o:p><\/span><\/p>\n<p class=\"MsoNormal\" style=\"text-align: justify\">&nbsp;<\/p>\n<p class=\"MsoNormal\" style=\"text-align: justify\">&nbsp;<\/p>\n<p class=\"MsoNormal\" style=\"text-align: justify\"><span style=\"font-family: Arial; color: black\">Durante los siglos XVl, XVll y XVlll, la plaza no tuvo empedrado ni banquetas, solo la fuente de m\u00e1rmol que se coloc\u00f3 en 1739. Esta se quit\u00f3 m\u00e1s tarde para dar lugar a un primer kiosco en 1857. <o:p><\/o:p><\/span><\/p>\n<p class=\"MsoNormal\" style=\"text-align: justify\">&nbsp;<\/p>\n<p class=\"MsoNormal\" style=\"text-align: justify\">&nbsp;<\/p>\n<p class=\"MsoNormal\" style=\"text-align: justify\"><span style=\"font-family: Arial; color: black\">En el a\u00f1o de 1881, se acord\u00f3 una nueva compostura y ornamentaci\u00f3n. <o:p><\/o:p><\/span><\/p>\n<p class=\"MsoNormal\" style=\"text-align: justify\">&nbsp;<\/p>\n<p class=\"MsoNormal\" style=\"text-align: justify\">&nbsp;<\/p>\n<p class=\"MsoNormal\" style=\"text-align: justify\"><span style=\"font-family: Arial; color: black\">El 15 de septiembre de 1885 se inaugur\u00f3 la estatua de Ju\u00e1rez en el centro de la plaza, una vez quitado el kiosco, pero nuevamente el jard\u00edn de <st1:personname><\/st1:personname><\/span><\/p>\n","protected":false},"excerpt":{"rendered":"<p>Su \u00faltima remodelaci\u00f3n se realiz\u00f3 en 1981, desde entonces se puede disfrutar en este lugar de las ricas nieves oaxaque\u00f1as de tuna, sorbete, leche quemada y muchos m\u00e1s sabores. &nbsp; &nbsp; Es tambi\u00e9n escenario la parte del conjunto llamado La Plaza de la Danza, para otros eventos culturales y de presentaciones de artistas, orquestas internacionales [&hellip;]<\/p>\n","protected":false},"author":249,"featured_media":0,"comment_status":"open","ping_status":"closed","sticky":false,"template":"","format":"standard","meta":{"footnotes":""},"categories":[9],"tags":[],"class_list":["post-137","post","type-post","status-publish","format-standard","hentry","category-otros-lugares"],"_links":{"self":[{"href":"https:\/\/eloficiodehistoriar.com.mx\/index.php?rest_route=\/wp\/v2\/posts\/137","targetHints":{"allow":["GET"]}}],"collection":[{"href":"https:\/\/eloficiodehistoriar.com.mx\/index.php?rest_route=\/wp\/v2\/posts"}],"about":[{"href":"https:\/\/eloficiodehistoriar.com.mx\/index.php?rest_route=\/wp\/v2\/types\/post"}],"author":[{"embeddable":true,"href":"https:\/\/eloficiodehistoriar.com.mx\/index.php?rest_route=\/wp\/v2\/users\/249"}],"replies":[{"embeddable":true,"href":"https:\/\/eloficiodehistoriar.com.mx\/index.php?rest_route=%2Fwp%2Fv2%2Fcomments&post=137"}],"version-history":[{"count":0,"href":"https:\/\/eloficiodehistoriar.com.mx\/index.php?rest_route=\/wp\/v2\/posts\/137\/revisions"}],"wp:attachment":[{"href":"https:\/\/eloficiodehistoriar.com.mx\/index.php?rest_route=%2Fwp%2Fv2%2Fmedia&parent=137"}],"wp:term":[{"taxonomy":"category","embeddable":true,"href":"https:\/\/eloficiodehistoriar.com.mx\/index.php?rest_route=%2Fwp%2Fv2%2Fcategories&post=137"},{"taxonomy":"post_tag","embeddable":true,"href":"https:\/\/eloficiodehistoriar.com.mx\/index.php?rest_route=%2Fwp%2Fv2%2Ftags&post=137"}],"curies":[{"name":"wp","href":"https:\/\/api.w.org\/{rel}","templated":true}]}}