{"id":13714,"date":"2019-09-14T08:32:26","date_gmt":"2019-09-14T14:32:26","guid":{"rendered":"https:\/\/eloficiodehistoriar.com.mx\/?p=13714"},"modified":"2019-09-14T08:32:26","modified_gmt":"2019-09-14T14:32:26","slug":"cumple-cien-anos-la-academia-mexicana-de-la-historia","status":"publish","type":"post","link":"https:\/\/eloficiodehistoriar.com.mx\/?p=13714","title":{"rendered":"Cumple cien a\u00f1os La Academia Mexicana de La Historia"},"content":{"rendered":"<p>&nbsp;<\/p>\n<p>Centenario de la Academia Mexicana de la Historia<\/p>\n<p>Fabiola Palapa Quijas<\/p>\n<p>Peri\u00f3dico La Jornada<\/p>\n<p>En la conmemoraci\u00f3n del centenario de la Academia Mexicana de la Historia (AMH), la presidenta honor\u00edfica de la Coordinaci\u00f3n Nacional de Memoria Hist\u00f3rica y Cultura de M\u00e9xico, Beatriz Guti\u00e9rrez M\u00fcller, refiri\u00f3 que los historiadores \u2018\u2018coadyuvan con sus investigaciones a forjar una construcci\u00f3n consciente y cr\u00edtica de la identidad nacional.<\/p>\n<p>\u2018\u2018Aunque esta Academia no se ocupe, porque no es su funci\u00f3n la formaci\u00f3n de los nuevos profesionales de la historia, s\u00ed es parte de sus objetivos la difusi\u00f3n del conocimiento; tengo constancia de la inmensa labor en ese sentido, tanto por su fondo editorial, como por sus ciclos de conferencias.\u201d<\/p>\n<p>Este acto, al que asistieron el diputado Porfirio Mu\u00f1oz Ledo, el arque\u00f3logo Eduardo Matos Moctezuma, el historiador y director del Instituto Nacional de Estudios Hist\u00f3ricos de las Revoluciones de M\u00e9xico, Pedro Salmer\u00f3n, y Diego Prieto, director del Instituto Nacional de Antropolog\u00eda e Historia, en representaci\u00f3n de Alejandra Frausto Guerrero, titular de la Secretar\u00eda de Cultura federal, se realiz\u00f3 en la sede de la AMH, en la plaza Carlos Pacheco 21, Centro Hist\u00f3rico de la Ciudad de M\u00e9xico.<\/p>\n<p>Volver a nuestro pasado, dijo Guti\u00e9rrez M\u00fcller<\/p>\n<p>Guti\u00e9rrez M\u00fcller, esposa del presidente Andr\u00e9s Manuel L\u00f3pez Obrador, dijo que para comprender los cambios e intentar orientarnos \u2018\u2018es imprescindible volver una y otra vez a nuestro pasado. Entendernos ayuda a situarnos en el mundo, no podemos comprender nuestro presente sin conocer nuestro pasado\u2019\u2019.<\/p>\n<p>La escritora aludi\u00f3 a la literatura y su relaci\u00f3n con la historia; mencion\u00f3 a la historiadora Clementina D\u00edaz y de Ovando, primera mujer en ingresar a la AMH en 1975 y cuyo discurso se titul\u00f3 La novela hist\u00f3rica de M\u00e9xico. La vinculaci\u00f3n entre literatura e historia.<\/p>\n<p>En el acto conmemorativo participaron Javier Garciadiego, presidente de la AMH, y Luciano Concheiro, titular de la Subsecretar\u00eda de Educaci\u00f3n Superior de la Secretar\u00eda de Educaci\u00f3n P\u00fablica.<\/p>\n<p>Garciadiego inform\u00f3 que se public\u00f3 un libro conmemorativo en el que participaron el mayor n\u00famero de colegiados de la AMH, coordinado por Elisa Speckman y Gisela Von Wobeser, con producci\u00f3n editorial de GM-Espejo Imagen.<\/p>\n","protected":false},"excerpt":{"rendered":"<p>&nbsp; Centenario de la Academia Mexicana de la Historia Fabiola Palapa Quijas Peri\u00f3dico La Jornada En la conmemoraci\u00f3n del centenario de la Academia Mexicana de la Historia (AMH), la presidenta honor\u00edfica de la Coordinaci\u00f3n Nacional de Memoria Hist\u00f3rica y Cultura de M\u00e9xico, Beatriz Guti\u00e9rrez M\u00fcller, refiri\u00f3 que los historiadores \u2018\u2018coadyuvan con sus investigaciones a forjar [&hellip;]<\/p>\n","protected":false},"author":249,"featured_media":13715,"comment_status":"open","ping_status":"closed","sticky":false,"template":"","format":"standard","meta":{"footnotes":""},"categories":[26],"tags":[],"class_list":["post-13714","post","type-post","status-publish","format-standard","has-post-thumbnail","hentry","category-mundo"],"_links":{"self":[{"href":"https:\/\/eloficiodehistoriar.com.mx\/index.php?rest_route=\/wp\/v2\/posts\/13714","targetHints":{"allow":["GET"]}}],"collection":[{"href":"https:\/\/eloficiodehistoriar.com.mx\/index.php?rest_route=\/wp\/v2\/posts"}],"about":[{"href":"https:\/\/eloficiodehistoriar.com.mx\/index.php?rest_route=\/wp\/v2\/types\/post"}],"author":[{"embeddable":true,"href":"https:\/\/eloficiodehistoriar.com.mx\/index.php?rest_route=\/wp\/v2\/users\/249"}],"replies":[{"embeddable":true,"href":"https:\/\/eloficiodehistoriar.com.mx\/index.php?rest_route=%2Fwp%2Fv2%2Fcomments&post=13714"}],"version-history":[{"count":1,"href":"https:\/\/eloficiodehistoriar.com.mx\/index.php?rest_route=\/wp\/v2\/posts\/13714\/revisions"}],"predecessor-version":[{"id":13716,"href":"https:\/\/eloficiodehistoriar.com.mx\/index.php?rest_route=\/wp\/v2\/posts\/13714\/revisions\/13716"}],"wp:featuredmedia":[{"embeddable":true,"href":"https:\/\/eloficiodehistoriar.com.mx\/index.php?rest_route=\/wp\/v2\/media\/13715"}],"wp:attachment":[{"href":"https:\/\/eloficiodehistoriar.com.mx\/index.php?rest_route=%2Fwp%2Fv2%2Fmedia&parent=13714"}],"wp:term":[{"taxonomy":"category","embeddable":true,"href":"https:\/\/eloficiodehistoriar.com.mx\/index.php?rest_route=%2Fwp%2Fv2%2Fcategories&post=13714"},{"taxonomy":"post_tag","embeddable":true,"href":"https:\/\/eloficiodehistoriar.com.mx\/index.php?rest_route=%2Fwp%2Fv2%2Ftags&post=13714"}],"curies":[{"name":"wp","href":"https:\/\/api.w.org\/{rel}","templated":true}]}}