{"id":13734,"date":"2019-09-16T09:54:58","date_gmt":"2019-09-16T15:54:58","guid":{"rendered":"https:\/\/eloficiodehistoriar.com.mx\/?p=13734"},"modified":"2019-09-16T09:54:58","modified_gmt":"2019-09-16T15:54:58","slug":"la-casa-de-la-corregidora-de-queretaro-3","status":"publish","type":"post","link":"https:\/\/eloficiodehistoriar.com.mx\/?p=13734","title":{"rendered":"La Casa de La Corregidora de Quer\u00e9taro"},"content":{"rendered":"<p>&nbsp;<\/p>\n<p>Las Casas Consistoriales,<\/p>\n<p>Actual Palacio de Gobierno en Quer\u00e9taro<\/p>\n<p>y conocidas tradicionalmente, como La Casa de La Corregidora.<\/p>\n<p>&nbsp;<\/p>\n<p>Por Jos\u00e9 F\u00e9lix Zavala<\/p>\n<p>&nbsp;<\/p>\n<p>\u201c\u2026 por hallarse fabricadas las Casas les desde que se conquist\u00f3 el territorio de la mencionada ciudad de Quer\u00e9taro y se redujeron a poblaci\u00f3n sus naturales, se encontraba con tal deterioro y amenazando ruina sin embargo de los continuos reparos que se les ten\u00eda hechos y el de que, aunque para obviar semejantes da\u00f1os estaba dispuesto por las leyes y un cap\u00edtulo de las instrucciones de los corregidores, que de los propios de las ciudades de hagan las casas de consejo, c\u00e1rcel y prisiones que convengan, no se pod\u00edan fabricar en Quer\u00e9taro, por ser sus fondos cort\u00edsimos, se propuso y asegur\u00f3 al procurador general de la enunciada ciudad, por personas distinguidas y abonadas de ella, que si S M, se dignaba de continuar por otros cinco a\u00f1os al nominado Don Mar\u00edn Joseph de la Rocha en el corregimiento que obten\u00eda, se reedificar\u00edan las casas reales y c\u00e1rcel a su costa, convini\u00e9ndose antes con el mapa a que se deb\u00eda ajustar el edificio\u2026\u201d<\/p>\n<p>\u201cEn su dise\u00f1o original aparec\u00edan elementos tales como la esfinge del rey Carlos lll por arriba del balc\u00f3n principal y a ambos lados de este, los escudos de armas del virrey de la Nueva Espa\u00f1a, Marques de Croix y el escudo de armas de la ciudad de Quer\u00e9taro\u201d.<\/p>\n<p>\u201cLas cuatro accesorias a la derecha del zagu\u00e1n y la \u00faltima a la izquierda del mismo, sirvieron como tiendas. La placa que expresaba el reinado espa\u00f1ol y estaba por arriba de la puerta de la sala de audiencia, primera a la izquierda del zagu\u00e1n, ya desapareci\u00f3\u201d.<\/p>\n<p>\u201cEn el \u00e1ngulo poniente del edificio, estuvo una Ermita para las estaciones que sub\u00edan al Calvario y cercana a ella, la puerta de la real c\u00e1rcel y por encima las armas reales\u201d.<\/p>\n<p>\u201cEl ala oriente del edificio fue a\u00f1adido, con las reformas que sufri\u00f3 el edificio despu\u00e9s del sitio de 1867\u201d<\/p>\n<p>Seg\u00fan el derecho espa\u00f1ol, Quer\u00e9taro es refundado como pueblo de indios y muy pronto pasar\u00eda a ser de hecho un pueblo de espa\u00f1oles.<\/p>\n<p>En 1537 Se conceden Mercedes de tierras a caciques otom\u00edes, grupo mesoamericano que a la llegada de los espa\u00f1oles eran poseedores de una s\u00f3lida cultura urbana.<\/p>\n<p>Quer\u00e9taro es considerado por los espa\u00f1oles lugar estrat\u00e9gico del camino de Tierra adentro o de La Plata, que queda establecido entre 1550 y 1555.<\/p>\n<p>Quer\u00e9taro a la llegada de los espa\u00f1oles era ya un pueblo con una producci\u00f3n importante de algod\u00f3n y geogr\u00e1ficamente garganta de tierra adentro<\/p>\n<p>\u201cEl pueblo de indios de Quer\u00e9taro debe de tener gente bien armada para reducir a la \u201cgente b\u00e1rbara que anda desparramada y sin concierto por esas partes\u201d. Le llamaron pueblo de frontera.<\/p>\n<p>Estalla la guerra chichimeca en 1555 y termina en 1600<\/p>\n<p>Conin en la nueva traza de la ciudad de Quer\u00e9taro o Pueblo de indios traza una calle partiendo del r\u00edo, corriendo en forma perpendicular, hasta la ciudadela de los franciscanos o Convento Grande, siguiendo el rumbo de lo que fue la calle de 5 se\u00f1ores ahora Av. Ju\u00e1rez, construyendo acequias para canalizar las aguas del r\u00edo.<\/p>\n<p>La traza de la refundaci\u00f3n de Quer\u00e9taro pareciera ser primero por el a\u00f1o de 1531, del Pochtecatl Conin y a partir de 1551 al 1600 al estilo espa\u00f1ol, encabezada por Juan S\u00e1nchez de Alan\u00eds.<\/p>\n<p>Un paso para reorganizar la Encomienda de Quer\u00e9taro desde una perspectiva administrativa, fue la de construir una casa donde radicara el encomendero o su representante.<\/p>\n<p>Para que pudieran hospedarse los espa\u00f1oles, Hern\u00e1n P\u00e9rez de Bocanegra, encomendero de Ac\u00e1mbaro,, mand\u00f3 construir en Quer\u00e9taro una casa \u201cgrande\u201d, en donde seguramente tambi\u00e9n se recolectaba el tributo. Esta casa se encuentra en la esquina de las antiguas calles del Sol Divino y La Bajada de Guadalupe.<\/p>\n<p>Para construir la casa del encomendero, el Emperador Carlos V, en 1554, emiti\u00f3 una c\u00e9dula donde se ordenaba que dichas casas fueran construidas con las rentas de los tributarios, aprovechando as\u00ed tambi\u00e9n sus servicios.<\/p>\n<p>Ahora son las actuales calles convergentes, la de 16 de septiembre y La de Pasteur norte, donde se encuentra una casa grande, con las caracter\u00edsticas que marca, Hern\u00e1n P\u00e9rez de Bocanegra<\/p>\n<p>En esta casa se recaudar\u00eda el tributo, por lo que debi\u00f3 ser grande y c\u00f3moda, con almacenes para los granos y productos del tributo, adem\u00e1s cont\u00f3 con corrales donde los espa\u00f1oles criaban cochinos y ten\u00edan caballerizas.<\/p>\n<p>Para el primer Calpixque o recaudador de tributos, un se\u00f1or apellidado Canelas, expres\u00f3 que \u00e9l hab\u00eda ido a Quer\u00e9taro \u201c muchas veces a holgarze y cazar\u201d, por lo que se intuye que la casa deb\u00eda ser grande.<\/p>\n<p>En 1582 seg\u00fan \u201cLa Relaci\u00f3n de Quer\u00e9taro\u201d, Hernando de vargas se\u00f1ala por medio de su escribano Francisco Ramos de C\u00e1rdenas, que se marc\u00f3 el sitio que deb\u00eda ocupar la Plaza y Las Casas de Cabildo.<\/p>\n<p>En la esquina de las antiguas calles del Chirimoyo y Los Obrajes, existe un portal en franco deterioro, de tres arcos, mandado construir por el tesorero Joaqu\u00edn Valderrama a finales del siglo XVl, m\u00e1s o menos contempor\u00e1neo a la escritura de la \u201cRelaci\u00f3n de Quer\u00e9taro\u201d y donde se insiste, sin haber encontrado otro documento, m\u00e1s que la tradici\u00f3n, que all\u00ed se construyeron Las casas reales.<\/p>\n<p>Tambi\u00e9n se dice que en alg\u00fan tiempo Las casas Reales estuvieron, en donde estuvo la Alh\u00f3ndiga y posteriormente el teatro Iturbide o de La Rep\u00fablica y Las C\u00e1celes, en donde se encuentra la oficina de Bancomer, en el Jard\u00edn Zenea y que era propiedad de la familia Samaniego.<\/p>\n<p>En el mapa de 1620, se ve una banda alamedada, donde hoy se encuentra lo que fueron Las Casas Reales.<\/p>\n<p>En el plano llamado \u201cTypus descritio Zivitatiz queretanensis\u201d realizado por el a\u00f1o de 1712 al 14, se ve en el lugar donde ahora se encuentra la sede del Poder Ejecutivo del estado, un edificio de dos pisos, anterior al que ahora se encuentra.<\/p>\n<p>Para 1740 nos dice Manuel de la Llata, que este predio fue comprado por el Ayuntamiento, a la india Mar\u00eda Jimena, para construir Las casas Reales y Las C\u00e1rceles.<\/p>\n<p>Mientras que el historiador Manuel Septi\u00e9n nos dice: \u201c Las Casas Reales ya exist\u00edan con anterioridad, por lo cual es de creer que por ser insuficientes, fueron demolidas y erigidas, de nuevo en su totalidad por Don Mart\u00edn Jos\u00e9 de la Rocha, quien les dio mayor amplitud y magnificencia \u201d.<\/p>\n<p>Los datos m\u00e1s importantes que conocemos de Mart\u00edn Jos\u00e9 de la Rocha se encuentran en la obra \u201cJard\u00edn de Apolo\u201d fechada en 1810 y escrita por Jos\u00e9 Mariano Acosta Enr\u00edquez.<\/p>\n<p>Datos biogr\u00e1ficos y apolog\u00e9ticos de este benefactor, quedaron en una placa que estuvo bajo el busto de este Corregidor De La Rocha.<\/p>\n<p>Seg\u00fan los documentos de construcci\u00f3n de Las C\u00e1rceles y casas reales, se comenzaron a construir las actuales a partir de 1680.<\/p>\n<p>En 1770 el Corregidor Jos\u00e9 Mart\u00edn de la Rocha Sans Y Espaleta, hab\u00eda construido el actual edificio que entonces eran, Las Casas reales y Las c\u00e1rceles, seg\u00fan documentos y planos a la vista.<\/p>\n<p>En los planos y fachadas en 1771, dibujados por el queretano Manuel Sebasti\u00e1n Garay y en otros de 1772, dibujados por el celayense, Jos\u00e9 Antonio Velarde, fueron enviados a la sede del Virreinato por el Corregidor Jos\u00e9 Mart\u00edn de La Rocha.<\/p>\n","protected":false},"excerpt":{"rendered":"<p>&nbsp; Las Casas Consistoriales, Actual Palacio de Gobierno en Quer\u00e9taro y conocidas tradicionalmente, como La Casa de La Corregidora. &nbsp; Por Jos\u00e9 F\u00e9lix Zavala &nbsp; \u201c\u2026 por hallarse fabricadas las Casas les desde que se conquist\u00f3 el territorio de la mencionada ciudad de Quer\u00e9taro y se redujeron a poblaci\u00f3n sus naturales, se encontraba con tal [&hellip;]<\/p>\n","protected":false},"author":249,"featured_media":13735,"comment_status":"open","ping_status":"closed","sticky":false,"template":"","format":"standard","meta":{"footnotes":""},"categories":[26],"tags":[],"class_list":["post-13734","post","type-post","status-publish","format-standard","has-post-thumbnail","hentry","category-mundo"],"_links":{"self":[{"href":"https:\/\/eloficiodehistoriar.com.mx\/index.php?rest_route=\/wp\/v2\/posts\/13734","targetHints":{"allow":["GET"]}}],"collection":[{"href":"https:\/\/eloficiodehistoriar.com.mx\/index.php?rest_route=\/wp\/v2\/posts"}],"about":[{"href":"https:\/\/eloficiodehistoriar.com.mx\/index.php?rest_route=\/wp\/v2\/types\/post"}],"author":[{"embeddable":true,"href":"https:\/\/eloficiodehistoriar.com.mx\/index.php?rest_route=\/wp\/v2\/users\/249"}],"replies":[{"embeddable":true,"href":"https:\/\/eloficiodehistoriar.com.mx\/index.php?rest_route=%2Fwp%2Fv2%2Fcomments&post=13734"}],"version-history":[{"count":1,"href":"https:\/\/eloficiodehistoriar.com.mx\/index.php?rest_route=\/wp\/v2\/posts\/13734\/revisions"}],"predecessor-version":[{"id":13736,"href":"https:\/\/eloficiodehistoriar.com.mx\/index.php?rest_route=\/wp\/v2\/posts\/13734\/revisions\/13736"}],"wp:featuredmedia":[{"embeddable":true,"href":"https:\/\/eloficiodehistoriar.com.mx\/index.php?rest_route=\/wp\/v2\/media\/13735"}],"wp:attachment":[{"href":"https:\/\/eloficiodehistoriar.com.mx\/index.php?rest_route=%2Fwp%2Fv2%2Fmedia&parent=13734"}],"wp:term":[{"taxonomy":"category","embeddable":true,"href":"https:\/\/eloficiodehistoriar.com.mx\/index.php?rest_route=%2Fwp%2Fv2%2Fcategories&post=13734"},{"taxonomy":"post_tag","embeddable":true,"href":"https:\/\/eloficiodehistoriar.com.mx\/index.php?rest_route=%2Fwp%2Fv2%2Ftags&post=13734"}],"curies":[{"name":"wp","href":"https:\/\/api.w.org\/{rel}","templated":true}]}}