{"id":13742,"date":"2019-09-17T09:27:43","date_gmt":"2019-09-17T15:27:43","guid":{"rendered":"https:\/\/eloficiodehistoriar.com.mx\/?p=13742"},"modified":"2019-09-17T09:27:43","modified_gmt":"2019-09-17T15:27:43","slug":"la-onu-pide-disculpas-a-espana-por-el-caso-del-guernica","status":"publish","type":"post","link":"https:\/\/eloficiodehistoriar.com.mx\/?p=13742","title":{"rendered":"La ONU pide disculpas a Espa\u00f1a por el caso del \u00abGuernica\u00bb"},"content":{"rendered":"<p>&nbsp;<\/p>\n<p>Pejo H. Ria\u00f1o<\/p>\n<p>El Pa\u00eds<\/p>\n<p>La ONU se ha disculpado p\u00fablicamente este lunes con Espa\u00f1a por definir el Guernica de Pablo Picasso \u201ccomo forma de protesta art\u00edstica contra las atrocidades de la Rep\u00fablica durante la Guerra Civil espa\u00f1ola\u201d. El portavoz de la organizaci\u00f3n St\u00e9phane Dujarric ha anunciado que va a modificar el texto en la p\u00e1gina web de las Naciones Unidas porque \u201cobviamente es un horrible error si se tiene en cuenta lo que realmente sucedi\u00f3 en Guernica\u201d.<\/p>\n<p>M\u00c1S INFORMACI\u00d3N<br \/>\nLa ONU pide disculpas a Espa\u00f1a por su \u201chorrible error\u201d sobre el \u2018Guernica\u2019 de PicassoPicasso pint\u00f3 el \u2018Guernica\u2019 para denunciar las \u201catrocidades de la Rep\u00fablica\u201d, seg\u00fan la ONU<br \/>\nLa ONU pide disculpas a Espa\u00f1a por su \u201chorrible error\u201d sobre el \u2018Guernica\u2019 de PicassoEl \u2018Guernica\u2019 de Picasso: as\u00ed se hizo el cuadro m\u00e1s c\u00e9lebre del siglo XX<br \/>\nDujarric reconoci\u00f3 que hab\u00eda recibido noticias del problema a lo largo del fin de semana, cuando EL PA\u00cdS public\u00f3 la informaci\u00f3n de la campa\u00f1a de recogida de firmas para subsanar el error lanzada por la plataforma Nueva Cultura. El \u201cerror\u201d llevaba ah\u00ed dos o tres a\u00f1os sin ser detectado, ha asegurado el portavoz. El lunes, el sitio web dedicado a mostrar los obsequios recibidos fue retirado temporalmente mientras se revisa el contenido completo de todas las rese\u00f1as y se lleva a cabo \u201cla necesaria correcci\u00f3n\u201d.<\/p>\n<p>La definici\u00f3n se refer\u00eda a un tapiz encargado por Nelson A. Rockefeller, en 1955, realizado por el taller de J. De la Baume-Durrbach (al sur de Francia), bajo la supervisi\u00f3n del artista malague\u00f1o. \u201cEl tapiz fue presentado y colocado sobre la pared a la entrada del Sal\u00f3n del Consejo de Seguridad, el 13 de septiembre de 1985\u201d, recuerda la p\u00e1gina que difunde el cat\u00e1logo art\u00edstico de Naciones Unidas. La viuda del magnate don\u00f3 la obra en noviembre de 2016.<\/p>\n<p>\u201cLamentamos el error y trasladamos nuestras disculpas al pueblo y al Gobierno de Espa\u00f1a\u201d, ha a\u00f1adido el portavoz que ha insistido en se\u00f1alar que todo ha sido un \u201cerror\u201d sin \u201cmalas intenciones\u201d o \u201csegundas intenciones\u201d. \u201cSabemos perfectamente que los republicanos fueron las v\u00edctimas y no los autores\u201d, ha explicado sobre el bombardeo de la localidad vizca\u00edna el 26 de abril de 1937, llevado a cabo por aviones de la Legi\u00f3n C\u00f3ndor alemana, aliada de Francisco Franco. Arrojaron 31 toneladas de bombas incendiarias y explosivas durante cuatro horas sobre la poblaci\u00f3n.<\/p>\n","protected":false},"excerpt":{"rendered":"<p>&nbsp; Pejo H. Ria\u00f1o El Pa\u00eds La ONU se ha disculpado p\u00fablicamente este lunes con Espa\u00f1a por definir el Guernica de Pablo Picasso \u201ccomo forma de protesta art\u00edstica contra las atrocidades de la Rep\u00fablica durante la Guerra Civil espa\u00f1ola\u201d. El portavoz de la organizaci\u00f3n St\u00e9phane Dujarric ha anunciado que va a modificar el texto en [&hellip;]<\/p>\n","protected":false},"author":249,"featured_media":13743,"comment_status":"open","ping_status":"closed","sticky":false,"template":"","format":"standard","meta":{"footnotes":""},"categories":[26],"tags":[],"class_list":["post-13742","post","type-post","status-publish","format-standard","has-post-thumbnail","hentry","category-mundo"],"_links":{"self":[{"href":"https:\/\/eloficiodehistoriar.com.mx\/index.php?rest_route=\/wp\/v2\/posts\/13742","targetHints":{"allow":["GET"]}}],"collection":[{"href":"https:\/\/eloficiodehistoriar.com.mx\/index.php?rest_route=\/wp\/v2\/posts"}],"about":[{"href":"https:\/\/eloficiodehistoriar.com.mx\/index.php?rest_route=\/wp\/v2\/types\/post"}],"author":[{"embeddable":true,"href":"https:\/\/eloficiodehistoriar.com.mx\/index.php?rest_route=\/wp\/v2\/users\/249"}],"replies":[{"embeddable":true,"href":"https:\/\/eloficiodehistoriar.com.mx\/index.php?rest_route=%2Fwp%2Fv2%2Fcomments&post=13742"}],"version-history":[{"count":1,"href":"https:\/\/eloficiodehistoriar.com.mx\/index.php?rest_route=\/wp\/v2\/posts\/13742\/revisions"}],"predecessor-version":[{"id":13744,"href":"https:\/\/eloficiodehistoriar.com.mx\/index.php?rest_route=\/wp\/v2\/posts\/13742\/revisions\/13744"}],"wp:featuredmedia":[{"embeddable":true,"href":"https:\/\/eloficiodehistoriar.com.mx\/index.php?rest_route=\/wp\/v2\/media\/13743"}],"wp:attachment":[{"href":"https:\/\/eloficiodehistoriar.com.mx\/index.php?rest_route=%2Fwp%2Fv2%2Fmedia&parent=13742"}],"wp:term":[{"taxonomy":"category","embeddable":true,"href":"https:\/\/eloficiodehistoriar.com.mx\/index.php?rest_route=%2Fwp%2Fv2%2Fcategories&post=13742"},{"taxonomy":"post_tag","embeddable":true,"href":"https:\/\/eloficiodehistoriar.com.mx\/index.php?rest_route=%2Fwp%2Fv2%2Ftags&post=13742"}],"curies":[{"name":"wp","href":"https:\/\/api.w.org\/{rel}","templated":true}]}}