{"id":13752,"date":"2019-09-18T09:18:57","date_gmt":"2019-09-18T15:18:57","guid":{"rendered":"https:\/\/eloficiodehistoriar.com.mx\/?p=13752"},"modified":"2019-09-18T09:18:57","modified_gmt":"2019-09-18T15:18:57","slug":"jornada-mundial-del-alzheimer-el-papa-pide-mas-apoyo-para-abatir-esta-enfermedad","status":"publish","type":"post","link":"https:\/\/eloficiodehistoriar.com.mx\/?p=13752","title":{"rendered":"Jornada mundial del alzheimer; El Papa pide mas apoyo para abatir esta enfermedad"},"content":{"rendered":"<p>&nbsp;<\/p>\n<p>ACI<\/p>\n<p>El Papa Francisco rez\u00f3 por las personas que padecen Alzheimer, y denunci\u00f3 que \u201ca causa de esta enfermedad, son frecuentemente v\u00edctimas de violencia y maltratos\u201d.<\/p>\n<p>As\u00ed lo dijo el Santo Padre al concluir la Audiencia General de este mi\u00e9rcoles en la Plaza de San Pedro en la que lanz\u00f3 un llamado a brindar m\u00e1s apoyo a los hombres y mujeres afectados por la enfermedad de Alzheimer.<\/p>\n<p>\u201cEl pr\u00f3ximo 21 de septiembre es la Jornada Mundial de Alzheimer, una enfermedad que afecta tanto a hombres, como a mujeres, quienes, a causa de esta enfermedad, son frecuentemente v\u00edctimas de violencia, maltratos y abusos que pisotea su dignidad\u201d, advirti\u00f3 el Papa.<\/p>\n<p>De acuerdo a los Centros para el Control de Enfermedades de Estados Unidos (CDC), el Alzheimer es \u201cel tipo m\u00e1s com\u00fan de demencia\u201d, que se presenta de forma progresiva con \u201cligera p\u00e9rdida de memoria posiblemente llevando a la p\u00e9rdida de la capacidad de sostener una conversaci\u00f3n y responder al medio ambiente\u201d.<\/p>\n<p>El Alzheimer, indica CDC, afecta a \u201cpartes del cerebro que controlan el pensamiento, la memoria y el lenguaje\u201d y puede \u201cafectar seriamente la capacidad de una persona para realizar actividades diarias\u201d.<\/p>\n<p>Para 2015 hab\u00eda alrededor de 30 millones de personas en el mundo con Alzheimer. Se estima que solo en Estados Unidos para 2060 14 millones de personas padezcan esta enfermedad.<\/p>\n<p>El Papa Francisco pidi\u00f3 oraciones \u201cpor la conversi\u00f3n de los corazones y por quienes son afectados por el Alzheimer, por sus familias y por quienes los cuidan con amor\u201d.<\/p>\n<p>Adem\u00e1s, el Papa quiso recordar tambi\u00e9n en su oraci\u00f3n a quienes est\u00e1n afectados por patolog\u00edas tumorales \u201cpara que reciban cada vez m\u00e1s apoyo, sea en la prevenci\u00f3n como en el cuidado de esta enfermedad\u201d.<\/p>\n","protected":false},"excerpt":{"rendered":"<p>&nbsp; ACI El Papa Francisco rez\u00f3 por las personas que padecen Alzheimer, y denunci\u00f3 que \u201ca causa de esta enfermedad, son frecuentemente v\u00edctimas de violencia y maltratos\u201d. As\u00ed lo dijo el Santo Padre al concluir la Audiencia General de este mi\u00e9rcoles en la Plaza de San Pedro en la que lanz\u00f3 un llamado a brindar [&hellip;]<\/p>\n","protected":false},"author":249,"featured_media":13753,"comment_status":"open","ping_status":"closed","sticky":false,"template":"","format":"standard","meta":{"footnotes":""},"categories":[26],"tags":[],"class_list":["post-13752","post","type-post","status-publish","format-standard","has-post-thumbnail","hentry","category-mundo"],"_links":{"self":[{"href":"https:\/\/eloficiodehistoriar.com.mx\/index.php?rest_route=\/wp\/v2\/posts\/13752","targetHints":{"allow":["GET"]}}],"collection":[{"href":"https:\/\/eloficiodehistoriar.com.mx\/index.php?rest_route=\/wp\/v2\/posts"}],"about":[{"href":"https:\/\/eloficiodehistoriar.com.mx\/index.php?rest_route=\/wp\/v2\/types\/post"}],"author":[{"embeddable":true,"href":"https:\/\/eloficiodehistoriar.com.mx\/index.php?rest_route=\/wp\/v2\/users\/249"}],"replies":[{"embeddable":true,"href":"https:\/\/eloficiodehistoriar.com.mx\/index.php?rest_route=%2Fwp%2Fv2%2Fcomments&post=13752"}],"version-history":[{"count":1,"href":"https:\/\/eloficiodehistoriar.com.mx\/index.php?rest_route=\/wp\/v2\/posts\/13752\/revisions"}],"predecessor-version":[{"id":13754,"href":"https:\/\/eloficiodehistoriar.com.mx\/index.php?rest_route=\/wp\/v2\/posts\/13752\/revisions\/13754"}],"wp:featuredmedia":[{"embeddable":true,"href":"https:\/\/eloficiodehistoriar.com.mx\/index.php?rest_route=\/wp\/v2\/media\/13753"}],"wp:attachment":[{"href":"https:\/\/eloficiodehistoriar.com.mx\/index.php?rest_route=%2Fwp%2Fv2%2Fmedia&parent=13752"}],"wp:term":[{"taxonomy":"category","embeddable":true,"href":"https:\/\/eloficiodehistoriar.com.mx\/index.php?rest_route=%2Fwp%2Fv2%2Fcategories&post=13752"},{"taxonomy":"post_tag","embeddable":true,"href":"https:\/\/eloficiodehistoriar.com.mx\/index.php?rest_route=%2Fwp%2Fv2%2Ftags&post=13752"}],"curies":[{"name":"wp","href":"https:\/\/api.w.org\/{rel}","templated":true}]}}