{"id":13767,"date":"2019-09-20T08:30:02","date_gmt":"2019-09-20T14:30:02","guid":{"rendered":"https:\/\/eloficiodehistoriar.com.mx\/?p=13767"},"modified":"2019-09-20T08:30:02","modified_gmt":"2019-09-20T14:30:02","slug":"defensora-de-derechos-humanos-mexicana-recibe-doctorado-honoris-causa-de-paris-nanterre","status":"publish","type":"post","link":"https:\/\/eloficiodehistoriar.com.mx\/?p=13767","title":{"rendered":"Defensora de derechos humanos mexicana recibe doctorado honoris causa de Par\u00eds Nanterre"},"content":{"rendered":"<p>CIUDAD DE M\u00c9XICO<\/p>\n<p>apro<\/p>\n<p>Por primera vez en su historia, la Universit\u00e9 Paris Nanterre, una de las m\u00e1s importantes instituciones educativas de Francia, otorgar\u00e1 un Doctorado Honoris Causa a una destacada defensora de los derechos humanos mexicana, Alejandra Ancheita Pagaza, con lo que se convertir\u00e1 en la primera mujer de nuestro pa\u00eds en recibir dicha distinci\u00f3n.<\/p>\n<p>De acuerdo con la instituci\u00f3n, la fundadora y presidenta de la organizaci\u00f3n no gubernamental (ONG) Proyecto de Derechos Econ\u00f3micos, Sociales y Culturales (ProDESC), cuyo prop\u00f3sito es defender y promover los derechos econ\u00f3micos, sociales y culturales de los trabajadores y los migrantes, recibir\u00e1 el Doctorado Honoris Causa 2019 como reconocimiento a sus 20 a\u00f1os de contribuci\u00f3n a las ciencias y humanidades.<\/p>\n<p>\u201cEn 2012-2013 la Facultad de Derecho de Harvard y la Fundaci\u00f3n Wasserstein nombraron a Ancheita colega de inter\u00e9s p\u00fablico por su trabajo en el \u00e1rea de derecho p\u00fablico\u201d, y un a\u00f1o despu\u00e9s fue condecorada con el premio Martin Ennals (conocido en el mundo como el Nobel de los Derechos Humanos), reconocimiento con el que tambi\u00e9n se convirti\u00f3 en la primera mexicana en obtenerlo, destac\u00f3 la Universidad de Nanterre.<\/p>\n<p>Tambi\u00e9n record\u00f3 que en 2014 recibi\u00f3 la Medalla Omec\u00edhuatl del Instituto de la Mujer de la Ciudad de M\u00e9xico, y en 2015 el Senado de la Rep\u00fablica reconoci\u00f3 su papel como defensora de los derechos humanos, en particular a favor de las comunidades migrantes, ind\u00edgenas y trabajadoras.<\/p>\n<p>Abogada por la Universidad Aut\u00f3noma Metropolitana, con maestr\u00eda en Derecho Internacional y Justicia Global por la Universidad de Fordham, Nueva York, la fundadora de ProDESC lleva m\u00e1s de dos d\u00e9cadas involucrada en la protecci\u00f3n de los derechos econ\u00f3micos, sociales y culturales de las personas m\u00e1s marginadas de M\u00e9xico, muchos de ellos frente a los intereses de empresas trasnacionales, precis\u00f3 en un comunicado la ONG.<\/p>\n<p>Y detall\u00f3 que uno de los casos emblem\u00e1ticos que Ancheita ha encabezado es el acompa\u00f1amiento a la comunidad ind\u00edgena zapoteca de Uni\u00f3n Hidalgo en defensa de su tierra y territorio frente a la instalaci\u00f3n de un megaproyecto de energ\u00eda e\u00f3lica de la compa\u00f1\u00eda francesa \u00c9lectricit\u00e9 de France (EDF), que ha derivado en la realizaci\u00f3n de la primera consulta ind\u00edgena del gobierno de Andr\u00e9s Manuel L\u00f3pez Obrador.<\/p>\n<p>El Doctorado Honoris Causa se entrega cada cinco a\u00f1os a figuras destacadas del \u00e1mbito acad\u00e9mico, art\u00edstico y de liderazgo social, como han sido los casos del polit\u00f3logo Norberto Bobbio (1984), el l\u00edder espiritual Dalai Lama (1984), el m\u00fasico Miles Davis (1988), el escritor mexicano Leopoldo Zea (1984), el cineasta brasile\u00f1o Nelson Pereira dos Santos (1993) y la feminista estadunidense Angela Davis (2014). Este 2019 es la primera vez que se reconoce a una mujer mexicana defensora de los derechos humanos.<\/p>\n<p>La entrega del reconocimiento se realizar\u00e1 el pr\u00f3ximo viernes 27 en el campus de la Universidad de Paris Nanterre, en cuyas aulas han desfilado personajes como Nicolas Sarkozy, Emmanuel Macron, Dominique Strauss-Kahn y Christine Lagarde, entre otros.<\/p>\n","protected":false},"excerpt":{"rendered":"<p>CIUDAD DE M\u00c9XICO apro Por primera vez en su historia, la Universit\u00e9 Paris Nanterre, una de las m\u00e1s importantes instituciones educativas de Francia, otorgar\u00e1 un Doctorado Honoris Causa a una destacada defensora de los derechos humanos mexicana, Alejandra Ancheita Pagaza, con lo que se convertir\u00e1 en la primera mujer de nuestro pa\u00eds en recibir dicha [&hellip;]<\/p>\n","protected":false},"author":249,"featured_media":13768,"comment_status":"open","ping_status":"closed","sticky":false,"template":"","format":"standard","meta":{"footnotes":""},"categories":[26],"tags":[],"class_list":["post-13767","post","type-post","status-publish","format-standard","has-post-thumbnail","hentry","category-mundo"],"_links":{"self":[{"href":"https:\/\/eloficiodehistoriar.com.mx\/index.php?rest_route=\/wp\/v2\/posts\/13767","targetHints":{"allow":["GET"]}}],"collection":[{"href":"https:\/\/eloficiodehistoriar.com.mx\/index.php?rest_route=\/wp\/v2\/posts"}],"about":[{"href":"https:\/\/eloficiodehistoriar.com.mx\/index.php?rest_route=\/wp\/v2\/types\/post"}],"author":[{"embeddable":true,"href":"https:\/\/eloficiodehistoriar.com.mx\/index.php?rest_route=\/wp\/v2\/users\/249"}],"replies":[{"embeddable":true,"href":"https:\/\/eloficiodehistoriar.com.mx\/index.php?rest_route=%2Fwp%2Fv2%2Fcomments&post=13767"}],"version-history":[{"count":1,"href":"https:\/\/eloficiodehistoriar.com.mx\/index.php?rest_route=\/wp\/v2\/posts\/13767\/revisions"}],"predecessor-version":[{"id":13769,"href":"https:\/\/eloficiodehistoriar.com.mx\/index.php?rest_route=\/wp\/v2\/posts\/13767\/revisions\/13769"}],"wp:featuredmedia":[{"embeddable":true,"href":"https:\/\/eloficiodehistoriar.com.mx\/index.php?rest_route=\/wp\/v2\/media\/13768"}],"wp:attachment":[{"href":"https:\/\/eloficiodehistoriar.com.mx\/index.php?rest_route=%2Fwp%2Fv2%2Fmedia&parent=13767"}],"wp:term":[{"taxonomy":"category","embeddable":true,"href":"https:\/\/eloficiodehistoriar.com.mx\/index.php?rest_route=%2Fwp%2Fv2%2Fcategories&post=13767"},{"taxonomy":"post_tag","embeddable":true,"href":"https:\/\/eloficiodehistoriar.com.mx\/index.php?rest_route=%2Fwp%2Fv2%2Ftags&post=13767"}],"curies":[{"name":"wp","href":"https:\/\/api.w.org\/{rel}","templated":true}]}}