{"id":13775,"date":"2019-09-20T09:59:09","date_gmt":"2019-09-20T15:59:09","guid":{"rendered":"https:\/\/eloficiodehistoriar.com.mx\/?p=13775"},"modified":"2019-09-20T09:59:09","modified_gmt":"2019-09-20T15:59:09","slug":"el-territorio-de-la-sierra-gorda-con-cabecera-en-san-luis-de-la-paz","status":"publish","type":"post","link":"https:\/\/eloficiodehistoriar.com.mx\/?p=13775","title":{"rendered":"El territorio de la Sierra Gorda con cabecera en San Luis de La Paz"},"content":{"rendered":"<p>Por Jos\u00e9 F\u00e9lix Zavala<\/p>\n<p>&nbsp;<\/p>\n<p>La gran planicie donde termina o comienza el territorio de la Sierra Gorda, llamada antiguamente Laguna de Patos, y donde sus aguas tributan a los dos mares, uno por el R\u00edo de la Laja para el Lerma que termina en el Pac\u00edfico, y otro por el R\u00edo Pe\u00f1amiller que desemboca en el Moctezuma y este a su vez en el P\u00e1nuco, terminando en Tampico.<\/p>\n<p>En sus cercan\u00edas se encuentra desde 1750 la llamada Misi\u00f3n de Chichimecas, que es el \u00faltimo reducto Jon\u00e1s, despu\u00e9s del etnocidio que llevara en la Sierra Gorda, Jos\u00e9 de Escand\u00f3n.<\/p>\n<p>Para 1595 se instalaron los padres jesuitas, algunos espa\u00f1oles y los grupos de indios aliados a estos y establecieron una Doctrina.<\/p>\n<p>Construyeron posteriormente la Parroquia, algunas capillas como la del Hospital, la del Santuario de Guadalupe, la de las \u00c1nimas y la del Pante\u00f3n, dedic\u00e1ndose en mucho al aprendizaje de los diferente idiomas de los grupos ind\u00edgenas que se instalaron ah\u00ed y los que ya hab\u00eda en la Sierra Gorda.<\/p>\n<p>Las dos veces en que la Serra Gorda figur\u00f3 como Departamento independiente, fue San Luis de la Paz su capital, aunque por su posici\u00f3n y naturaleza ancestralmente y sin nombramientos pol\u00edticos ha sido la capital de esta regi\u00f3n y de donde partieron los jesuitas a misionar lo que hoy conocemos por Sierra Gorda en el estado de Guanajuato y que abandonaron los franciscanos, ahora perteneciente a la Di\u00f3cesis de Quer\u00e9taro.<\/p>\n<p>San Luis de la Paz, primera Misi\u00f3n encargada por la Iglesia Cat\u00f3lica en el actual territorio mexicano y a poco tiempo de la llegada a Am\u00e9rica de estos religiosos fue la fundadora de esta misma religi\u00f3n en la parte de la Sierra Gorda que hoy pertenece al estado de Guanajuato, pero que can\u00f3nicamente pertenece desde 1864 al Obispado de Quer\u00e9taro y por tanto los jesuitas son tambi\u00e9n fundadores de la Iglesia en esta Di\u00f3cesis.<\/p>\n<p>El Mineral de Pozos est\u00e1 metido entre dos peque\u00f1as cordilleras, una llamada el Cerro del Azogue, formada por este cerro, el de Lobos, Cerro Pel\u00f3n, Pe\u00f1a de la V\u00edbora, Picacho de la Quija, y la otra peque\u00f1a cordillera la forma solamente el Picacho de la Noria de Charcas, de este que fuera muy rico Mineral del Palmar, bajo el patrocinio de San Pedro Ap\u00f3stol.<\/p>\n<p>Este Mineral de Pozos ya exist\u00eda antes de la llegada de los espa\u00f1oles a la regi\u00f3n, y sus minas eran explotadas por sus habitantes milenarios que desprend\u00edan las capas de las vetas. Todav\u00eda se puede observar las huellas de estas labores mineras prehisp\u00e1nicas, as\u00ed como sus pozos o tiros y su producci\u00f3n principal fue el mercurio.<\/p>\n<p>En 1585 aparecen ya los nombres de Palmar de Vega y de San Pedro de los Pozos, llegando los primeros colonos atra\u00eddos por las minas y para 1592 los jesuitas toman a su cargo la m\u00e1s importante mina que ha tenido esta poblaci\u00f3n, la llamada de Santa Br\u00edgida, donde dejaron muestras de un sistema minero a la vanguardia de su \u00e9poca.<\/p>\n<p>San Jos\u00e9 Iturbide<\/p>\n<p>Al pie de las monta\u00f1as del Pinalillo, entre el monte del llano de la Hacienda de la Alameda, donde existi\u00f3 una antigua poblaci\u00f3n prehisp\u00e1nica y cuyos vestigios se conocen todav\u00eda. M\u00e1s tarde se fundar\u00e1 una poblaci\u00f3n de espa\u00f1oles con el nombre de Los Llanos y luego de Casas Viejas que fue adoctrinada por los jesuitas.<\/p>\n<p>Para 1754, el Arzobispo de M\u00e9xico Rubio y Salinas funda una Vicar\u00eda fija que a los pocos a\u00f1os se convertir\u00eda en parroquia administrada por el Clero Secular. Por ah\u00ed pasaba el camino que conduc\u00eda la plata y el oro de Pozos, comestibles y maquinaria que le daba alg\u00fan ingreso econ\u00f3mico a la poblaci\u00f3n, pero una vez expulsados los jesuitas en 1772, fue el cultivo de las tierras lo que le dio su independencia econ\u00f3mica.<\/p>\n<p>Tierra Blanca<\/p>\n<p>La poblaci\u00f3n de Tierra Blanca, que en alg\u00fan tiempo perteneciera al municipio de Iturbide, es habitada principalmente por Otom\u00edes del mismo grupo de los que fundaron Tolim\u00e1n, Palmas y Tolimanejo, despu\u00e9s de la incursi\u00f3n de los espa\u00f1oles a la Sierra Gorda.<\/p>\n<p>El pueblo est\u00e1 ubicado de norte a sur, sobre la barranca que baja del Zamorano, y como los otros pueblos mencionados, este no fue misionado por jesuitas, sino por franciscanos.<\/p>\n<p>Durante las permanentes guerras de los chichimecas contra los espa\u00f1oles y sus aliados, esta poblaci\u00f3n jug\u00f3 un papel importante para abrirles avanzada a los conquistadores que intentaron entrar por Quer\u00e9taro e Iturbide.<\/p>\n<p>Santa Catarina<\/p>\n<p>Esta poblaci\u00f3n era paso obligado en la \u00e9poca prehisp\u00e1nica hacia la salida al Golfo de M\u00e9xico y se encuentra en medio de una sierra muy intrincada y \u00e1spera, sus arroyos y vertientes tributan al R\u00edo Moctezuma principalmente, esta poblaci\u00f3n como otras atribuye adoctrinamiento a los franciscanos, pero la historia y la tradici\u00f3n oral nos muestra que fueron los jesuitas quienes se internaron por esta regi\u00f3n.<\/p>\n<p>Atargea<\/p>\n<p>Esta poblaci\u00f3n marcadamente chichimeca cuenta en su entorno con una zona arqueol\u00f3gica de gran importancia, donde por una parte nos muestra su origen milenario y por otro la gran cultura mesoamericana, que sistem\u00e1ticamente se les ha negado desde la llegada de los espa\u00f1oles hasta mediados del siglo XX.<\/p>\n<p>Su poblaci\u00f3n es minera y criadora de ganado caprino y todav\u00eda funden sus minerales al estilo prehisp\u00e1nico.<\/p>\n<p>Victoria o Xich\u00fa de Indios<\/p>\n<p>Esta es la poblaci\u00f3n chichimeca m\u00e1s fuerte e importante de esta zona de la Sierra Gorda a la que nos referimos y est\u00e1 en lo m\u00e1s intrincado y fragoso de esta sierra.<\/p>\n<p>Esta poblaci\u00f3n chichimeca y cabecera parroquial en tiempo de los espa\u00f1oles fue intentada dominar o \u201cfundar\u201d por los conquistadores en el a\u00f1o de 1580.<\/p>\n","protected":false},"excerpt":{"rendered":"<p>Por Jos\u00e9 F\u00e9lix Zavala &nbsp; La gran planicie donde termina o comienza el territorio de la Sierra Gorda, llamada antiguamente Laguna de Patos, y donde sus aguas tributan a los dos mares, uno por el R\u00edo de la Laja para el Lerma que termina en el Pac\u00edfico, y otro por el R\u00edo Pe\u00f1amiller que desemboca [&hellip;]<\/p>\n","protected":false},"author":249,"featured_media":13776,"comment_status":"open","ping_status":"closed","sticky":false,"template":"","format":"standard","meta":{"footnotes":""},"categories":[26],"tags":[],"class_list":["post-13775","post","type-post","status-publish","format-standard","has-post-thumbnail","hentry","category-mundo"],"_links":{"self":[{"href":"https:\/\/eloficiodehistoriar.com.mx\/index.php?rest_route=\/wp\/v2\/posts\/13775","targetHints":{"allow":["GET"]}}],"collection":[{"href":"https:\/\/eloficiodehistoriar.com.mx\/index.php?rest_route=\/wp\/v2\/posts"}],"about":[{"href":"https:\/\/eloficiodehistoriar.com.mx\/index.php?rest_route=\/wp\/v2\/types\/post"}],"author":[{"embeddable":true,"href":"https:\/\/eloficiodehistoriar.com.mx\/index.php?rest_route=\/wp\/v2\/users\/249"}],"replies":[{"embeddable":true,"href":"https:\/\/eloficiodehistoriar.com.mx\/index.php?rest_route=%2Fwp%2Fv2%2Fcomments&post=13775"}],"version-history":[{"count":1,"href":"https:\/\/eloficiodehistoriar.com.mx\/index.php?rest_route=\/wp\/v2\/posts\/13775\/revisions"}],"predecessor-version":[{"id":13777,"href":"https:\/\/eloficiodehistoriar.com.mx\/index.php?rest_route=\/wp\/v2\/posts\/13775\/revisions\/13777"}],"wp:featuredmedia":[{"embeddable":true,"href":"https:\/\/eloficiodehistoriar.com.mx\/index.php?rest_route=\/wp\/v2\/media\/13776"}],"wp:attachment":[{"href":"https:\/\/eloficiodehistoriar.com.mx\/index.php?rest_route=%2Fwp%2Fv2%2Fmedia&parent=13775"}],"wp:term":[{"taxonomy":"category","embeddable":true,"href":"https:\/\/eloficiodehistoriar.com.mx\/index.php?rest_route=%2Fwp%2Fv2%2Fcategories&post=13775"},{"taxonomy":"post_tag","embeddable":true,"href":"https:\/\/eloficiodehistoriar.com.mx\/index.php?rest_route=%2Fwp%2Fv2%2Ftags&post=13775"}],"curies":[{"name":"wp","href":"https:\/\/api.w.org\/{rel}","templated":true}]}}