{"id":13785,"date":"2019-09-21T08:06:49","date_gmt":"2019-09-21T14:06:49","guid":{"rendered":"https:\/\/eloficiodehistoriar.com.mx\/?p=13785"},"modified":"2019-09-21T08:06:49","modified_gmt":"2019-09-21T14:06:49","slug":"religiones-y-o-n-gs-en-reunion-por-la-paz-en-lindau","status":"publish","type":"post","link":"https:\/\/eloficiodehistoriar.com.mx\/?p=13785","title":{"rendered":"Religiones y O N Gs en reuni\u00f3n por la paz en Lindau"},"content":{"rendered":"<p>CEM<\/p>\n<p>&nbsp;<\/p>\n<p>Del 20 al 23 de agosto, 900 l\u00edderes religiosos, representantes gubernamentales, ONGs y grupos de la sociedad civil se reunieron en la X Asamblea Mundial de Religiones por la Paz en Lindau, Alemania, con el objetivo de construir un profundo consenso moral sobre los desaf\u00edos contempor\u00e1neos y c\u00f3mo promover acciones conjuntas multirreligiosas para promover la no violencia.<\/p>\n<p>Por parte de Am\u00e9rica Latina y el Caribe asisti\u00f3 una nutrida delegaci\u00f3n de casi 100 representantes religiosos, incluido Mons. Alfonso Miranda Guardiola, Secretario General de la Conferencia del Episcopado Mexicano quien asisti\u00f3 con el fin de exponer la experiencia mexicana y el trabajo que la Iglesia cat\u00f3lica hace a favor de la paz.<\/p>\n<p>La realidad en la que se encuentra el pa\u00eds, la corrupci\u00f3n y la violencia en la que hace a\u00f1os se vive, llama a la Iglesia a redoblar esfuerzos y actuar unidos, integrando y engarzando las fuerzas y recursos de los distintos credos existentes. Atendiendo el llamado del Papa Francisco quien dijo que en la construcci\u00f3n de la paz, las religiones, con sus recursos espirituales y morales, tienen un papel especial e irreemplazable. No pueden tener una actitud neutral, y, todav\u00eda menos, ambiguo, con respecto a la paz.<\/p>\n<p>Para el cierre de la X Asamblea mundial de Religiones por la paz, un grupo de confesiones religiosas y expresiones espirituales, de centro y sur de nuestro Continente, pudo expresar en nombre de Am\u00e9rica latina el dolor por la tragedia humanitaria y ambiental que se vive en el Amazonas.<\/p>\n<p>Fue una oportunidad para invitar a todos los hombres y mujeres de fe en el mundo a solidarizarse con esta triste situaci\u00f3n y a levantar la voz para que todos, especialmente quienes tiene el poder de decisi\u00f3n, tomen serias medidas para controlar y reversar est\u00e1 devastaci\u00f3n.<\/p>\n<p>El auditorio, con m\u00e1s de 900 participantes, hizo un minuto de silenciosa oraci\u00f3n por las personas que habitan la Amazon\u00eda, y por todos los que sufren la consecuencia de los incendios, y al mismo tiempo alzando la voz, ante los inmensos abusos que se realizan, contra nuestro fr\u00e1gil ecosistema, incluyendo todas y cada una de las criaturas que conforman ese h\u00e1bitat, en las cuales se reconoce la obra de Dios.<\/p>\n","protected":false},"excerpt":{"rendered":"<p>CEM &nbsp; Del 20 al 23 de agosto, 900 l\u00edderes religiosos, representantes gubernamentales, ONGs y grupos de la sociedad civil se reunieron en la X Asamblea Mundial de Religiones por la Paz en Lindau, Alemania, con el objetivo de construir un profundo consenso moral sobre los desaf\u00edos contempor\u00e1neos y c\u00f3mo promover acciones conjuntas multirreligiosas para [&hellip;]<\/p>\n","protected":false},"author":249,"featured_media":13786,"comment_status":"open","ping_status":"closed","sticky":false,"template":"","format":"standard","meta":{"footnotes":""},"categories":[26],"tags":[],"class_list":["post-13785","post","type-post","status-publish","format-standard","has-post-thumbnail","hentry","category-mundo"],"_links":{"self":[{"href":"https:\/\/eloficiodehistoriar.com.mx\/index.php?rest_route=\/wp\/v2\/posts\/13785","targetHints":{"allow":["GET"]}}],"collection":[{"href":"https:\/\/eloficiodehistoriar.com.mx\/index.php?rest_route=\/wp\/v2\/posts"}],"about":[{"href":"https:\/\/eloficiodehistoriar.com.mx\/index.php?rest_route=\/wp\/v2\/types\/post"}],"author":[{"embeddable":true,"href":"https:\/\/eloficiodehistoriar.com.mx\/index.php?rest_route=\/wp\/v2\/users\/249"}],"replies":[{"embeddable":true,"href":"https:\/\/eloficiodehistoriar.com.mx\/index.php?rest_route=%2Fwp%2Fv2%2Fcomments&post=13785"}],"version-history":[{"count":1,"href":"https:\/\/eloficiodehistoriar.com.mx\/index.php?rest_route=\/wp\/v2\/posts\/13785\/revisions"}],"predecessor-version":[{"id":13787,"href":"https:\/\/eloficiodehistoriar.com.mx\/index.php?rest_route=\/wp\/v2\/posts\/13785\/revisions\/13787"}],"wp:featuredmedia":[{"embeddable":true,"href":"https:\/\/eloficiodehistoriar.com.mx\/index.php?rest_route=\/wp\/v2\/media\/13786"}],"wp:attachment":[{"href":"https:\/\/eloficiodehistoriar.com.mx\/index.php?rest_route=%2Fwp%2Fv2%2Fmedia&parent=13785"}],"wp:term":[{"taxonomy":"category","embeddable":true,"href":"https:\/\/eloficiodehistoriar.com.mx\/index.php?rest_route=%2Fwp%2Fv2%2Fcategories&post=13785"},{"taxonomy":"post_tag","embeddable":true,"href":"https:\/\/eloficiodehistoriar.com.mx\/index.php?rest_route=%2Fwp%2Fv2%2Ftags&post=13785"}],"curies":[{"name":"wp","href":"https:\/\/api.w.org\/{rel}","templated":true}]}}