{"id":13788,"date":"2019-09-21T08:15:39","date_gmt":"2019-09-21T14:15:39","guid":{"rendered":"https:\/\/eloficiodehistoriar.com.mx\/?p=13788"},"modified":"2019-09-21T08:15:39","modified_gmt":"2019-09-21T14:15:39","slug":"ciudad-victoria-gto-enclave-en-la-sierra-gorda","status":"publish","type":"post","link":"https:\/\/eloficiodehistoriar.com.mx\/?p=13788","title":{"rendered":"Ciudad Victoria, Gto. enclave en la Sierra Gorda"},"content":{"rendered":"<p>Por Jos\u00e9 F\u00e9lix Zavala<\/p>\n<p>&nbsp;<\/p>\n<p style=\"font-weight: 400;\"><span style=\"font-style: inherit; font-weight: inherit;\">Xichu de Indios fue descrito como una \u201cespecie de caj\u00f3n entre las monta\u00f1as\u201d<\/span><\/p>\n<p style=\"font-weight: 400;\"><span style=\"font-style: inherit; font-weight: inherit;\">Se fabrican canastas, colotes, tortilleros y sombreros de carrizo tallado, metates y molcajetes, elaborados de piedra negra, morrales, mecates, costales, mantas, coyundas de ixtle y sudaderos de palma de d\u00e1til.<\/span><\/p>\n<p style=\"font-weight: 400;\"><span style=\"font-style: inherit; font-weight: inherit;\">La mujer viste con enagua o falda y camisa de manta o cambaya, bordada con cenefas o franjas de colores muy vivos;\u00a0 adem\u00e1s, rebozo y guaraches.<\/span><\/p>\n<p style=\"font-weight: 400;\"><span style=\"font-style: inherit; font-weight: inherit;\">El hombre, calz\u00f3n de manta, pat\u00edo, camisa, huaraches y sombrero chirri\u00f3n.<\/span><\/p>\n<p style=\"font-weight: 400;\"><span style=\"font-style: inherit; font-weight: inherit;\">La bebida m\u00e1s representativa\u00a0\u00a0es el Pulque.<\/span><\/p>\n<p style=\"font-weight: 400;\"><span style=\"font-style: inherit; font-weight: inherit;\">Existen varios lugares de inter\u00e9s\u00a0\u00a0como los vestigios las pinturas rupestres que se encuentran en los Remedios.<\/span><\/p>\n<p style=\"font-weight: 400;\"><span style=\"font-style: inherit; font-weight: inherit;\">El primer asentamiento de la \u00e9poca de la invasi\u00f3n europea, estuvo a cargo de Don Nicol\u00e1s de San Luis de Monta\u00f1\u00e9s, Fernando de Tapia, Con\u00edn y Fray Juan de San Miguel, quienes por encomienda llegan a fundar el pueblo de San Juan Bautista de Xich\u00fa de Indios;\u00a0<\/span><span style=\"font-style: inherit; font-weight: inherit;\">\u00a0<\/span><\/p>\n<p style=\"font-weight: 400;\"><span style=\"font-style: inherit; font-weight: inherit;\">Los chichimecas de la regi\u00f3n se sublevan arrasando e incendiando la poblaci\u00f3n.\u00a0<\/span><span style=\"font-style: inherit; font-weight: inherit;\">\u00a0<\/span><\/p>\n<p style=\"font-weight: 400;\"><span style=\"font-style: inherit; font-weight: inherit;\">Ante esta situaci\u00f3n los \u201ccolonizadores\u201d establecen en este lugar \u201cun presidio\u201d para sofocar las sublevaciones y dar protecci\u00f3n a los espa\u00f1oles due\u00f1os de las estancias.\u00a0<\/span><span style=\"font-style: inherit; font-weight: inherit;\">\u00a0<\/span><\/p>\n<p style=\"font-weight: 400;\"><span style=\"font-style: inherit; font-weight: inherit;\">Hacia el a\u00f1o de 1550 el Virrey Luis de Velasco ordena nuevamente la reconstrucci\u00f3n del pueblo, suscit\u00e1ndose continuas luchas entre los espa\u00f1oles y sus aliados y los chichimecas de la regi\u00f3n.<\/span><span style=\"font-style: inherit; font-weight: inherit;\">\u00a0<\/span><\/p>\n<p style=\"font-weight: 400;\"><span style=\"font-style: inherit; font-weight: inherit;\">En el a\u00f1o de 1580, mediante c\u00e9dula real expedida por el Rey de Espa\u00f1a, se autoriza la fundaci\u00f3n oficial de Xich\u00fa de indios, otorg\u00e1ndosele este territorio a Don Alejo de Guzm\u00e1n, cacique de Temaxcaltepec,\u00a0\u00a0<\/span><span style=\"font-style: inherit; font-weight: inherit;\">\u00a0<\/span><\/p>\n<p style=\"font-weight: 400;\"><span style=\"font-style: inherit; font-weight: inherit;\">Diego de Tapia, Conin, ya se habia apropiado de las minas del mismo nombre en a\u00f1os\u00a0\u00a0anteriores.<\/span><\/p>\n<p style=\"font-weight: 400;\"><span style=\"font-style: inherit; font-weight: inherit;\">Xichu de Indios fue descrito como una \u201cespecie de cajon entre las monta\u00f1as, como un r\u00eco cristalino y abundante que contribuia a fertilizar las tierras de la enorme vega que en ese entonces estaba cubierta de exuberante y caprichosa vegetaci\u00f3n, cultivada exclusivamente por los\u00a0<\/span><span style=\"font-style: inherit; font-weight: inherit;\">pobladores del lugar<\/span><\/p>\n<p style=\"font-weight: 400;\"><span style=\"font-style: inherit; font-weight: inherit;\">\u201cXichu de los Indios sigui\u00f3 llamandose asi hasta el 1\u00ba de Diciembre de 1849, fecha en el que se le cambio el nombre por el de Victoria, para recordar ante los de mas pueblos,\u00a0la Victoria\u00a0obtenida sobre los comuneros revolucionarios de\u00a0la Sierra Gorda, que se levantaron en defensa de sus derechos. .<\/span><\/p>\n<p style=\"font-weight: 400;\"><span style=\"font-style: inherit; font-weight: inherit;\">El territorio que comprende el actual pueblo de Victoria, antes Xich\u00fa de Indios, se ubica dentro del territorio de\u00a0la Gran Chichimeca,\u00a0<\/span><span style=\"font-style: inherit; font-weight: inherit;\">\u00a0<\/span><\/p>\n<p style=\"font-weight: 400;\"><span style=\"font-style: inherit; font-weight: inherit;\">Por lo que comparte con todos los chichimecas sus antecedentes hist\u00f3ricos y culturales, en particular sus ra\u00edces culturales que corresponden al grupo Pame,\u00a0<\/span><span style=\"font-style: inherit; font-weight: inherit;\">\u00a0<\/span><\/p>\n<p style=\"font-weight: 400;\"><span style=\"font-style: inherit; font-weight: inherit;\">Una de las cuatro naciones chichimecas que los espa\u00f1oles identifican en el siglo XVI durante la guerra en la region chichimeca.<\/span><\/p>\n<p style=\"font-weight: 400;\"><span style=\"font-style: inherit; font-weight: inherit;\">Los Pames fueron pueblos que hab\u00edan asumido parte de la cultura otom\u00ed, principalmente en el lo religioso. Culturalmente era el grupo mas avanzado de los cuatro mencionados por los espa\u00f1oles: Guachichiles, Guayares, Zacatecos y Pames.<\/span><\/p>\n<p style=\"font-weight: 400;\"><span style=\"font-style: inherit; font-weight: inherit;\">\u201cDe estos grupos, Los Pames se extend\u00edan por Quer\u00e9taro y ocupaban el noreste de Guanajuato, hasta la sierra Gorda y\u00a0\u00a0por el sureste hasta Ac\u00e1mbaro y Yuriria\u201d<\/span><\/p>\n<p style=\"font-weight: 400;\"><span style=\"font-style: inherit; font-weight: inherit;\">Los descendientes Pames, asentados en el lugar conocido en un principio como Xichu de los Indios o Xichu de indios.<\/span><span style=\"font-style: inherit; font-weight: inherit;\">\u00a0<\/span><\/p>\n<p style=\"font-weight: 400;\"><span style=\"font-style: inherit; font-weight: inherit;\">Las 11 comunidades ind\u00edgenas chichimecas Pame y Jon\u00e1s se dividen en dos congregaciones que son:<\/span><\/p>\n<p style=\"font-weight: 400;\"><span style=\"font-style: inherit; font-weight: inherit;\">Congregaci\u00f3n de Cieneguilla,\u00a0La Calera, El Carmen, Mision de Arrend\u00f3, Ca\u00f1ada de Moreno, Palmillas, Los Linderos.<\/span><\/p>\n<p style=\"font-weight: 400;\"><span style=\"font-style: inherit; font-weight: inherit;\">Congregaci\u00f3n de los Remedios, y la comunidad de Ojo de Agua, Mesa del salto y Mesa de Ortiz, Jacalazuchitl y las Higueras que forma parte de esta congregaci\u00f3n.<\/span><\/p>\n<ol start=\"1580\">\n<li style=\"font-weight: 400;\"><span style=\"font-style: inherit; font-weight: inherit;\"> Don Alejo de Guzm\u00e1n<br \/>\n<\/span><\/li>\n<\/ol>\n<p style=\"font-weight: 400;\"><span style=\"font-style: inherit; font-weight: inherit;\">prest\u00f3 sus servicios a la corona y se hizo merecedor del territorio de Victoria en<\/span><span style=\"font-style: inherit; font-weight: inherit;\">En el a\u00f1o de 1847 se inicia una revuelta en el territorio de Sierra Gorda en contra del gobierno, que es sofocada y como resultado del triunfo del gobierno se cambia el nombre de Xich\u00fa de Indios por el de Victoria.\u00a0<\/span><span style=\"font-style: inherit; font-weight: inherit;\">\u00a0<\/span><\/p>\n<table style=\"font-weight: 400;\" width=\"73%\">\n<tbody style=\"font-style: inherit; font-weight: inherit;\">\n<tr style=\"font-style: inherit; font-weight: inherit;\">\n<td style=\"font-style: inherit;\" width=\"67\"><span style=\"font-style: inherit; font-weight: inherit;\">1571<\/span><\/td>\n<td style=\"font-style: inherit;\" width=\"370\"><span style=\"font-style: inherit; font-weight: inherit;\">Se realiz\u00f3 la invasi\u00f3n de los chichimecas, en reclamo de su territorio, destruyendo el poblado y sus estancias.<\/span><\/td>\n<\/tr>\n<tr style=\"font-style: inherit; font-weight: inherit;\">\n<td style=\"font-style: inherit;\" width=\"67\"><span style=\"font-style: inherit; font-weight: inherit;\">1847<\/span><\/td>\n<td style=\"font-style: inherit;\" width=\"370\"><span style=\"font-style: inherit; font-weight: inherit;\">Fecha en la que el sometimiento de los indios chichimecas se agudizo.<\/span><\/td>\n<\/tr>\n<\/tbody>\n<\/table>\n<p style=\"font-weight: 400;\"><span style=\"font-style: inherit; font-weight: inherit;\">Entre los cerros m\u00e1s importantes del municipio se encuentran El Prieto, El Puerto de Guerra, El Grande, El Peltre y El Alto con una altitud promedio de\u00a02,406 metros\u00a0sobre el nivel del mar<\/span><\/p>\n<p style=\"font-weight: 400;\"><span style=\"font-style: inherit; font-weight: inherit;\">Est\u00e1 constituida por pino, encino, matorral alto subinerme de barreta y nopalera, as\u00ed como de especies forrajeras como navajita, triguillo, lobero, liendrilla, aristida bromus, pajita, plumero, flechilla y flamilla.<\/span><\/p>\n<p style=\"font-weight: 400;\"><span style=\"font-style: inherit; font-weight: inherit;\">La fauna que predomina est\u00e1 formada por roedores, como conejo, liebre, ardilla y tej\u00f3n; aves, como codorniz, \u00e1guila, halc\u00f3n, zopilote, patos y gavil\u00e1n, herb\u00edvoros, como el venado y el ciervo.<\/span><\/p>\n<p style=\"font-weight: 400;\"><span style=\"font-style: inherit; font-weight: inherit;\">119 personas que hablan alguna lengua ind\u00edgena.\u00a0<\/span><span style=\"font-style: inherit; font-weight: inherit;\">\u00a0<\/span><\/p>\n<p style=\"font-weight: 400;\"><span style=\"font-style: inherit; font-weight: inherit;\">El Palacio Municipal<br \/>\n<\/span><\/p>\n<p style=\"font-weight: 400;\"><span style=\"font-style: inherit; font-weight: inherit;\">\u00a0<\/span><\/p>\n<p style=\"font-weight: 400;\"><span style=\"font-style: inherit; font-weight: inherit;\">La Parroquia\u00a0de San Juan Bautista, construida a principios del siglo XX.\u00a0<\/span><span style=\"font-style: inherit; font-weight: inherit;\">\u00a0<\/span><\/p>\n<ul style=\"font-weight: 400;\">\n<li style=\"font-style: inherit; font-weight: inherit;\"><span style=\"font-style: inherit; font-weight: inherit;\">Semana Santa, fecha variable<\/span><\/li>\n<li style=\"font-style: inherit; font-weight: inherit;\"><span style=\"font-style: inherit; font-weight: inherit;\">San Isidro Labrador, 15 de mayo<\/span><\/li>\n<li style=\"font-style: inherit; font-weight: inherit;\"><span style=\"font-style: inherit; font-weight: inherit;\">San Juan Bautista, santo patrono del pueblo, 24 de junio<\/span><\/li>\n<li style=\"font-style: inherit; font-weight: inherit;\"><span style=\"font-style: inherit; font-weight: inherit;\">Santiago Ap\u00f3stol, 25 de julio<\/span><\/li>\n<li style=\"font-style: inherit; font-weight: inherit;\"><span style=\"font-style: inherit; font-weight: inherit;\">Se\u00f1ora de los Remedios, 1 de septiembre<\/span><\/li>\n<li style=\"font-style: inherit; font-weight: inherit;\"><span style=\"font-style: inherit; font-weight: inherit;\">Los Fieles Difuntos, 1 y 2 de noviembre<\/span><\/li>\n<li style=\"font-style: inherit; font-weight: inherit;\"><span style=\"font-style: inherit; font-weight: inherit;\">Pur\u00edsima Concepci\u00f3n, 8 de diciembre<\/span><\/li>\n<li style=\"font-style: inherit; font-weight: inherit;\"><span style=\"font-style: inherit; font-weight: inherit;\">Virgen de Guadalupe, 12 de diciembre<\/span><\/li>\n<\/ul>\n<p style=\"font-weight: 400;\"><span style=\"font-style: inherit; font-weight: inherit;\">\u00a0<\/span><\/p>\n<p style=\"font-weight: 400;\"><span style=\"font-style: inherit; font-weight: inherit;\">Las principales localidades\u00a0\u00a0son Victoria, Cieneguilla, Tasajillo, Milpillas de Santiago y Misi\u00f3n de Arnedo.<\/span><\/p>\n","protected":false},"excerpt":{"rendered":"<p>Por Jos\u00e9 F\u00e9lix Zavala &nbsp; Xichu de Indios fue descrito como una \u201cespecie de caj\u00f3n entre las monta\u00f1as\u201d Se fabrican canastas, colotes, tortilleros y sombreros de carrizo tallado, metates y molcajetes, elaborados de piedra negra, morrales, mecates, costales, mantas, coyundas de ixtle y sudaderos de palma de d\u00e1til. La mujer viste con enagua o falda [&hellip;]<\/p>\n","protected":false},"author":249,"featured_media":13789,"comment_status":"open","ping_status":"closed","sticky":false,"template":"","format":"standard","meta":{"footnotes":""},"categories":[26],"tags":[],"class_list":["post-13788","post","type-post","status-publish","format-standard","has-post-thumbnail","hentry","category-mundo"],"_links":{"self":[{"href":"https:\/\/eloficiodehistoriar.com.mx\/index.php?rest_route=\/wp\/v2\/posts\/13788","targetHints":{"allow":["GET"]}}],"collection":[{"href":"https:\/\/eloficiodehistoriar.com.mx\/index.php?rest_route=\/wp\/v2\/posts"}],"about":[{"href":"https:\/\/eloficiodehistoriar.com.mx\/index.php?rest_route=\/wp\/v2\/types\/post"}],"author":[{"embeddable":true,"href":"https:\/\/eloficiodehistoriar.com.mx\/index.php?rest_route=\/wp\/v2\/users\/249"}],"replies":[{"embeddable":true,"href":"https:\/\/eloficiodehistoriar.com.mx\/index.php?rest_route=%2Fwp%2Fv2%2Fcomments&post=13788"}],"version-history":[{"count":1,"href":"https:\/\/eloficiodehistoriar.com.mx\/index.php?rest_route=\/wp\/v2\/posts\/13788\/revisions"}],"predecessor-version":[{"id":13790,"href":"https:\/\/eloficiodehistoriar.com.mx\/index.php?rest_route=\/wp\/v2\/posts\/13788\/revisions\/13790"}],"wp:featuredmedia":[{"embeddable":true,"href":"https:\/\/eloficiodehistoriar.com.mx\/index.php?rest_route=\/wp\/v2\/media\/13789"}],"wp:attachment":[{"href":"https:\/\/eloficiodehistoriar.com.mx\/index.php?rest_route=%2Fwp%2Fv2%2Fmedia&parent=13788"}],"wp:term":[{"taxonomy":"category","embeddable":true,"href":"https:\/\/eloficiodehistoriar.com.mx\/index.php?rest_route=%2Fwp%2Fv2%2Fcategories&post=13788"},{"taxonomy":"post_tag","embeddable":true,"href":"https:\/\/eloficiodehistoriar.com.mx\/index.php?rest_route=%2Fwp%2Fv2%2Ftags&post=13788"}],"curies":[{"name":"wp","href":"https:\/\/api.w.org\/{rel}","templated":true}]}}