{"id":138,"date":"2008-05-27T06:17:12","date_gmt":"2008-05-27T11:17:12","guid":{"rendered":"https:\/\/eloficiodehistoriar.com.mx\/?p=138"},"modified":"2008-05-28T12:48:17","modified_gmt":"2008-05-28T17:48:17","slug":"oaxaca-bosque-de-guage-parte-4","status":"publish","type":"post","link":"https:\/\/eloficiodehistoriar.com.mx\/?p=138","title":{"rendered":"Oaxaca: Bosque de Guaje parte 4"},"content":{"rendered":"<p><strong><span style=\"color: black; font-family: Arial\">Templos y Conventos de Oaxaca.<o:p><\/o:p><\/span><\/strong><strong><span style=\"color: black; font-family: Arial\">La ciudad de Oaxaca cuenta con una de las mayores muestras del barroco mexicano.<o:p><\/o:p><\/span><\/strong><strong><span style=\"color: black; font-family: Arial\">Catedral<\/span><\/strong><span style=\"color: black; font-family: Arial\">: <\/span><span style=\"color: black; font-family: Arial\"><\/span><\/p>\n<p><span style=\"color: black; font-family: Arial\">Sede de <st1:personname productid=\"la Arquidi?cesis\" w:st=\"on\">la Arquidi\u00f3cesis<\/st1:personname> de Antequera.- Oaxaca. Construcci\u00f3n basada en el dise\u00f1o de tipo basilical usado en la ciudad de M\u00e9xico y Puebla.<o:p><\/o:p><\/span><span style=\"color: black; font-family: Arial\">Este hermoso templo de planta basilical, se inicia en 1535 y se consagra el 12 de julio de 1733. <\/span><span style=\"color: black; font-family: Arial\"><\/span><\/p>\n<p><span style=\"color: black; font-family: Arial\"><\/span><\/p>\n<p><span style=\"color: black; font-family: Arial\">Est\u00e1 dedicado a <st1:personname productid=\"la Virgen\" w:st=\"on\">la Virgen<\/st1:personname> de <st1:personname productid=\"la Asunci?n\" w:st=\"on\">la Asunci\u00f3n<\/st1:personname>, la que se representa con una escultura en bronce tra\u00edda de Europa y realizada por el escultor Tadoini y en la fachada principal esta en cantera y sobre relieve. <o:p><\/o:p><\/span><st1:personname productid=\"La Catedral Metropolitana\" w:st=\"on\"><span style=\"color: black; font-family: Arial\">La Catedral Metropolitana<\/span><\/st1:personname><span style=\"color: black; font-family: Arial\"> de Oaxaca custodia las reliquias de los beatos oaxaque\u00f1os Juan Bautista y Jacinto de los \u00c1ngeles, beatificados por el Papa Juan Pablo II durante su \u00faltimo viaje a M\u00e9xico en 2002. <\/span><span style=\"color: black; font-family: Arial\"><\/span><\/p>\n<p><span style=\"color: black; font-family: Arial\"><\/span><\/p>\n<p><span style=\"color: black; font-family: Arial\"><o:p><\/o:p><\/span><span style=\"font-size: 11pt; color: black; font-family: Verdana\">\u00a0<\/span><span style=\"font-size: 11pt; color: black; font-family: Verdana\"><br \/>\n<\/span><strong><span style=\"color: black; font-family: Arial\">Templo y convento del Carmen Alto <\/span><\/strong><span style=\"color: black; font-family: Arial\">es un<\/span><span style=\"color: black; font-family: Arial\"> Conjunto religioso que perteneci\u00f3 a la orden de las Carmelitas Descalzas establecidas en Oaxaca en 1696. <o:p><\/o:p><\/span><span style=\"color: black; font-family: Arial\">Su edificaci\u00f3n as\u00ed como la del Convento data de finales del siglo XVII, obra en la que ayud\u00f3 econ\u00f3micamente el fil\u00e1ntropo don Manuel Fern\u00e1ndez Fiallo, por esos tiempos fue ocupada para c\u00e1rcel y cuartel. <o:p><\/o:p><\/span><span style=\"color: black; font-family: Arial\">El conjunto religioso de<span> <\/span>la orden de las <strong>Carmelitas Descalzas<\/strong> que se establecieron en Oaxaca en 1696, establecieron <strong>la ermita de <st1:personname productid=\"la Santa Veracruz\" w:st=\"on\">la Santa<span style=\"font-weight: normal\"> <\/span>Veracruz<\/st1:personname>,<\/strong> que sustituy\u00f3 al <strong>gran teocali de Huaxyacac<\/strong> donde la ciudad ind\u00edgena celebraba cada mes de julio la gran \u00ab<strong>Fiesta de los Se\u00f1ores\u00bb,<\/strong> despu\u00e9s sustituida por la de <st1:personname productid=\"la Virgen\" w:st=\"on\"><strong>la Virgen<\/strong><\/st1:personname><strong> del carmen<\/strong> y ahora por <strong>el D\u00eda del cerro<\/strong> o de <st1:personname productid=\"la Guelaguetza.\" w:st=\"on\">L<strong>a Guelaguetza.<\/strong><\/st1:personname><\/span><span style=\"color: black; font-family: Arial\"><st1:personname productid=\"la Guelaguetza.\" w:st=\"on\"><\/st1:personname><\/span>\u00a0<\/p>\n<p><span style=\"color: black; font-family: Arial\"><st1:personname productid=\"la Guelaguetza.\" w:st=\"on\"><\/st1:personname><\/span>\u00a0<\/p>\n<p><span style=\"color: black; font-family: Arial\"><st1:personname productid=\"la Guelaguetza.\" w:st=\"on\"><\/st1:personname><o:p><\/o:p><\/span><span style=\"color: black; font-family: Arial\">Su edificaci\u00f3n as\u00ed como la del Convento data de finales del siglo XVII.<o:p><\/o:p><\/span><strong><span style=\"color: black; font-family: Arial\" lang=\"PT-BR\">Templo de Santo Domingo de Guzm\u00e1n<\/span><\/strong><span style=\"color: black; font-family: Arial\" lang=\"PT-BR\">: <o:p><\/o:p><\/span><span style=\"color: black; font-family: Arial\">Conjunto monumental realizado por los dominicos, se inicia a partir de 1555 y concluye hasta la segunda mitad del siglo XVIII. Su convento,<span> <\/span>actualmente convertido en centro cultural, alberga las piezas del tesoro encontrado en <st1:personname productid=\"la Tumba\" w:st=\"on\">la Tumba<\/st1:personname> 7 de Monte Alb\u00e1n, entre muchas joyas m\u00e1s de la cultura local. <o:p><\/o:p><\/span><span style=\"color: black; font-family: Arial\">A partir de 1555 se inicia la construcci\u00f3n de este conjunto arquitect\u00f3nico monumental realizado por los dominicos, se concluye hasta la segunda mitad del siglo XVIII. Es sin duda, una de las m\u00e1s bellas muestras del barroco en M\u00e9xico.<\/span><span style=\"color: black; font-family: Arial\"><\/span><\/p>\n<p><span style=\"color: black; font-family: Arial\"><\/span><\/p>\n<p><span style=\"color: black; font-family: Arial\"><\/span><span style=\"color: black; font-family: Arial\"><br \/>\n<strong><span style=\"color: black; font-family: Arial\">Templo y convento de <st1:personname productid=\"La Compa??a\" w:st=\"on\">la Compa\u00f1\u00eda<\/st1:personname> de Jes\u00fas,<\/span><\/strong><span style=\"color: black; font-family: Arial\"> construidos por los jesuitas que llegaron a Oaxaca en 1579. Crearon tambi\u00e9n el Seminario de San Juan. Inicialmente su templo se puso bajo la advocaci\u00f3n de San Francisco Javier y despu\u00e9s de <st1:personname productid=\"la Inmaculada Concepci?n.\" w:st=\"on\">la Inmaculada Concepci\u00f3n.<\/st1:personname> <o:p><\/o:p><\/span><st1:personname productid=\"La Casa Fuerte\" w:st=\"on\"><st1:personname productid=\"La Casa\" w:st=\"on\"><strong><span style=\"color: black; font-family: Arial\">\u00a0<\/span><\/strong><\/st1:personname><\/st1:personname><\/p>\n<p><\/span><st1:personname productid=\"La Casa Fuerte\" w:st=\"on\"><st1:personname productid=\"La Casa\" w:st=\"on\"><strong><span style=\"color: black; font-family: Arial\">\u00a0<\/span><\/strong><\/st1:personname><\/st1:personname><\/p>\n<p><st1:personname productid=\"La Casa Fuerte\" w:st=\"on\"><st1:personname productid=\"La Casa\" w:st=\"on\"><strong><span style=\"color: black; font-family: Arial\">\u00a0<\/span><\/strong><\/st1:personname><\/st1:personname><\/p>\n<p><st1:personname productid=\"La Casa Fuerte\" w:st=\"on\"><st1:personname productid=\"La Casa\" w:st=\"on\"><strong><span style=\"color: black; font-family: Arial\">La Casa<\/span><\/strong><\/st1:personname><strong><span style=\"color: black; font-family: Arial\"> Fuerte<\/span><\/strong><\/st1:personname><strong><span style=\"color: black; font-family: Arial\">, su convento<\/span><\/strong><span style=\"color: black; font-family: Arial\">, de donde se distribuye el mercado por todas las calles de su entorno, mientras el caf\u00e9, el chocolate, el mole negro y el mezcal, aromatizan el ambiente y la multiplicidad de lenguas, vestidos y costumbres, describen por si mismas a este pueblo.<o:p><\/o:p><\/span><span style=\"color: black; font-family: Arial\">Los jesuitas llegaron a Oaxaca en 1579, y construyeron su templo y convento, e iniciaron una extraordinaria tarea evangelizadora y educativa, creando el famoso Seminario de San Juan.<\/span><span style=\"color: black; font-family: Arial\"><\/span><\/p>\n<p><span style=\"color: black; font-family: Arial\"><\/span><\/p>\n<p><span style=\"color: black; font-family: Arial\"><o:p><\/o:p><\/span><strong><span style=\"color: black; font-family: Arial\">Templo y convento de San Agust\u00edn<\/span><\/strong><span style=\"color: black; font-family: Arial\">: Se sabe que para 1596, este templo y convento estaban concluidos. Su portada es una de las m\u00e1s bellas de la ciudad, as\u00ed como su retablo barroco que cubre el \u00e1bside de la nave principal. Desde 1893, el<span> <\/span>convento se destin\u00f3 a Casa de Cuna y<span> <\/span>escuela. <\/span><span style=\"color: black; font-family: Arial\"><\/span><\/p>\n<p><span style=\"color: black; font-family: Arial\"><o:p><\/o:p><\/span><strong><span style=\"color: black; font-family: Arial\">Oratorio de San Felipe Neri,<\/span><\/strong><span style=\"color: black; font-family: Arial\"> en este templo se pueden encontrar las m\u00e1s extraordinarias muestras del barroco est\u00edpite de fines del siglo XVIII.<\/span><span style=\"color: black; font-family: Arial\"><\/span><\/p>\n<p><span style=\"color: black; font-family: Arial\"><\/span><span style=\"color: black; font-family: Arial\"><br \/>\nSu retablo dorado es un portento de arte y belleza. Aqu\u00ed se cas\u00f3 Don Benito Ju\u00e1rez Garc\u00eda con Do\u00f1a Margarita Maza, en 1841.<o:p><\/o:p><\/span><span style=\"color: black; font-family: Arial\">Su estilo arquitect\u00f3nico es barroco, aunque en s\u00ed su portada es una mezcla de los distintos elementos decorativos pero dispuestos arm\u00f3nicamente que le imprimen gran fastuosidad<o:p><\/o:p><\/span><strong><span style=\"color: black; font-family: Arial\">El Templo y Hospital de de San Juan de Dios<\/span><\/strong><span style=\"color: black; font-family: Arial\"> donde originalmente<span> <\/span>se construy\u00f3 <st1:personname productid=\"la Ermita\" w:st=\"on\">la <strong>Ermita<\/strong><\/st1:personname><strong> dedicada a Santa Catarina M\u00e1rtir<\/strong>,<span> <\/span>a partir de la llegada de los Juaninos, a fines del siglo XVII, se dedic\u00f3 a San Juan de Dios.<br \/>\nSe le conoce como primera Catedral, porque al llegar de Espa\u00f1a, aqu\u00ed se alberg\u00f3 don Juan L\u00f3pez de Z\u00e1rate, primer Obispo de Oaxaca en 1537. <\/span><span style=\"color: black; font-family: Arial\"><\/span><\/p>\n<p><span style=\"color: black; font-family: Arial\"><\/span><\/p>\n<p><span style=\"color: black; font-family: Arial\"><o:p><\/o:p><\/span><strong><span style=\"color: black; font-family: Arial\"><o:p><\/o:p><\/span><\/strong><strong><span style=\"color: black; font-family: Arial\"><o:p><\/o:p><\/span><\/strong><strong><span style=\"color: black; font-family: Arial\">Bas\u00edlica y convento de <st1:personname productid=\"La Soledad\" w:st=\"on\">la Soledad<\/st1:personname><\/span><\/strong><span style=\"color: black; font-family: Arial\">:<o:p><\/o:p><\/span><span style=\"color: black; font-family: Arial\">Conjunto monumental excepcional, de estilo barroco, construido entre 1682 y 1697, gracias al esfuerzo del cura Fernando M\u00e9ndez y a la ayuda monetaria del Arcediano de la catedral Pedro Ot\u00e1lora y las monjas Recoletas Agustinas. <o:p><\/o:p><\/span><span style=\"color: black; font-family: Arial\">Santuario dedicado a <st1:personname productid=\"la Virgen\" w:st=\"on\">la Virgen<\/st1:personname> de <st1:personname productid=\"La Soledad\" w:st=\"on\">la Soledad<\/st1:personname>, patrona de la ciudad de Oaxaca. <o:p><\/o:p><\/span><span style=\"color: black; font-family: Arial\">Su grandioso convento adjunto ha tenido diversos usos despu\u00e9s del primitivo, fue correccional, Escuela Normal, Procuradur\u00eda General de Justicia y<span> <\/span>Palacio Municipal. <o:p><\/o:p><\/span><st1:personname productid=\"la Bas?lica\" w:st=\"on\"><span style=\"color: black; font-family: Arial\">La Bas\u00edlica<\/span><\/st1:personname><span style=\"color: black; font-family: Arial\"> de <st1:personname productid=\"La Soledad\" w:st=\"on\">La Soledad<\/st1:personname>, se localiza en el centro<span> <\/span>de la ciudad, siendo declarado Patrimonio Cultural de <st1:personname productid=\"la Humanidad\" w:st=\"on\">la Humanidad<\/st1:personname> por <st1:personname productid=\"la UNESCO\" w:st=\"on\">la UNESCO<\/st1:personname>, en el a\u00f1o 1987. <o:p><\/o:p><\/span><span style=\"color: black; font-family: Arial\">Anexo, en la parte sur poniente del templo est\u00e1 un Museo Religioso, sonde se conservan objetos valiosos y de arte popular, como ex &#8211; votos, pinturas al \u00f3leo, escultura y vestimentas. <o:p><\/o:p><\/span><span style=\"color: black; font-family: Arial\">Dentro del conjunto se encuentra <strong>el templo y convento de San Jos\u00e9<\/strong>, ahora Escuela de bellas Artes, que junto con <st1:personname productid=\"La Plaza\" w:st=\"on\">La Plaza<\/st1:personname> de <st1:personname productid=\"la Danza\" w:st=\"on\">La Danza<\/st1:personname>, el atrio, con la venta de recuerdos religiosos de la bas\u00edlica y <st1:personname productid=\"la Plaza S?crates\" w:st=\"on\"><st1:personname productid=\"La Plaza\" w:st=\"on\">la Plaza<\/st1:personname> S\u00f3crates<\/st1:personname>, donde ahora se venden \u201cLas nieves\u201d, le dan un aire de solemnidad y recogimiento.<\/span><span style=\"color: black; font-family: Arial\"><\/span><\/p>\n<p><span style=\"color: black; font-family: Arial\"><\/span><\/p>\n<p><span style=\"color: black; font-family: Arial\"><o:p><\/o:p><\/span><span style=\"font-size: 11pt; color: black; font-family: Verdana\">T<\/span><strong><span style=\"color: black; font-family: Arial\">emplo de San Mat\u00edas Jalatlaco <\/span><\/strong><span style=\"color: black; font-family: Arial\">es<\/span><span style=\"color: black; font-family: Arial\"> uno de los pueblos m\u00e1s antiguos del valle, ahora ya zona metropolitana de la ciudad Su templo data del siglo XVIII y se caracteriza por poseer una portada decorada profusamente con figuras geom\u00e9tricas labradas en cantera. <o:p><\/o:p><\/span><strong><span style=\"color: black; font-family: Arial\">Templo y<span> <\/span>convento de los Siete Pr\u00edncipes<\/span><\/strong><span style=\"color: black; font-family: Arial\"> que data del siglo XVIII. Su elemento arquitect\u00f3nico m\u00e1s distintivo es el N\u00e1rtex de la entrada principal.<br \/>\n<\/span><span style=\"color: black; font-family: Arial\"><\/span><\/p>\n<p><span style=\"color: black; font-family: Arial\"><\/span><\/p>\n<p><span style=\"color: black; font-family: Arial\">Se restaur\u00f3 totalmente en la d\u00e9cada de los sesentas, despu\u00e9s se destin\u00f3 a <st1:personname productid=\"la Escuela\" w:st=\"on\">la Escuela<\/st1:personname> de Artesan\u00edas y desde <st1:metricconverter productid=\"1970 a\" w:st=\"on\">1970 a<\/st1:metricconverter> Casa de <st1:personname productid=\"la Cultura Oaxaque?a.\" w:st=\"on\">la Cultura Oaxaque\u00f1a.<\/st1:personname><\/span><\/p>\n<p><span style=\"color: black; font-family: Arial\"><st1:personname productid=\"la Cultura Oaxaque?a.\" w:st=\"on\"><\/st1:personname><\/span>\u00a0<\/p>\n<p><span style=\"color: black; font-family: Arial\"><st1:personname productid=\"la Cultura Oaxaque?a.\" w:st=\"on\"><\/st1:personname><\/span>\u00a0<\/p>\n<p><span style=\"color: black; font-family: Arial\"><st1:personname productid=\"la Cultura Oaxaque?a.\" w:st=\"on\"><\/st1:personname>\u00a0<o:p><\/o:p><\/span><strong><span style=\"color: black; font-family: Arial\">Templo y<span> <\/span>convento de <st1:personname productid=\"la Merced\" w:st=\"on\">la Merced<\/st1:personname>,<\/span><\/strong><span style=\"color: black; font-family: Arial\"> templo que surge de la necesidad de disponer de un punto intermedio entre M\u00e9xico y las zonas misionales del Istmo de Tehuantepec, Chiapas y Guatemala.<o:p><\/o:p><\/span><span style=\"color: black; font-family: Arial\">En este lugar en 1558, se construy\u00f3 <st1:personname productid=\"la Ermita\" w:st=\"on\">la Ermita<\/st1:personname> dedicada a San Marcial, posteriormente se convertir\u00e1 en el Templo y Hospicio <span><\/span>de Nuestra Se\u00f1ora de <st1:personname productid=\"la Merced.\" w:st=\"on\">la Merced.<\/st1:personname> <\/span><span style=\"color: black; font-family: Arial\"><\/span><\/p>\n<p><span style=\"color: black; font-family: Arial\"><\/span><\/p>\n<p><span style=\"color: black; font-family: Arial\"><o:p><\/o:p><\/span><strong><span style=\"color: black; font-family: Arial\">Hospital, Templo y<span> <\/span>Convento de<span> <\/span>Betlemitas o de Guadalupe,<\/span><\/strong><span style=\"color: black; font-family: Arial\"><span> <\/span>se consagr\u00f3 el 12 de diciembre de 1686 y a\u00f1os despu\u00e9s el convento fue ocupado por los frailes betlemitas que ten\u00edan como encomienda la salud de los enfermos e impartir educaci\u00f3n.<br \/>\n<\/span><span style=\"color: black; font-family: Arial\"><\/span><span style=\"color: black; font-family: Arial\"><\/span><\/p>\n<p><span style=\"color: black; font-family: Arial\"><o:p><\/o:p><\/span><st1:personname productid=\"La Capilla\" w:st=\"on\"><strong><span style=\"color: black; font-family: Arial\">La Capilla<\/span><\/strong><\/st1:personname><strong><span style=\"color: black; font-family: Arial\"> de Belem<\/span><\/strong><span style=\"color: black; font-family: Arial\">, anexa al conjunto y frente al Llano. El edificio fue construido en 1807. En alguna \u00e9poca lo que ser\u00eda el convento fue hospital general y de sangre, leprosario y actualmente est\u00e1 dedicado a escuela. <\/span><span style=\"color: black; font-family: Arial\"><\/span><\/p>\n<p><span style=\"color: black; font-family: Arial\"><\/span><\/p>\n<p><span style=\"color: black; font-family: Arial\"><o:p><\/o:p><\/span><strong><span style=\"color: black; font-family: Arial\">Templo y<span> <\/span>convento de <st1:personname productid=\"La Sangre\" w:st=\"on\">La Sangre<\/st1:personname> de Cristo,<\/span><\/strong><span style=\"color: black; font-family: Arial\"> del siglo XVII, inicialmente fue utilizado como el cementerio de la ciudad. A partir de la \u00e9poca de <st1:personname productid=\"la Independencia\" w:st=\"on\">la Independencia<\/st1:personname><span> <\/span>fue ocupado en repetidas ocasiones como trinchera. <\/span><span style=\"color: black; font-family: Arial\"><\/span><\/p>\n<p><span style=\"color: black; font-family: Arial\"><\/span><\/p>\n<p><span style=\"color: black; font-family: Arial\"><o:p><\/o:p><\/span><strong><span style=\"color: black; font-family: Arial\">Templo del Carmen Bajo,<\/span><\/strong><span style=\"color: black; font-family: Arial\"> algunos cronistas aseguran que fue el primer templo construido por los espa\u00f1oles en este valle, llamado primeramente<span> <\/span>\u00abL\u00e1grimas de San Pedro\u00bb. <\/span><span style=\"color: black; font-family: Arial\"><\/span><\/p>\n<p><span style=\"color: black; font-family: Arial\"><\/span><\/p>\n<p><span style=\"color: black; font-family: Arial\"><o:p><\/o:p><\/span><strong><span style=\"color: black; font-family: Arial\">Templo de San Cosme y Dami\u00e1n,<\/span><\/strong><span style=\"color: black; font-family: Arial\"> construido a mediados del siglo XVI, form\u00f3 parte de uno de los m\u00e1s importantes hospitales abiertos para beneficio de los pobres. A finales del siglo XIX, siendo Obispo de Oaxaca el se\u00f1or Eulogio Gillow, se sujet\u00f3 a restauraci\u00f3n quedando listo para el culto. <\/span><span style=\"color: black; font-family: Arial\"><\/span><\/p>\n<p><span style=\"color: black; font-family: Arial\"><\/span><\/p>\n<p><span style=\"color: black; font-family: Arial\"><o:p><\/o:p><\/span><strong><span style=\"color: black; font-family: Arial\">Templo de Nuestra Se\u00f1ora de las Nieves<\/span><\/strong><span style=\"color: black; font-family: Arial\">: Se construy\u00f3 en el siglo XVII y se dedic\u00f3 a <st1:personname productid=\"la Santa Mar?a\" w:st=\"on\">la Santa Mar\u00eda<\/st1:personname> <st1:personname productid=\"la Mayor\" w:st=\"on\">la Mayor<\/st1:personname>, despu\u00e9s a Santa Mar\u00eda de las Nieves.<br \/>\nAqu\u00ed se abri\u00f3 el famoso Seminario de San Juan creado por los jesuitas. <\/span><span style=\"color: black; font-family: Arial\"><\/span><\/p>\n<p><span style=\"color: black; font-family: Arial\"><\/span><\/p>\n<p><span style=\"color: black; font-family: Arial\"><o:p><\/o:p><\/span><strong><span style=\"color: black; font-family: Arial\">Templo del Patrocinio<\/span><\/strong><span style=\"color: black; font-family: Arial\">: Templo de reciente construcci\u00f3n (siglo XIX) debido a que en repetidas ocasiones se derrumb\u00f3 por la acci\u00f3n de los temblores.<br \/>\nLa ornamentaci\u00f3n de su portada es singular, porque es claramente diferente a lo realizado en otros sitios de la ciudad. <o:p><\/o:p><\/span><span style=\"color: black; font-family: Arial\">El templo es reciente, lo m\u00e1s seguro que del siglo XIX, porque en repetidas ocasiones se derrumb\u00f3 por la acci\u00f3n de los temblores. La ornamentaci\u00f3n de su portada es singular, porque es claramente diferente a lo realizado en otros sitios de la ciudad<o:p><\/o:p><\/span><span style=\"color: black; font-family: Arial\"><o:p><\/o:p><\/span><\/p>\n<p class=\"MsoNormal\"><span style=\"font-size: 11pt; color: black; font-family: Verdana\"><br \/>\n<strong>TEMPLO Y EX CONVENTO DE SAN FRANCISCO<\/strong><\/span><\/p>\n<p><strong><span style=\"color: black; font-family: Verdana\"><\/span><\/strong><\/p>\n<p><strong><span style=\"color: black; font-family: Verdana\"><\/span><\/strong><\/p>\n<p><strong><span style=\"color: black; font-family: Verdana\"><\/span><\/strong><\/p>\n<p><strong><span style=\"color: black; font-family: Verdana\">Convento de Santa Catalina de Siena,<\/span><\/strong><span style=\"color: black; font-family: Arial\"> en 1577 se encarga su construcci\u00f3n al fraile dominico, Hernando de Carvarcos, \u00e9l entonces constru\u00eda el monumental convento de Santo Domingo de Guzm\u00e1n.<o:p><\/o:p><\/span><span style=\"color: black; font-family: Arial\"><o:p><\/o:p><\/span><span style=\"color: black; font-family: Arial\"><span><\/span>A partir de 1862 se destina para c\u00e1rcel p\u00fablica, y para fines del siglo XIX la parte sur, a Palacio Municipal. Desde 1976 es hotel. Posee unos majestuosos lavaderos, monumento del siglo XVI en uno de sus patios interiores. Es una magn\u00edfica construcci\u00f3n digna de admirar.<br \/>\n<\/span><strong><span style=\"color: black; font-family: Verdana\"><br \/>\n<\/span><\/strong><strong><span style=\"color: black; font-family: Verdana\"><\/span><\/strong><\/p>\n<p style=\"text-align: justify\" class=\"MsoNormal\">&nbsp;<\/p>\n<p><strong><span style=\"color: black; font-family: Verdana\"><o:p><\/o:p><\/span><\/strong><strong><span style=\"color: black; font-family: Verdana\"><o:p><\/o:p><\/span><\/strong><strong><span style=\"color: black; font-family: Verdana\"><o:p><\/o:p><\/span><\/strong><strong><span style=\"color: black; font-family: Verdana\"><o:p><\/o:p><\/span><\/strong><strong><span style=\"color: black; font-family: Verdana\"><o:p><\/o:p><\/span><\/strong><strong><span style=\"color: black; font-family: Verdana\"><o:p><\/o:p><\/span><\/strong><strong><span style=\"color: black; font-family: Verdana\"><o:p><\/o:p><\/span><\/strong><\/p>\n","protected":false},"excerpt":{"rendered":"<p>Templos y Conventos de Oaxaca.La ciudad de Oaxaca cuenta con una de las mayores muestras del barroco mexicano.Catedral: Sede de la Arquidi\u00f3cesis de Antequera.- Oaxaca. Construcci\u00f3n basada en el dise\u00f1o de tipo basilical usado en la ciudad de M\u00e9xico y Puebla.Este hermoso templo de planta basilical, se inicia en 1535 y se consagra el 12 [&hellip;]<\/p>\n","protected":false},"author":249,"featured_media":0,"comment_status":"open","ping_status":"closed","sticky":false,"template":"","format":"standard","meta":{"footnotes":""},"categories":[9],"tags":[],"class_list":["post-138","post","type-post","status-publish","format-standard","hentry","category-otros-lugares"],"_links":{"self":[{"href":"https:\/\/eloficiodehistoriar.com.mx\/index.php?rest_route=\/wp\/v2\/posts\/138","targetHints":{"allow":["GET"]}}],"collection":[{"href":"https:\/\/eloficiodehistoriar.com.mx\/index.php?rest_route=\/wp\/v2\/posts"}],"about":[{"href":"https:\/\/eloficiodehistoriar.com.mx\/index.php?rest_route=\/wp\/v2\/types\/post"}],"author":[{"embeddable":true,"href":"https:\/\/eloficiodehistoriar.com.mx\/index.php?rest_route=\/wp\/v2\/users\/249"}],"replies":[{"embeddable":true,"href":"https:\/\/eloficiodehistoriar.com.mx\/index.php?rest_route=%2Fwp%2Fv2%2Fcomments&post=138"}],"version-history":[{"count":0,"href":"https:\/\/eloficiodehistoriar.com.mx\/index.php?rest_route=\/wp\/v2\/posts\/138\/revisions"}],"wp:attachment":[{"href":"https:\/\/eloficiodehistoriar.com.mx\/index.php?rest_route=%2Fwp%2Fv2%2Fmedia&parent=138"}],"wp:term":[{"taxonomy":"category","embeddable":true,"href":"https:\/\/eloficiodehistoriar.com.mx\/index.php?rest_route=%2Fwp%2Fv2%2Fcategories&post=138"},{"taxonomy":"post_tag","embeddable":true,"href":"https:\/\/eloficiodehistoriar.com.mx\/index.php?rest_route=%2Fwp%2Fv2%2Ftags&post=138"}],"curies":[{"name":"wp","href":"https:\/\/api.w.org\/{rel}","templated":true}]}}