{"id":13814,"date":"2019-09-24T09:43:01","date_gmt":"2019-09-24T15:43:01","guid":{"rendered":"https:\/\/eloficiodehistoriar.com.mx\/?p=13814"},"modified":"2019-09-24T09:43:01","modified_gmt":"2019-09-24T15:43:01","slug":"orden-de-reparar-dano-a-nino-prodigio-a-la-unam","status":"publish","type":"post","link":"https:\/\/eloficiodehistoriar.com.mx\/?p=13814","title":{"rendered":"Orden de reparar da\u00f1o a ni\u00f1o prodigio a la UNAM"},"content":{"rendered":"<p>CIUDAD DE M\u00c9XICO<\/p>\n<p>apro<\/p>\n<p>Un tribunal federal otorg\u00f3 medidas precautorias en favor de Carlos Santamar\u00eda D\u00edaz, el estudiante m\u00e1s joven de la Universidad Nacional Aut\u00f3noma de M\u00e9xico (UNAM), quien denunci\u00f3 ser v\u00edctima de bullying de parte del personal acad\u00e9mico.<\/p>\n<p>Carlos, de s\u00f3lo 13 a\u00f1os, ingres\u00f3 el a\u00f1o pasado a estudiar la licenciatura en F\u00edsica Biom\u00e9dica en la Facultad de Ciencias de la UNAM, convirti\u00e9ndose en el estudiante m\u00e1s joven de la comunidad universitaria dentro de una carrera de alta especializaci\u00f3n.<\/p>\n<p>Sin embargo, pese a su corta estancia, el menor de edad se ha enfrentado a una campa\u00f1a en redes sociales, impulsada por acad\u00e9micos que no aceptan su ingreso en la M\u00e1xima Casa de Estudios.<\/p>\n<p>Ahora, tras la denuncia, deber\u00e1 responder la directora de la facultad, Catalina Stern.<\/p>\n<p>\u201cEs incuestionable que la autoridad universitaria constat\u00f3 y tuvo por demostrada la existencia de un caso de acoso al menor Carlos Santamar\u00eda, de manera que las medidas de protecci\u00f3n deben ser acordes con la magnitud del acoso sufrido\u201d, resolvi\u00f3 el S\u00e9ptimo Tribunal Colegiado en Materia Administrativa del Primer Circuito en el amparo en revisi\u00f3n 42\/2019.<\/p>\n<p>De acuerdo con una nota de la reportera Laura Toribio, publicada en el diario Exc\u00e9lsior, el ni\u00f1o genio ha sufrido \u201cdescalificaciones injustas\u201d y una campa\u00f1a de desprestigio impulsada por un profesor de la Coordinaci\u00f3n de Biolog\u00eda Celular de la UNAM.<\/p>\n<p>Pelea por la protecci\u00f3n de la justicia<\/p>\n<p>El 10 de septiembre de 2018, el padre de Carlos, Fabi\u00e1n Santamar\u00eda Plascencia, interpuso el amparo indirecto 1066\/2018 ante el Juzgado Tercero de Distrito en Materia Administrativa en la Ciudad de M\u00e9xico, en el que demand\u00f3 la \u201comisi\u00f3n de implementar medidas de protecci\u00f3n reforzada\u201d para el menor por parte de Catalina Stern.<\/p>\n<p>No obstante, el 21 de enero \u00faltimo, el juez Mart\u00edn Adolfo Santos P\u00e9rez declar\u00f3 como inexistente el acto reclamado y se\u00f1al\u00f3 que \u201cdichas cuestiones son ajenas a la litis planteada\u201d y pidi\u00f3 al padre no obstruir la impartici\u00f3n de justicia por demanda contra Stern.<\/p>\n<p>Ante ello, Santamar\u00eda Plascencia, tambi\u00e9n acad\u00e9mico de la UNAM, interpuso un recurso de queja que fue atra\u00eddo por el magistrado Francisco Garc\u00eda Sandoval.<br \/>\nEn el amparo en revisi\u00f3n 42\/2019, seg\u00fan la sentencia emitida el jueves 5 de septiembre, el magistrado Garc\u00eda Sandoval determin\u00f3 sobreseer la sentencia del Juzgado Tercero de Distrito y otorgar protecci\u00f3n constitucional al ni\u00f1o Carlos.<\/p>\n<p>El magistrado determin\u00f3 que \u201cen las situaciones de acoso escolar conviene recordar que los padres delegan el cuidado de sus hijos a profesores y directivos, confiados en que en dichos centros recibir\u00e1n los cuidados, atenci\u00f3n y educaci\u00f3n que requieren, lo que justifica que dichas instituciones se deban ajustar a las normas y a los reglamentos aplicables, poniendo particular \u00e9nfasis en la seguridad, protecci\u00f3n y atenci\u00f3n a los ni\u00f1os\u201d.<\/p>\n<p>En el alcance de la sentencia emitida, el magistrado Garc\u00eda tambi\u00e9n orden\u00f3 \u201cestablecer la pertinencia de las medidas de protecci\u00f3n; es preciso que se establezca en qu\u00e9 medida perme\u00f3 en la comunidad universitaria y, respecto de la reparaci\u00f3n del da\u00f1o, habr\u00e1 que evaluar la afectaci\u00f3n en el entorno psico-social del menor\u201d.<\/p>\n<p>Como \u201cinformar al Rector [Enrique Graue], as\u00ed como al Consejo Universitario y a la Defensor\u00eda de los Derechos Universitarios, acerca de la situaci\u00f3n particular del alumno Carlos Santamar\u00eda, solicit\u00e1ndoles para que, en el \u00e1mbito de sus respectivas atribuciones, realicen las recomendaciones que se consideren<\/p>\n","protected":false},"excerpt":{"rendered":"<p>CIUDAD DE M\u00c9XICO apro Un tribunal federal otorg\u00f3 medidas precautorias en favor de Carlos Santamar\u00eda D\u00edaz, el estudiante m\u00e1s joven de la Universidad Nacional Aut\u00f3noma de M\u00e9xico (UNAM), quien denunci\u00f3 ser v\u00edctima de bullying de parte del personal acad\u00e9mico. Carlos, de s\u00f3lo 13 a\u00f1os, ingres\u00f3 el a\u00f1o pasado a estudiar la licenciatura en F\u00edsica Biom\u00e9dica [&hellip;]<\/p>\n","protected":false},"author":249,"featured_media":13815,"comment_status":"open","ping_status":"closed","sticky":false,"template":"","format":"standard","meta":{"footnotes":""},"categories":[26],"tags":[],"class_list":["post-13814","post","type-post","status-publish","format-standard","has-post-thumbnail","hentry","category-mundo"],"_links":{"self":[{"href":"https:\/\/eloficiodehistoriar.com.mx\/index.php?rest_route=\/wp\/v2\/posts\/13814","targetHints":{"allow":["GET"]}}],"collection":[{"href":"https:\/\/eloficiodehistoriar.com.mx\/index.php?rest_route=\/wp\/v2\/posts"}],"about":[{"href":"https:\/\/eloficiodehistoriar.com.mx\/index.php?rest_route=\/wp\/v2\/types\/post"}],"author":[{"embeddable":true,"href":"https:\/\/eloficiodehistoriar.com.mx\/index.php?rest_route=\/wp\/v2\/users\/249"}],"replies":[{"embeddable":true,"href":"https:\/\/eloficiodehistoriar.com.mx\/index.php?rest_route=%2Fwp%2Fv2%2Fcomments&post=13814"}],"version-history":[{"count":1,"href":"https:\/\/eloficiodehistoriar.com.mx\/index.php?rest_route=\/wp\/v2\/posts\/13814\/revisions"}],"predecessor-version":[{"id":13816,"href":"https:\/\/eloficiodehistoriar.com.mx\/index.php?rest_route=\/wp\/v2\/posts\/13814\/revisions\/13816"}],"wp:featuredmedia":[{"embeddable":true,"href":"https:\/\/eloficiodehistoriar.com.mx\/index.php?rest_route=\/wp\/v2\/media\/13815"}],"wp:attachment":[{"href":"https:\/\/eloficiodehistoriar.com.mx\/index.php?rest_route=%2Fwp%2Fv2%2Fmedia&parent=13814"}],"wp:term":[{"taxonomy":"category","embeddable":true,"href":"https:\/\/eloficiodehistoriar.com.mx\/index.php?rest_route=%2Fwp%2Fv2%2Fcategories&post=13814"},{"taxonomy":"post_tag","embeddable":true,"href":"https:\/\/eloficiodehistoriar.com.mx\/index.php?rest_route=%2Fwp%2Fv2%2Ftags&post=13814"}],"curies":[{"name":"wp","href":"https:\/\/api.w.org\/{rel}","templated":true}]}}