{"id":13817,"date":"2019-09-25T12:00:58","date_gmt":"2019-09-25T18:00:58","guid":{"rendered":"https:\/\/eloficiodehistoriar.com.mx\/?p=13817"},"modified":"2019-09-25T12:00:58","modified_gmt":"2019-09-25T18:00:58","slug":"leonora-intima-se-inaugura-exposicion","status":"publish","type":"post","link":"https:\/\/eloficiodehistoriar.com.mx\/?p=13817","title":{"rendered":"\u00abLeonora \u00edntima\u00bb se inaugura exposici\u00f3n"},"content":{"rendered":"<p>&nbsp;<\/p>\n<p>La Jornada<\/p>\n<p>&nbsp;<\/p>\n<p>Con m\u00e1s de 200 piezas, como fotograf\u00edas, agendas, cartas, dibujos y bordados, se inaugur\u00f3 la noche de ayer la exposici\u00f3n Leonora \u00edntima: objetos y memorias, en la Casa de la Primera Imprenta de Am\u00e9rica, ubicada en el Centro Hist\u00f3rico.<\/p>\n<p>En la Casa de la Primera Imprenta de Am\u00e9rica, que con esta exposici\u00f3n reinicia sus actividades despu\u00e9s de un a\u00f1o de trabajos de rehabilitaci\u00f3n, el p\u00fablico tendr\u00e1 la oportunidad de ver objeto personales y obras de la artista surrealista entre las que figuran las esculturas La inventora del atole y la Cabeza de cocodrilo, as\u00ed como varios dibujos de su bloc de notas.<\/p>\n<p>Alejandra Osorio Olave, directora Acad\u00e9mica y Cultural de la Universidad Aut\u00f3noma Metropolitana (UAM), en la ceremonia de inauguraci\u00f3n explic\u00f3 que la exhibici\u00f3n \u201ces apenas un atisbo\u201d del proyecto casa estudio de Leonora Carrington, inmueble ubicado en Chihuahua 194, en la colonia Roma.<\/p>\n<p>\u201cLa casa estudio conserva los objetos de la vida cotidiana de la familia Weisz Carrington del lugar que habitaron por m\u00e1s de 60 a\u00f1os. Tambi\u00e9n cuenta con una colecci\u00f3n de 90 piezas escult\u00f3ricas que es parte de la Fundaci\u00f3n de su hijo Pablo Weisz Carrington\u201d.<\/p>\n<p>Osorio Olave expres\u00f3 que abrir un museo en una universidad p\u00fablica como lo es la UAM significa \u201crecibir y acercar a un p\u00fablico amplio y con mucha necesidad de proyectos de calidad.<\/p>\n<p>\u201cLeonora a trav\u00e9s de su hijo nos ha elegido para preservar su vida, para hablar de su obra y del contexto hist\u00f3rico y peculiar que la trajo a M\u00e9xico\u201d, a\u00f1adi\u00f3 la directora Acad\u00e9mica y Cultural de la UAM.<\/p>\n<p>En el acto, Pablo Weisz Carrington, hijo de la pintora surrealista, record\u00f3 el trabajo de Leonora y la describi\u00f3 como \u201cuna mujer extraordinaria y una artista incomparable\u201d.<\/p>\n<p>Todas las piezas que se exhiben fueron adquiridas por la UAM con la compra en 2017 de la casa estudio de Leonora Carrington (1917-2011) en la colonia Roma, la cual est\u00e1 siendo rehabilitada y se abrir\u00e1 como museo a finales de 2020.<\/p>\n<p>A la apertura de la exposici\u00f3n de Leonora Carrington en la Casa de la Primera Imprenta de Am\u00e9rica asistieron el rector general de la UAM, Eduardo Pe\u00f1alosa Castro; Lucina Jim\u00e9nez, directora del Instituto Nacional de Bellas Artes y Literatura; Ivette G\u00f3mez, jefa de la Casa de la Primera Imprenta de Am\u00e9rica, Francisco Mata Rosas, coordinador general de Difusi\u00f3n de la UAM.<\/p>\n<p>La muestra Leonora \u00edntima: objetos y memorias estar\u00e1 abierta al p\u00fablico del 25 de septiembre al 24 de enero de 2020 en la Casa de la Primera Imprenta de Am\u00e9rica (Licenciado Primo de Verdad 10, colonia Centro).<\/p>\n","protected":false},"excerpt":{"rendered":"<p>&nbsp; La Jornada &nbsp; Con m\u00e1s de 200 piezas, como fotograf\u00edas, agendas, cartas, dibujos y bordados, se inaugur\u00f3 la noche de ayer la exposici\u00f3n Leonora \u00edntima: objetos y memorias, en la Casa de la Primera Imprenta de Am\u00e9rica, ubicada en el Centro Hist\u00f3rico. En la Casa de la Primera Imprenta de Am\u00e9rica, que con esta [&hellip;]<\/p>\n","protected":false},"author":249,"featured_media":13818,"comment_status":"open","ping_status":"closed","sticky":false,"template":"","format":"standard","meta":{"footnotes":""},"categories":[26],"tags":[],"class_list":["post-13817","post","type-post","status-publish","format-standard","has-post-thumbnail","hentry","category-mundo"],"_links":{"self":[{"href":"https:\/\/eloficiodehistoriar.com.mx\/index.php?rest_route=\/wp\/v2\/posts\/13817","targetHints":{"allow":["GET"]}}],"collection":[{"href":"https:\/\/eloficiodehistoriar.com.mx\/index.php?rest_route=\/wp\/v2\/posts"}],"about":[{"href":"https:\/\/eloficiodehistoriar.com.mx\/index.php?rest_route=\/wp\/v2\/types\/post"}],"author":[{"embeddable":true,"href":"https:\/\/eloficiodehistoriar.com.mx\/index.php?rest_route=\/wp\/v2\/users\/249"}],"replies":[{"embeddable":true,"href":"https:\/\/eloficiodehistoriar.com.mx\/index.php?rest_route=%2Fwp%2Fv2%2Fcomments&post=13817"}],"version-history":[{"count":1,"href":"https:\/\/eloficiodehistoriar.com.mx\/index.php?rest_route=\/wp\/v2\/posts\/13817\/revisions"}],"predecessor-version":[{"id":13819,"href":"https:\/\/eloficiodehistoriar.com.mx\/index.php?rest_route=\/wp\/v2\/posts\/13817\/revisions\/13819"}],"wp:featuredmedia":[{"embeddable":true,"href":"https:\/\/eloficiodehistoriar.com.mx\/index.php?rest_route=\/wp\/v2\/media\/13818"}],"wp:attachment":[{"href":"https:\/\/eloficiodehistoriar.com.mx\/index.php?rest_route=%2Fwp%2Fv2%2Fmedia&parent=13817"}],"wp:term":[{"taxonomy":"category","embeddable":true,"href":"https:\/\/eloficiodehistoriar.com.mx\/index.php?rest_route=%2Fwp%2Fv2%2Fcategories&post=13817"},{"taxonomy":"post_tag","embeddable":true,"href":"https:\/\/eloficiodehistoriar.com.mx\/index.php?rest_route=%2Fwp%2Fv2%2Ftags&post=13817"}],"curies":[{"name":"wp","href":"https:\/\/api.w.org\/{rel}","templated":true}]}}