{"id":13820,"date":"2019-09-25T12:09:57","date_gmt":"2019-09-25T18:09:57","guid":{"rendered":"https:\/\/eloficiodehistoriar.com.mx\/?p=13820"},"modified":"2019-09-25T12:09:57","modified_gmt":"2019-09-25T18:09:57","slug":"la-salsa-colombiana","status":"publish","type":"post","link":"https:\/\/eloficiodehistoriar.com.mx\/?p=13820","title":{"rendered":"La salsa colombiana&#8230;"},"content":{"rendered":"<p>La Jornada<\/p>\n<p>&nbsp;<\/p>\n<p>Mi\u00e9rcoles 25 de septiembre de 2019. El colombiano Alberto Barros no s\u00f3lo toca el tromb\u00f3n, canta, hace arreglos, produce y compone. Asegura que su salsa es diferente a la de otras latitudes, porque cada pa\u00eds ha adaptado esta m\u00fasica a sus propias caracter\u00edsticas, le ha dado identidad.<br \/>\nLa de Colombia, explica en charla con La Jornada, \u201ces m\u00e1s bailable, tiene un formato m\u00e1s ordenado y cada uno tiene una funci\u00f3n espec\u00edfica. Es un equipo \u2013ejemplific\u00f3\u2013 con s\u00f3lo un Maradona, no con 10. Este orden facilita al bailador; adem\u00e1s, permite asimilar el formato auditivo, porque los arreglos son m\u00e1s sencillos, en comparaci\u00f3n con la salsa puertorrique\u00f1a que tiene influencia m\u00e1s estadunidense, con tintes de jazz y con sonidos de metales m\u00e1s complicados para el o\u00eddo\u201d.<\/p>\n<p>Alberto Barros acept\u00f3 que su influencia salsera viene de mi Caribe, de mi tierra natal, Barranquilla, que ten\u00eda mucha influencia de la m\u00fasica de Estados Unidos, Cuba y Puerto Rico, que lleg\u00f3 con fuerza. De pronto me gust\u00f3 y me identifiqu\u00e9. Todo lo que he hecho desde hace m\u00e1s de 30 a\u00f1os es salsa.<\/p>\n<p>El aprendizaje obtenido a lo largo de su trayectoria, admite, se debe a que soy un m\u00fasico con pasi\u00f3n, disciplinado y perseverante.<\/p>\n<p>Esta misma filosof\u00eda, destac\u00f3 el Tit\u00e1n de la salsa, la ha inculcado a su hijo LB, quien ya inici\u00f3 su carrera musical, pero enfocado hacia el g\u00e9nero urbano. No soy antag\u00f3nico con ning\u00fan ritmo, incluso me gusta el reguet\u00f3n, sostuvo Barros.<\/p>\n<p>Otro aspecto que destac\u00f3 el autor de Sobredosis de amor, es su trabajo de productor de una orquesta integrada por 21 mujeres denominada Colombianas Salsa All Star. Esta agrupaci\u00f3n re\u00fane al talento femenino m\u00e1s reconocido del pa\u00eds, grandes voces y excelentes m\u00fasicos.<\/p>\n<p>Barros, ataviado como estrella del rock \u2013gafas oscuras, chamarra de cuero y jeans color negro\u2013, anunci\u00f3 los conciertos del pr\u00f3ximo viernes, titulado Lo mejor de Alberto Barros, 10 Aniversario, que ofrecer\u00e1 en la Arena Ciudad de M\u00e9xico, y el que dar\u00e1 un d\u00eda despu\u00e9s en el Centro de Espect\u00e1culos Carta Clara en M\u00e9rida, Yucat\u00e1n.<\/p>\n<p>En el recinto de Azcapotzalco, har\u00e1 un recorrido por su trayectoria, revestir\u00e1 sus \u00e9xitos y recordar\u00e1 sus tributos a la salsa y cumbia colombianas. \u201cSe escuchar\u00e1n cl\u00e1sicos como La rebeli\u00f3n, Gotas de lluvia, La palomita y Por retenerte. En m\u00e1s de dos horas se escuchar\u00e1n dos temas in\u00e9ditos, as\u00ed como temas del reciente disco, Tributo a la Cumbia Colombiana 4, incluida la participaci\u00f3n del Grupo 5, Majida Issa y LB, quien abrir\u00e1 la presentaci\u00f3n.<\/p>\n<p>El int\u00e9rprete de Bonita y mentirosa ha dirigido orquestas para acompa\u00f1ar a cantantes como Celia Cruz, \u00d3scar de Le\u00f3n, H\u00e9ctor Lavoe, Andy Monta\u00f1es, Pete El Conde Rodr\u00edguez y Luis Enrique, El pr\u00edncipe de la salsa.<\/p>\n<p>Tambi\u00e9n ha sido nominado al Grammy como productor musical en la categor\u00eda de mejor \u00e1lbum tropical por los trabajos Vali\u00f3 la pena, de Marc Anthony (2005); Escap\u00e9monos, de este \u00faltimo a d\u00fao con Jennifer Lopez (2005); Estilo propio, de Son de Cali (2004), y Propuesta, del Grupo Niche.<\/p>\n<p>Pienso en la gente<\/p>\n<p>Cada vez que graba un disco, puntualiz\u00f3, \u201clo primero que pensamos es en la gente, que le guste y lo goce, por eso hacemos una selecci\u00f3n exhaustiva de los temas. Trabajo en los arreglos y las versiones para darles actualidad y sabor. As\u00ed que despu\u00e9s de un largo proceso, por fin tenemos un disco lleno de ritmo, sabor, calidad y mucho coraz\u00f3n, como es el reciente Tributo a la Cumbia Colombiana 4\u201d.<\/p>\n<p>Barros se considera un perfeccionista, pues luego de hacer conciertos durante 10 a\u00f1os, buscamos no incurrir en ning\u00fan error y hacemos una selecci\u00f3n exhaustiva con el repertorio para llevar la excelencia a todos los foros y cumplir con la enorme responsabilidad que tengo con ustedes.<\/p>\n<p>En esta extensa gira que lo ha llevado por Centro y Sudam\u00e9rica, el colombiano pisar\u00e1 la Arena Ciudad de M\u00e9xico, donde validar\u00e1 el porqu\u00e9 este barranquillero se ha levantado como uno de los m\u00e1ximos vendedores de discos en el pa\u00eds.<\/p>\n","protected":false},"excerpt":{"rendered":"<p>La Jornada &nbsp; Mi\u00e9rcoles 25 de septiembre de 2019. El colombiano Alberto Barros no s\u00f3lo toca el tromb\u00f3n, canta, hace arreglos, produce y compone. Asegura que su salsa es diferente a la de otras latitudes, porque cada pa\u00eds ha adaptado esta m\u00fasica a sus propias caracter\u00edsticas, le ha dado identidad. La de Colombia, explica en [&hellip;]<\/p>\n","protected":false},"author":249,"featured_media":13821,"comment_status":"open","ping_status":"closed","sticky":false,"template":"","format":"standard","meta":{"footnotes":""},"categories":[26],"tags":[],"class_list":["post-13820","post","type-post","status-publish","format-standard","has-post-thumbnail","hentry","category-mundo"],"_links":{"self":[{"href":"https:\/\/eloficiodehistoriar.com.mx\/index.php?rest_route=\/wp\/v2\/posts\/13820","targetHints":{"allow":["GET"]}}],"collection":[{"href":"https:\/\/eloficiodehistoriar.com.mx\/index.php?rest_route=\/wp\/v2\/posts"}],"about":[{"href":"https:\/\/eloficiodehistoriar.com.mx\/index.php?rest_route=\/wp\/v2\/types\/post"}],"author":[{"embeddable":true,"href":"https:\/\/eloficiodehistoriar.com.mx\/index.php?rest_route=\/wp\/v2\/users\/249"}],"replies":[{"embeddable":true,"href":"https:\/\/eloficiodehistoriar.com.mx\/index.php?rest_route=%2Fwp%2Fv2%2Fcomments&post=13820"}],"version-history":[{"count":1,"href":"https:\/\/eloficiodehistoriar.com.mx\/index.php?rest_route=\/wp\/v2\/posts\/13820\/revisions"}],"predecessor-version":[{"id":13822,"href":"https:\/\/eloficiodehistoriar.com.mx\/index.php?rest_route=\/wp\/v2\/posts\/13820\/revisions\/13822"}],"wp:featuredmedia":[{"embeddable":true,"href":"https:\/\/eloficiodehistoriar.com.mx\/index.php?rest_route=\/wp\/v2\/media\/13821"}],"wp:attachment":[{"href":"https:\/\/eloficiodehistoriar.com.mx\/index.php?rest_route=%2Fwp%2Fv2%2Fmedia&parent=13820"}],"wp:term":[{"taxonomy":"category","embeddable":true,"href":"https:\/\/eloficiodehistoriar.com.mx\/index.php?rest_route=%2Fwp%2Fv2%2Fcategories&post=13820"},{"taxonomy":"post_tag","embeddable":true,"href":"https:\/\/eloficiodehistoriar.com.mx\/index.php?rest_route=%2Fwp%2Fv2%2Ftags&post=13820"}],"curies":[{"name":"wp","href":"https:\/\/api.w.org\/{rel}","templated":true}]}}