{"id":13823,"date":"2019-09-25T12:17:21","date_gmt":"2019-09-25T18:17:21","guid":{"rendered":"https:\/\/eloficiodehistoriar.com.mx\/?p=13823"},"modified":"2019-09-25T12:17:21","modified_gmt":"2019-09-25T18:17:21","slug":"ay-chihuahua-2","status":"publish","type":"post","link":"https:\/\/eloficiodehistoriar.com.mx\/?p=13823","title":{"rendered":"Ay Chihuahua&#8230;"},"content":{"rendered":"<p>Por Jos\u00e9 F\u00e9lix Zavala<\/p>\n<p>&nbsp;<\/p>\n<p>Ubicado en el Centro Hist\u00f3rico de la capital, el edificio que alberga la Rector\u00eda de la Universidad Aut\u00f3noma de Chihuahua es una de las construcciones m\u00e1s bellas de Mi Ciudad, destacando por su estilo toscano en sus paredes color beige. Previamente, en sus terrenos se ubic\u00f3 el Instituto Cient\u00edfico y Literario de Chihuahua el 19 de marzo de 1835, con el fin de promover el desarrollo de la cultura en la entonces naciente ciudad, que ofrec\u00eda a la comunidad estudios de latinidad y gram\u00e1tica castellana, y comenz\u00f3 sus clases con tan s\u00f3lo 21 estudiantes. Para la \u00e9poca comprendida entre 1835 y 1900 el n\u00famero aument\u00f3 a 996 personas. Siendo su estilo arquitect\u00f3nico Toscano Modernista, en su interior se construy\u00f3 un amplio teatro para presentar veladas literarias y conciertos que fue inaugurado el 2 de octubre de 1928.<\/p>\n<p>Entre 1937 y 1939, el ilustre pintor duranguense Leandro Carre\u00f3n N\u00e1jera plasm\u00f3 en los muros del pasillo principal del edificio un cuadro representativo de tres destacados personajes del humanismo: Tales de Mileto, Leonardo de Vinci y Santiago Ram\u00f3n y Cajal, depositando en manos de la juventud estudiosa la antorcha de la cultura, as\u00ed como una serie de magn\u00edficos murales que sintetizan la historia de M\u00e9xico, a partir de la \u00e9poca precolombina hasta el per\u00edodo de la expropiaci\u00f3n petrolera impulsada por el general L\u00e1zaro C\u00e1rdenas, desde la Conquista hasta la Revoluci\u00f3n . En diciembre de 1954 se cre\u00f3 la Universidad de Chihuahua, estableciendo su rector\u00eda primero en el Centro Cultural Quinta Gameros, as\u00ed como las escuelas de Ingenier\u00eda Civil, Derecho y M\u00fasica, siendo en 1958 cuando se traslad\u00f3 al nuevo recinto. El teatro, hoy conocido como Paraninfo Universitario, fue restaurado en 1995, encomend\u00e1ndose la rehabilitaci\u00f3n pict\u00f3rica de los murales al maestro Medardo Heras.<\/p>\n<p>Adem\u00e1s del Paraninfo ah\u00ed se encuentra tambi\u00e9n el recientemente inaugurado Polif\u00f3rum Cultural Universitario, un nuevo espacio para rendir homenaje al talento de los mejores representantes de la pl\u00e1stica chihuahuense, que se ubic\u00f3 en la espl\u00e9ndidamente reacondicionada planta baja del edificio, alojando destacados ejemplos del trabajo de artistas de trascendencia internacional, como Enrique Carbajal \u201cSebasti\u00e1n\u201d, cuya obra presenta lazos fundamentales con la ciencia, y \u00c1gueda Lozano, quien plasma en su obra un nuevo esp\u00edritu que emerge en el acto creativo que se vuelve esencial. Asimismo, en el Polif\u00f3rum se exhibir\u00e1n pinturas, esculturas, fotograf\u00edas y otros objetos a trav\u00e9s de diferentes exposiciones de estudiantes y chihuahuenses distinguidos.<\/p>\n<p>Otra \u00e1rea importante del edificio resulta ser la Sala de Consejo de Directores, instalada en lo que fue la Sala de Consejo, que a decir del rector de la universidad Ra\u00fal Ch\u00e1vez est\u00e1 a disposici\u00f3n de todas las unidades acad\u00e9micas para el uso de reuniones y actividades propias de cada una. En su interior, en el patio central, se encontraba tambi\u00e9n una campana de bronce de gran historia en la m\u00e1xima casa de estudios y que por razones de remodelaci\u00f3n y reconstrucci\u00f3n se llev\u00f3 en 1957 a la Facultad de Derecho, que ahora ser\u00e1 rescatada y colocada en un lugar propio de su historia. Hace cuatro a\u00f1os y para conmemorar el 50 aniversario de la fundaci\u00f3n de la UACH, se emiti\u00f3 un timbre postal con la fachada del edificio como motivo principal para recordar el inicio de la instituci\u00f3n que ha visto egresar hasta la fecha a m\u00e1s de 50 mil profesionistas, que han contribuido al desarrollo de Chihuahua en los \u00e1mbitos social, pol\u00edtico, cultural, cient\u00edfico, econ\u00f3mico y deportivo, constituy\u00e9ndose en el \u201cesp\u00edritu de la grandeza chihuahuense\u201d.<\/p>\n","protected":false},"excerpt":{"rendered":"<p>Por Jos\u00e9 F\u00e9lix Zavala &nbsp; Ubicado en el Centro Hist\u00f3rico de la capital, el edificio que alberga la Rector\u00eda de la Universidad Aut\u00f3noma de Chihuahua es una de las construcciones m\u00e1s bellas de Mi Ciudad, destacando por su estilo toscano en sus paredes color beige. Previamente, en sus terrenos se ubic\u00f3 el Instituto Cient\u00edfico y [&hellip;]<\/p>\n","protected":false},"author":249,"featured_media":13824,"comment_status":"open","ping_status":"closed","sticky":false,"template":"","format":"standard","meta":{"footnotes":""},"categories":[26],"tags":[],"class_list":["post-13823","post","type-post","status-publish","format-standard","has-post-thumbnail","hentry","category-mundo"],"_links":{"self":[{"href":"https:\/\/eloficiodehistoriar.com.mx\/index.php?rest_route=\/wp\/v2\/posts\/13823","targetHints":{"allow":["GET"]}}],"collection":[{"href":"https:\/\/eloficiodehistoriar.com.mx\/index.php?rest_route=\/wp\/v2\/posts"}],"about":[{"href":"https:\/\/eloficiodehistoriar.com.mx\/index.php?rest_route=\/wp\/v2\/types\/post"}],"author":[{"embeddable":true,"href":"https:\/\/eloficiodehistoriar.com.mx\/index.php?rest_route=\/wp\/v2\/users\/249"}],"replies":[{"embeddable":true,"href":"https:\/\/eloficiodehistoriar.com.mx\/index.php?rest_route=%2Fwp%2Fv2%2Fcomments&post=13823"}],"version-history":[{"count":1,"href":"https:\/\/eloficiodehistoriar.com.mx\/index.php?rest_route=\/wp\/v2\/posts\/13823\/revisions"}],"predecessor-version":[{"id":13825,"href":"https:\/\/eloficiodehistoriar.com.mx\/index.php?rest_route=\/wp\/v2\/posts\/13823\/revisions\/13825"}],"wp:featuredmedia":[{"embeddable":true,"href":"https:\/\/eloficiodehistoriar.com.mx\/index.php?rest_route=\/wp\/v2\/media\/13824"}],"wp:attachment":[{"href":"https:\/\/eloficiodehistoriar.com.mx\/index.php?rest_route=%2Fwp%2Fv2%2Fmedia&parent=13823"}],"wp:term":[{"taxonomy":"category","embeddable":true,"href":"https:\/\/eloficiodehistoriar.com.mx\/index.php?rest_route=%2Fwp%2Fv2%2Fcategories&post=13823"},{"taxonomy":"post_tag","embeddable":true,"href":"https:\/\/eloficiodehistoriar.com.mx\/index.php?rest_route=%2Fwp%2Fv2%2Ftags&post=13823"}],"curies":[{"name":"wp","href":"https:\/\/api.w.org\/{rel}","templated":true}]}}