{"id":13826,"date":"2019-09-26T08:45:42","date_gmt":"2019-09-26T14:45:42","guid":{"rendered":"https:\/\/eloficiodehistoriar.com.mx\/?p=13826"},"modified":"2019-09-26T08:45:42","modified_gmt":"2019-09-26T14:45:42","slug":"el-guardian-de-las-palabras-exposicion-sobre-los-raramuris","status":"publish","type":"post","link":"https:\/\/eloficiodehistoriar.com.mx\/?p=13826","title":{"rendered":"\u00bb El Guardian de las palabras\u00bb, exposici\u00f3n sobre los Rar\u00e1muris"},"content":{"rendered":"<p>Carlos Paul<\/p>\n<p>&nbsp;<\/p>\n<p>La Jornada<\/p>\n<p>&nbsp;<\/p>\n<p>Cuarenta y cinco im\u00e1genes en color captadas en el poblado de Tucheachi, en la Sierra Alta Tarahumara, en 2015 por el fot\u00f3grafo italiano Nicola Lorusso (Florencia, 1959) articulan la exposici\u00f3n El guardi\u00e1n de las palabras, montada en la galer\u00eda del primer piso del Museo Nacional de Antropolog\u00eda.<\/p>\n<p>Esa muestra tiene de protagonista al compositor, violinista, poeta, narrador, pintor y promotor cultural Erasmo Palma Fern\u00e1ndez (1928-2016), autor de m\u00e1s de 600 canciones en lengua rar\u00e1muri y Premio Nacional de Ciencias y Artes 2002.<\/p>\n<p>Tambi\u00e9n se exhiben los espacios \u00edntimos y cotidianos de ese poblado, uno de los m\u00e1s alejados en la Sierra Tarahumara, as\u00ed como los paisajes nevados y brumosos de la zona.<\/p>\n<p>Autodidacta y memoria hist\u00f3rica viviente<\/p>\n<p>Erasmo Palma \u2018\u2018era un hombre que amaba comunicar; un rar\u00e1muri extrovertido y curioso que absorb\u00eda pl\u00e1sticamente la realidad que lo rodeaba, contemplaba la naturaleza, de cada cosa filtraba su experiencia y la insertaba en su memoria sin apagar la chispa de la luz que habita en cada individuo desde su nacimiento. Su risa estallaba cuando te dec\u00eda al final del relato: \u2018soy un mentiroso\u2019, como queriendo decir que al creerle no te arrepentir\u00edas\u201d, apunt\u00f3 Lorusso, quien desde 2001 reside y trabaja en la Ciudad de M\u00e9xico.<\/p>\n<p>\u2018\u2018Erasmo no tuvo una formaci\u00f3n acad\u00e9mica, el trabajo de la tierra lo forjaron mientras se ganaba la confianza de su gente tratando de resolver los conflictos de la comunidad. Como m\u00fasico asisti\u00f3 a la escuela de la naturaleza, el resto es fruto de un empe\u00f1o autodidacta. Se hizo solo.\u201d<\/p>\n<p>Las fotograf\u00edas son resultado de dos breves estancias de Lorusso en la regi\u00f3n, de una semana cada una; la primera en febrero y la segunda en abril de 2015.<\/p>\n<p>En su momento, destac\u00f3 el fot\u00f3grafo durante la inauguraci\u00f3n de la muestra y presentaci\u00f3n del cat\u00e1logo de la misma, \u2018\u2018frente a don Erasmo Palma tom\u00e9 conciencia de estar ante una memoria hist\u00f3rica viviente. Dedic\u00f3 su vida a escribir cuentos, memorias, poemas que a menudo convert\u00eda en canciones. La sencillez de su labor era espont\u00e1nea y sin pretensiones, pero siempre atenta a transcribir el recuerdo que surg\u00eda del pasado o a no perder la observaci\u00f3n del presente, de ah\u00ed el t\u00edtulo de la exposici\u00f3n El guardi\u00e1n de las palabras\u201d.<\/p>\n<p>Lorusso explic\u00f3 que con toda intenci\u00f3n evit\u00f3 \u2018\u2018la representaci\u00f3n folcl\u00f3rica que se ha construido sobre los rar\u00e1muris, vinculada a estereotipos destinados al mercado tur\u00edstico e ideas ex\u00f3ticas que nunca me han interesado. Mi prop\u00f3sito es reflejar la sencillez de la cotidianidad\u201d.<\/p>\n<p>En la presentaci\u00f3n del cat\u00e1logo de la exposici\u00f3n (el cual incluye canciones y cuentos de don Erasmo), el curador de la sala Etnogr\u00e1fica del museo, Donaciano Guti\u00e9rrez, el escritor Fernando Zurita y el investigador Alejandro Castellanos reconocieron el trabajo de Lo-russo como un extraordinario estudio antropol\u00f3gico-visual que destaca el orgullo de la cultura rar\u00e1muri por sus ra\u00edces y tradiciones.<\/p>\n<p>\u2018\u2018Son im\u00e1genes que reflejan el abandono al que por muchos a\u00f1os han sido sometidos. Es una llamada de atenci\u00f3n sobre las condiciones precarias en las que se desenvuelven. Es una mirada profunda y cr\u00edtica, no superficial ni complaciente. Las im\u00e1genes muestran tambi\u00e9n esa realidad, pero no de una manera cruda o descarnada, sino sutil. Por ello el trabajo de Lorusso es arte y denuncia\u201d, explic\u00f3 Zurita.<\/p>\n<p>La exposici\u00f3n El guardi\u00e1n de las palabras, en el Museo Nacional de Antropolog\u00eda (Reforma y Gandhi, Bosque de Chapultepec), concluye este jueves.<\/p>\n","protected":false},"excerpt":{"rendered":"<p>Carlos Paul &nbsp; La Jornada &nbsp; Cuarenta y cinco im\u00e1genes en color captadas en el poblado de Tucheachi, en la Sierra Alta Tarahumara, en 2015 por el fot\u00f3grafo italiano Nicola Lorusso (Florencia, 1959) articulan la exposici\u00f3n El guardi\u00e1n de las palabras, montada en la galer\u00eda del primer piso del Museo Nacional de Antropolog\u00eda. Esa muestra [&hellip;]<\/p>\n","protected":false},"author":249,"featured_media":13827,"comment_status":"open","ping_status":"closed","sticky":false,"template":"","format":"standard","meta":{"footnotes":""},"categories":[26],"tags":[],"class_list":["post-13826","post","type-post","status-publish","format-standard","has-post-thumbnail","hentry","category-mundo"],"_links":{"self":[{"href":"https:\/\/eloficiodehistoriar.com.mx\/index.php?rest_route=\/wp\/v2\/posts\/13826","targetHints":{"allow":["GET"]}}],"collection":[{"href":"https:\/\/eloficiodehistoriar.com.mx\/index.php?rest_route=\/wp\/v2\/posts"}],"about":[{"href":"https:\/\/eloficiodehistoriar.com.mx\/index.php?rest_route=\/wp\/v2\/types\/post"}],"author":[{"embeddable":true,"href":"https:\/\/eloficiodehistoriar.com.mx\/index.php?rest_route=\/wp\/v2\/users\/249"}],"replies":[{"embeddable":true,"href":"https:\/\/eloficiodehistoriar.com.mx\/index.php?rest_route=%2Fwp%2Fv2%2Fcomments&post=13826"}],"version-history":[{"count":1,"href":"https:\/\/eloficiodehistoriar.com.mx\/index.php?rest_route=\/wp\/v2\/posts\/13826\/revisions"}],"predecessor-version":[{"id":13828,"href":"https:\/\/eloficiodehistoriar.com.mx\/index.php?rest_route=\/wp\/v2\/posts\/13826\/revisions\/13828"}],"wp:featuredmedia":[{"embeddable":true,"href":"https:\/\/eloficiodehistoriar.com.mx\/index.php?rest_route=\/wp\/v2\/media\/13827"}],"wp:attachment":[{"href":"https:\/\/eloficiodehistoriar.com.mx\/index.php?rest_route=%2Fwp%2Fv2%2Fmedia&parent=13826"}],"wp:term":[{"taxonomy":"category","embeddable":true,"href":"https:\/\/eloficiodehistoriar.com.mx\/index.php?rest_route=%2Fwp%2Fv2%2Fcategories&post=13826"},{"taxonomy":"post_tag","embeddable":true,"href":"https:\/\/eloficiodehistoriar.com.mx\/index.php?rest_route=%2Fwp%2Fv2%2Ftags&post=13826"}],"curies":[{"name":"wp","href":"https:\/\/api.w.org\/{rel}","templated":true}]}}