{"id":13840,"date":"2019-09-28T08:57:27","date_gmt":"2019-09-28T14:57:27","guid":{"rendered":"https:\/\/eloficiodehistoriar.com.mx\/?p=13840"},"modified":"2019-09-28T08:57:27","modified_gmt":"2019-09-28T14:57:27","slug":"se-crean-las-diocesis-de-atzcapozalco-iztapalapa-y-xochimilco-en-la-cd-de-mexico","status":"publish","type":"post","link":"https:\/\/eloficiodehistoriar.com.mx\/?p=13840","title":{"rendered":"Se crean las di\u00f3cesis de Atzcapozalco, Iztapalapa y Xochimilco en la Cd. de M\u00e9xico"},"content":{"rendered":"<p>CEM<\/p>\n<p>La Nunciatura Apost\u00f3lica comunica a trav\u00e9s de la Secretar\u00eda General de la Conferencia del Episcopado Mexicano, que su Santidad Francisco se ha dignado crear tres nuevas di\u00f3cesis Azcapotzalco, Iztapalapa y Xochimilco, desmembr\u00e1ndolas de la Arquidi\u00f3cesis de M\u00e9xico y nombrando como primer Obispo de Azcapotzalco a S. E. Mons. Adolfo Miguel Casta\u00f1o Fonseca, como primer Obispo de Iztapalapa a S. E. Mons. Jes\u00fas Antonio Lerma Nolasco y como primer Obispo de Xochimilco a S. E. Mons. Andr\u00e9s Vargas Pe\u00f1a, a los presentes Auxiliares de la Arquidi\u00f3cesis de M\u00e9xico.<\/p>\n<p>Al mismo tiempo, el Santo Padre ha creado la nueva Provincia Eclesi\u00e1stica de Toluca, cuyas di\u00f3cesis sufrag\u00e1neas son: Atlacomulco, Cuernavaca y Tenancingo, elevando, de consecuencia a S. E. Mons. Francisco Javier Chavolla Ramos, como primer Arzobispo de la nueva Sede Metropolitana de Toluca.<\/p>\n<p>Dicha noticia ha sido publicada en L\u2019Osservatore Romano el d\u00eda de hoy 28 de septiembre, del presente a\u00f1o a medio d\u00eda tiempo de Roma.<\/p>\n<p>Nos unimos en alegr\u00eda y oraci\u00f3n como Iglesia que peregrina en nuestro pa\u00eds, por la creaci\u00f3n de la nueva Provincia Eclesi\u00e1stica de Toluca y las nuevas di\u00f3cesis de Azcapotzalco, Iztapalapa y Xochimilco, y les deseamos a nuestros hermanos en el Episcopado un fecundo desempe\u00f1o en las nuevas encomiendas que el Se\u00f1or les ha confiado.<\/p>\n<p>+Alfonso G. Miranda Guardiola<br \/>\nObispo Auxiliar de Monterrey<br \/>\nSecretario General de la Conferencia<br \/>\ndel Episcopado Mexicano<\/p>\n","protected":false},"excerpt":{"rendered":"<p>CEM La Nunciatura Apost\u00f3lica comunica a trav\u00e9s de la Secretar\u00eda General de la Conferencia del Episcopado Mexicano, que su Santidad Francisco se ha dignado crear tres nuevas di\u00f3cesis Azcapotzalco, Iztapalapa y Xochimilco, desmembr\u00e1ndolas de la Arquidi\u00f3cesis de M\u00e9xico y nombrando como primer Obispo de Azcapotzalco a S. E. Mons. Adolfo Miguel Casta\u00f1o Fonseca, como primer [&hellip;]<\/p>\n","protected":false},"author":249,"featured_media":13841,"comment_status":"open","ping_status":"closed","sticky":false,"template":"","format":"standard","meta":{"footnotes":""},"categories":[26],"tags":[],"class_list":["post-13840","post","type-post","status-publish","format-standard","has-post-thumbnail","hentry","category-mundo"],"_links":{"self":[{"href":"https:\/\/eloficiodehistoriar.com.mx\/index.php?rest_route=\/wp\/v2\/posts\/13840","targetHints":{"allow":["GET"]}}],"collection":[{"href":"https:\/\/eloficiodehistoriar.com.mx\/index.php?rest_route=\/wp\/v2\/posts"}],"about":[{"href":"https:\/\/eloficiodehistoriar.com.mx\/index.php?rest_route=\/wp\/v2\/types\/post"}],"author":[{"embeddable":true,"href":"https:\/\/eloficiodehistoriar.com.mx\/index.php?rest_route=\/wp\/v2\/users\/249"}],"replies":[{"embeddable":true,"href":"https:\/\/eloficiodehistoriar.com.mx\/index.php?rest_route=%2Fwp%2Fv2%2Fcomments&post=13840"}],"version-history":[{"count":1,"href":"https:\/\/eloficiodehistoriar.com.mx\/index.php?rest_route=\/wp\/v2\/posts\/13840\/revisions"}],"predecessor-version":[{"id":13842,"href":"https:\/\/eloficiodehistoriar.com.mx\/index.php?rest_route=\/wp\/v2\/posts\/13840\/revisions\/13842"}],"wp:featuredmedia":[{"embeddable":true,"href":"https:\/\/eloficiodehistoriar.com.mx\/index.php?rest_route=\/wp\/v2\/media\/13841"}],"wp:attachment":[{"href":"https:\/\/eloficiodehistoriar.com.mx\/index.php?rest_route=%2Fwp%2Fv2%2Fmedia&parent=13840"}],"wp:term":[{"taxonomy":"category","embeddable":true,"href":"https:\/\/eloficiodehistoriar.com.mx\/index.php?rest_route=%2Fwp%2Fv2%2Fcategories&post=13840"},{"taxonomy":"post_tag","embeddable":true,"href":"https:\/\/eloficiodehistoriar.com.mx\/index.php?rest_route=%2Fwp%2Fv2%2Ftags&post=13840"}],"curies":[{"name":"wp","href":"https:\/\/api.w.org\/{rel}","templated":true}]}}