{"id":13846,"date":"2019-09-28T10:15:44","date_gmt":"2019-09-28T16:15:44","guid":{"rendered":"https:\/\/eloficiodehistoriar.com.mx\/?p=13846"},"modified":"2019-09-28T10:15:44","modified_gmt":"2019-09-28T16:15:44","slug":"patzcuaro-ciudad-enigma-en-mexico","status":"publish","type":"post","link":"https:\/\/eloficiodehistoriar.com.mx\/?p=13846","title":{"rendered":"Patzcuaro, ciudad enigma en M\u00e9xico"},"content":{"rendered":"<p>Armando Mart\u00ednez<\/p>\n<p>En esta localidad iniciaron ayer las actividades para recordar el aniversario de P\u00e1tzcuaro, que hace 475 a\u00f1os recibi\u00f3 el t\u00edtulo de Ciudad de Michoac\u00e1n; las festividades comenzaron con la pega del programa de eventos por parte de las autoridades municipales y de la junta conmemorativa de las fiestas; igualmente fueron coronadas Dulce Mar\u00eda Candelario Guti\u00e9rrez como Se\u00f1orita P\u00e1tzcuaro 2009 y Berenice L\u00f3pez Reyes como Se\u00f1orita Ireri.<\/p>\n<p>El edil Antonio Garc\u00eda Velazquez, despu\u00e9s de leer el programa de aniversario, realiz\u00f3 la primera pega en uno de los pilares del portal Hidalgo; posteriormente, durante un recorrido por las principales calles del centro hist\u00f3rico de la ciudad, los integrantes del cabildo colocaron el edicto en los lugares de costumbre.<\/p>\n<p>Al finalizar el recorrido, el mun\u00edcipe Antonio Garc\u00eda Vel\u00e1zquez y la presidenta del DIF, Roc\u00edo Leal, coronaron a las bellas representantes en el patio principal de la presidencia; en su mensaje pidieron a las j\u00f3venes resaltar el nombre de P\u00e1tzcuaro en las diversas actividades que se llevar\u00e1n a cabo. De la misma manera, les entregaron un reconocimiento que consiste en una artesan\u00eda elaborada por manos patzcuarenses.<\/p>\n<p>Durante los pr\u00f3ximos d\u00edas y hasta el 29 de septiembre se realizar\u00e1n diversas actividades culturales y art\u00edsticas, as\u00ed como conferencias, recorridos guiados e hist\u00f3ricos, concursos de dibujo hist\u00f3rico, exhibici\u00f3n de pendones y de fotograf\u00edas antiguas de P\u00e1tzcuaro, entre otros eventos.<\/p>\n<p>El d\u00eda 28 se realizar\u00e1 la entrega de la Presea Vasco de Quiroga 2009 a quien el cabildo elija de entre las propuestas que se presenten; hasta el momento son cuatro las que han entregado y en su momento se dar\u00e1n a conocer. El reconocimiento ser\u00e1 entregado en una reuni\u00f3n extraordinaria de cabildo, a realizarse en las instalaciones del teatro Emperador Caltzontzin a las 7:00 de la tarde del pr\u00f3ximos d\u00eda 28, en presencia de autoridades del Estado y del municipio.<\/p>\n","protected":false},"excerpt":{"rendered":"<p>Armando Mart\u00ednez En esta localidad iniciaron ayer las actividades para recordar el aniversario de P\u00e1tzcuaro, que hace 475 a\u00f1os recibi\u00f3 el t\u00edtulo de Ciudad de Michoac\u00e1n; las festividades comenzaron con la pega del programa de eventos por parte de las autoridades municipales y de la junta conmemorativa de las fiestas; igualmente fueron coronadas Dulce Mar\u00eda [&hellip;]<\/p>\n","protected":false},"author":249,"featured_media":13847,"comment_status":"open","ping_status":"closed","sticky":false,"template":"","format":"standard","meta":{"footnotes":""},"categories":[26],"tags":[],"class_list":["post-13846","post","type-post","status-publish","format-standard","has-post-thumbnail","hentry","category-mundo"],"_links":{"self":[{"href":"https:\/\/eloficiodehistoriar.com.mx\/index.php?rest_route=\/wp\/v2\/posts\/13846","targetHints":{"allow":["GET"]}}],"collection":[{"href":"https:\/\/eloficiodehistoriar.com.mx\/index.php?rest_route=\/wp\/v2\/posts"}],"about":[{"href":"https:\/\/eloficiodehistoriar.com.mx\/index.php?rest_route=\/wp\/v2\/types\/post"}],"author":[{"embeddable":true,"href":"https:\/\/eloficiodehistoriar.com.mx\/index.php?rest_route=\/wp\/v2\/users\/249"}],"replies":[{"embeddable":true,"href":"https:\/\/eloficiodehistoriar.com.mx\/index.php?rest_route=%2Fwp%2Fv2%2Fcomments&post=13846"}],"version-history":[{"count":1,"href":"https:\/\/eloficiodehistoriar.com.mx\/index.php?rest_route=\/wp\/v2\/posts\/13846\/revisions"}],"predecessor-version":[{"id":13848,"href":"https:\/\/eloficiodehistoriar.com.mx\/index.php?rest_route=\/wp\/v2\/posts\/13846\/revisions\/13848"}],"wp:featuredmedia":[{"embeddable":true,"href":"https:\/\/eloficiodehistoriar.com.mx\/index.php?rest_route=\/wp\/v2\/media\/13847"}],"wp:attachment":[{"href":"https:\/\/eloficiodehistoriar.com.mx\/index.php?rest_route=%2Fwp%2Fv2%2Fmedia&parent=13846"}],"wp:term":[{"taxonomy":"category","embeddable":true,"href":"https:\/\/eloficiodehistoriar.com.mx\/index.php?rest_route=%2Fwp%2Fv2%2Fcategories&post=13846"},{"taxonomy":"post_tag","embeddable":true,"href":"https:\/\/eloficiodehistoriar.com.mx\/index.php?rest_route=%2Fwp%2Fv2%2Ftags&post=13846"}],"curies":[{"name":"wp","href":"https:\/\/api.w.org\/{rel}","templated":true}]}}