{"id":13869,"date":"2019-09-30T09:51:40","date_gmt":"2019-09-30T15:51:40","guid":{"rendered":"https:\/\/eloficiodehistoriar.com.mx\/?p=13869"},"modified":"2019-09-30T09:51:40","modified_gmt":"2019-09-30T15:51:40","slug":"la-cultura-del-descarte-y-la-opinion-del-papa-francisco","status":"publish","type":"post","link":"https:\/\/eloficiodehistoriar.com.mx\/?p=13869","title":{"rendered":"La Cultura del descarte y la opini\u00f3n del Papa Francisco"},"content":{"rendered":"<p>Aleteia<\/p>\n<p>Qu\u00e9 fuerte es el amor de Dios por su pueblo, a pesar de que este le haya dejado, le haya traicionado, se haya olvidado de \u00c9l. En Dios siempre hay una llama ardiente de la que brota la promesa de salvaci\u00f3n para cada uno de nosotros. Papa Francisco, en la homil\u00eda de la misa en Casa Santa Marta, relee as\u00ed el octavo cap\u00edtulo del libro del profeta Zacar\u00edas, donde est\u00e1 escrito: \u201cAs\u00ed dice el Se\u00f1or de los ej\u00e9rcitos: Siento gran celo por Si\u00f3n, gran c\u00f3lera en favor de ella. As\u00ed dice el Se\u00f1or: Volver\u00e9 a Si\u00f3n y habitar\u00e9 en medio de Jerusal\u00e9n\u201d. Gracias al amor de Dios, por tanto, Jerusal\u00e9n volver\u00e1 a vivir.<\/p>\n<p>Y en la primera lectura son claros \u2013 observa Francisco \u2013 tambi\u00e9n los \u201csignos de la presencia del Se\u00f1or\u201d con su pueblo, una \u201d presencia que nos hace m\u00e1s humanos\u201d, que nos hace \u201cmaduros\u201d. Son los signos de la abundancia de la vida, de la abundancia de j\u00f3venes y ancianos que animan nuestras plazas, las sociedades, las familias.<\/p>\n<p>El signo de la vida, el signo del respeto a la vida, del amor a la vida, el signo de hacer crecer la vida, y este es el signo de la presencia de Dios en nuestras comunidades y tambi\u00e9n el signo de la presencia de Dios que hace madurar a un pueblo, cuando hay ancianos. Es hermoso esto: \u2018De nuevo se sentar\u00e1n en las calles de Jerusal\u00e9n ancianos y ancianas, hombres que, de viejos, se apoyan en bastones\u201d, es un signo. Y tambi\u00e9n muchos ni\u00f1os, usa una expresi\u00f3n bonita, \u2018hormiguear\u00e1n\u2019. \u00a1Muchos! La abundancia de la vejez y de la infancia. Este es el signo, cuando un pueblo cuida a los viejos y a los ni\u00f1os, los tiene como un tesoro, este es el signo de la presencia de Dios, es la promesa de un futuro.<\/p>\n<p>La cultura del descarte es una ruina<br \/>\nVuelve a las palabras del Papa su profec\u00eda preferida de Joel: \u201cVuestros ancianos so\u00f1ar\u00e1n, vuestros j\u00f3venes tendr\u00e1n visiones\u201d. Hay as\u00ed, repite, un intercambio mutuo entre ellos, cosa que no sucede cuando, al contrario, lo que prevalece en nuestra civilizaci\u00f3n es la cultura del descarte, una \u201cruina\u201d que nos hace \u201cdevolver a su due\u00f1o\u201d a los ni\u00f1os que llegan, o que nos hace adoptar como \u201ccriterio\u201d el encerrar en residencias a los ancianos porque \u201cno producen\u201d, \u201cporque impiden la vida normal\u201d.<\/p>\n<p>A la memoria del Papa vuelve el relato de la abuela, citado en otras ocasiones, para hacer comprender lo que supone descuidar a los ancianos y a los ni\u00f1os. Es la historia de una familia en la que el pap\u00e1 decidi\u00f3 trasladar al abuelo para que comiera solo en la cocina porque, al envejecer, se le ca\u00eda la sopa y se manchaba. Pero un d\u00eda ese pap\u00e1, al volver a casa, encontr\u00f3 a su hijo construyendo la mesa de madera que \u00e9l mismo tendr\u00eda que utilizar cuando fuese anciano y se le aislara.<\/p>\n<p>\u201cCuando se descuida a ni\u00f1os y ancianos\u201d se acaba en los efectos de las sociedades modernas, que Francisco subraya hablando de tradiciones incomprendidas y de invierno demogr\u00e1fico.<\/p>\n<p>Cuando un pa\u00eds envejece y no hay ni\u00f1os, ya no ves carritos de ni\u00f1os en las calles, no ves mujeres embarazadas: \u201cUn ni\u00f1o, mejor no\u2026\u201d. Cuando lees que en ese pa\u00eds hay m\u00e1s jubilados que trabajadores. \u00a1Es tr\u00e1gico! Y cu\u00e1ntos pa\u00edses hoy empiezan a vivir este invierno demogr\u00e1fico. Y cuando se descuida a los viejos, se pierde \u2013 dig\u00e1moslo sin verg\u00fcenza \u2013 la tradici\u00f3n, la tradici\u00f3n que no es un museo de cosas viejas, es la garant\u00eda del futuro, es el jugo de las ra\u00edces que hace crecer el \u00e1rbol y que da flores y frutos. Es una sociedad est\u00e9ril para ambas partes y as\u00ed termina mal.<\/p>\n<p>\u201cSi es verdad\u201d, a\u00f1ade el Papa, \u201cla juventud se puede comprar\u201d: hoy hay muchas empresas que la ofrecen en forma de maquillaje, cirug\u00eda pl\u00e1stica y lifting, pero \u2013 es la reflexi\u00f3n de Francisco \u2013 todo acaba siempre en el \u201crid\u00edculo\u201d<\/p>\n<p>Viejos y j\u00f3venes: esperanza de patria e Iglesia<br \/>\n\u00bfCu\u00e1l es el coraz\u00f3n del mensaje de Dios? Es lo que el Papa llama \u201ccultura de la esperanza\u201d y que representan \u201cviejos y j\u00f3venes\u201d . Son ellos la certeza de la supervivencia de \u201cun pa\u00eds, de una patria, de la Iglesia\u201d. Y la conclusi\u00f3n de la homil\u00eda recuerda los muchos viajes papales, cuando los padres muestran a los ni\u00f1os para recibir la bendici\u00f3n, y lo hacen como mostrando sus \u201cjoyas\u201d, una imagen para reflexionar.<\/p>\n<p>Nunca olvido a esa viejecita en la plaza central de Ia?i, en Ruman\u00eda, cuando me miraba la abuela \u2013 era como todas las abuelas rumanas, con el velo \u2013, me miraba, llevaba al nieto en brazos y me lo ense\u00f1aba, como diciendo: \u201cEsta es mi victoria, este es mi triunfo\u201d. Esa imagen, que dio la vuelta al mundo, nos dice m\u00e1s que esta homil\u00eda. Por tanto el amor de Dios es siempre sembrar amor y hacer crecer al pueblo. No cultura del descarte. Me sale decir, perd\u00f3nenme, a ustedes p\u00e1rrocos, cuando hagan en la noche examen de conciencia, esto: \u00bfC\u00f3mo me comport\u00e9 hoy con los ni\u00f1os y los ancianos? Les ayudar\u00e1.<\/p>\n","protected":false},"excerpt":{"rendered":"<p>Aleteia Qu\u00e9 fuerte es el amor de Dios por su pueblo, a pesar de que este le haya dejado, le haya traicionado, se haya olvidado de \u00c9l. En Dios siempre hay una llama ardiente de la que brota la promesa de salvaci\u00f3n para cada uno de nosotros. Papa Francisco, en la homil\u00eda de la misa [&hellip;]<\/p>\n","protected":false},"author":249,"featured_media":13870,"comment_status":"open","ping_status":"closed","sticky":false,"template":"","format":"standard","meta":{"footnotes":""},"categories":[26],"tags":[],"class_list":["post-13869","post","type-post","status-publish","format-standard","has-post-thumbnail","hentry","category-mundo"],"_links":{"self":[{"href":"https:\/\/eloficiodehistoriar.com.mx\/index.php?rest_route=\/wp\/v2\/posts\/13869","targetHints":{"allow":["GET"]}}],"collection":[{"href":"https:\/\/eloficiodehistoriar.com.mx\/index.php?rest_route=\/wp\/v2\/posts"}],"about":[{"href":"https:\/\/eloficiodehistoriar.com.mx\/index.php?rest_route=\/wp\/v2\/types\/post"}],"author":[{"embeddable":true,"href":"https:\/\/eloficiodehistoriar.com.mx\/index.php?rest_route=\/wp\/v2\/users\/249"}],"replies":[{"embeddable":true,"href":"https:\/\/eloficiodehistoriar.com.mx\/index.php?rest_route=%2Fwp%2Fv2%2Fcomments&post=13869"}],"version-history":[{"count":1,"href":"https:\/\/eloficiodehistoriar.com.mx\/index.php?rest_route=\/wp\/v2\/posts\/13869\/revisions"}],"predecessor-version":[{"id":13871,"href":"https:\/\/eloficiodehistoriar.com.mx\/index.php?rest_route=\/wp\/v2\/posts\/13869\/revisions\/13871"}],"wp:featuredmedia":[{"embeddable":true,"href":"https:\/\/eloficiodehistoriar.com.mx\/index.php?rest_route=\/wp\/v2\/media\/13870"}],"wp:attachment":[{"href":"https:\/\/eloficiodehistoriar.com.mx\/index.php?rest_route=%2Fwp%2Fv2%2Fmedia&parent=13869"}],"wp:term":[{"taxonomy":"category","embeddable":true,"href":"https:\/\/eloficiodehistoriar.com.mx\/index.php?rest_route=%2Fwp%2Fv2%2Fcategories&post=13869"},{"taxonomy":"post_tag","embeddable":true,"href":"https:\/\/eloficiodehistoriar.com.mx\/index.php?rest_route=%2Fwp%2Fv2%2Ftags&post=13869"}],"curies":[{"name":"wp","href":"https:\/\/api.w.org\/{rel}","templated":true}]}}