{"id":139,"date":"2008-05-27T06:36:10","date_gmt":"2008-05-27T11:36:10","guid":{"rendered":"https:\/\/eloficiodehistoriar.com.mx\/?p=139"},"modified":"2008-05-27T06:36:48","modified_gmt":"2008-05-27T11:36:48","slug":"oaxacabosque-de-guaje","status":"publish","type":"post","link":"https:\/\/eloficiodehistoriar.com.mx\/?p=139","title":{"rendered":"Oaxaca:Bosque de Guaje. Parte 5"},"content":{"rendered":"<p class=\"MsoNormal\" style=\"text-align: justify\"><strong><span style=\"font-size: 14pt; font-family: Arial; color: black\">Lugares de Inter\u00e9s<o:p><\/o:p><\/span><\/strong><\/p>\n<p class=\"MsoNormal\"><strong><span style=\"font-size: 14pt; font-family: Arial; color: black\"><o:p> <\/o:p><\/span><\/strong><\/p>\n<p class=\"MsoNormal\"><strong><span style=\"font-family: Arial; color: black\" lang=\"PT-BR\">Teatro Macedonio Alcal\u00e1<\/span><\/strong><span style=\"font-family: Arial; color: black\" lang=\"PT-BR\">: <o:p><\/o:p><\/span><\/p>\n<p class=\"MsoNormal\" style=\"text-align: justify\"><span style=\"font-family: Arial; color: black\" lang=\"PT-BR\">Arquitectura de la \u00e9poca porfirista. <\/span><span style=\"font-family: Arial; color: black\">La construcci\u00f3n del teatro, primero fue casino llamado \u00abLuis Mier y Ter\u00e1n\u00bb, se inici\u00f3 su construcci\u00f3n en 1903,<span>  <\/span>se inaugura el 5 de septiembre de 1909.<\/span><\/p>\n<p class=\"MsoNormal\" style=\"text-align: justify\">&nbsp;<\/p>\n<p class=\"MsoNormal\" style=\"text-align: justify\">&nbsp;<\/p>\n<p class=\"MsoNormal\" style=\"text-align: justify\"><span style=\"font-family: Arial; color: black\">Posteriormente se le denomin\u00f3 teatro \u00abJes\u00fas Carranza\u00bb y a partir de 1932 \u00abMacedonio Alcal\u00e1\u00bb en honor del m\u00fasico compositor autor de \u00ab<strong>Dios Nunca Muere\u00bb.<\/strong><\/span><\/p>\n<p class=\"MsoNormal\" style=\"text-align: justify\">&nbsp;<\/p>\n<p class=\"MsoNormal\" style=\"text-align: justify\"><span style=\"font-family: Arial; color: black\">El teatro est\u00e1 dividido en tres departamentos: el vest\u00edbulo, el sal\u00f3n y el proscenio o escenario. La planta baja, al exterior, fue ocupada para establecimientos comerciales, hoy en d\u00eda la ocupa la sala o pinacoteca, Miguel Cabrera, donde hay continuamente exposiciones temporales de pintura.<\/span><\/p>\n<p class=\"MsoNormal\" style=\"text-align: justify\">&nbsp;<\/p>\n<p class=\"MsoNormal\"><strong><span style=\"font-family: Arial; color: black\"><o:p> <\/o:p><\/span><\/strong><\/p>\n<p class=\"MsoNormal\" style=\"text-align: justify\"><strong><span style=\"font-family: Arial; color: black\">Museo de las Culturas <\/span><\/strong><span style=\"font-family: Arial; color: black\">en el antiguo y monumental Convento de Santo Domingo,<strong> <\/strong><\/span><span style=\"font-family: Arial; color: black\"><span> <\/span>restaurado a partir del a\u00f1o de 1996, y est\u00e1 considerado como una de las mejores obras de restauraci\u00f3n de Latinoam\u00e9rica.<\/span><\/p>\n<p class=\"MsoNormal\" style=\"text-align: justify\">&nbsp;<\/p>\n<p class=\"MsoNormal\" style=\"text-align: justify\"><span style=\"font-family: Arial; color: black\">En el se puede admirar todo lo referente al tesoro que Don Alfonso Caso encontr\u00f3 en <st1:personname productid=\"la Tumba\" w:st=\"on\">la Tumba<\/st1:personname> 7 de Monte Alb\u00e1n y muchas otras piezas m\u00e1s del arte prehisp\u00e1nico de M\u00e9xico.<\/span><\/p>\n<p class=\"MsoNormal\" style=\"text-align: justify\">&nbsp;<\/p>\n<p class=\"MsoNormal\" style=\"text-align: justify\"><span style=\"font-family: Arial; color: black\">Construido en 1550-1660. En parte del convento dominico esta El Museo Regional de Oaxaca que ocupa este lugar desde 1964, antes estuvo instalado en el Instituto de Ciencias y Artes, y otros sitios.<\/span><\/p>\n<p class=\"MsoNormal\" style=\"text-align: justify\">&nbsp;<\/p>\n<p class=\"MsoNormal\" style=\"text-align: justify\"><span style=\"font-family: Arial; color: black\">El museo est\u00e1 especializado en las grandes culturas prehisp\u00e1nicas de la regi\u00f3n como la zapoteca y la mixteca.<\/span><\/p>\n<p class=\"MsoNormal\" style=\"text-align: justify\">&nbsp;<\/p>\n<p class=\"MsoNormal\"><strong><span style=\"font-family: Arial; color: black\">Distribuci\u00f3n del Centro Cultural:<\/span><\/strong><\/p>\n<p class=\"MsoNormal\">&nbsp;<\/p>\n<p class=\"MsoNormal\"><span style=\"font-family: Arial; color: black\">Primera sala a la izquierda del acceso, dedicada a exposiciones temporales, y a algunas<span>  <\/span>ventas de art\u00edculos para regalo que llevan los visitantes.<\/span><\/p>\n<p class=\"MsoNormal\">&nbsp;<\/p>\n<p class=\"MsoNormal\"><st1:personname productid=\"La Sala\" w:st=\"on\"><span style=\"font-family: Arial; color: black\">La Sala<\/span><\/st1:personname><span style=\"font-family: Arial; color: black\"> dos:<\/span><\/p>\n<p class=\"MsoNormal\">&nbsp;<\/p>\n<p class=\"MsoNormal\" style=\"text-align: justify\"><span style=\"font-family: Arial; color: black\">Contiene algunos de los elementos de integraci\u00f3n cultural que se dieron <span> <\/span>despu\u00e9s de la conquista por occidente.<\/span><\/p>\n<p class=\"MsoNormal\" style=\"text-align: justify\">&nbsp;<\/p>\n<p class=\"MsoNormal\"><st1:personname productid=\"La Sala\" w:st=\"on\"><span style=\"font-family: Arial; color: black\">La Sala<\/span><\/st1:personname><span style=\"font-family: Arial; color: black\"> tres:<\/span><\/p>\n<p class=\"MsoNormal\">&nbsp;<\/p>\n<p class=\"MsoNormal\" style=\"text-align: justify\"><span style=\"font-family: Arial; color: black\">Ah\u00ed se exhiben m\u00e1scaras ceremoniales de todos tipos tama\u00f1os, colores y formas. Al lado norte del segundo claustro: Esta la cocina antigua con algunos objetos y utensilios de la \u00e9poca colonial. <\/span><\/p>\n<p class=\"MsoNormal\" style=\"text-align: justify\">&nbsp;<\/p>\n<p class=\"MsoNormal\"><span style=\"font-family: Arial; color: black\">En la parte alta:<\/span><\/p>\n<p class=\"MsoNormal\">&nbsp;<\/p>\n<p class=\"MsoNormal\"><span style=\"font-family: Arial; color: black\"><o:p> <\/o:p><\/span><\/p>\n<p class=\"MsoNormal\" style=\"text-align: justify\"><span style=\"font-family: Arial; color: black\">Est\u00e1n tres salas de etnograf\u00eda, hay una gran cantidad de objetos de uso diario, m\u00e1gico y religioso de \u00e9poca.<\/span><\/p>\n<p class=\"MsoNormal\" style=\"text-align: justify\">&nbsp;<\/p>\n<p class=\"MsoNormal\"><span style=\"font-family: Arial; color: black\"><o:p> <\/o:p><\/span><\/p>\n<p class=\"MsoNormal\" style=\"text-align: justify\"><span style=\"font-family: Arial; color: black\">En el lado poniente del claustro, <st1:personname productid=\"La  Sala\" w:st=\"on\">La <span> <\/span>Sala<\/st1:personname> dedicada a la historia de la orden Dominica, que ilustra la labor de los misioneros tratando de unir al mundo mesoamericano <span> <\/span>con el espa\u00f1ol.<\/span><\/p>\n<p class=\"MsoNormal\" style=\"text-align: justify\">&nbsp;<\/p>\n<p class=\"MsoNormal\"><span style=\"font-family: Arial; color: black\">La sala 8, 9 y 10: Corresponden a la arqueolog\u00eda.<\/span><\/p>\n<p class=\"MsoNormal\">&nbsp;<\/p>\n<p class=\"MsoNormal\"><span style=\"font-family: Arial; color: black\">La sala 8:<\/span><\/p>\n<p class=\"MsoNormal\">&nbsp;<\/p>\n<p class=\"MsoNormal\" style=\"text-align: justify\"><span style=\"font-family: Arial; color: black\">Posee el tesoro de la tumba siete de Monte Alb\u00e1n que consta de 500 piezas entre las que hay collares, anillos, pulseras, una m\u00e1scara del Dios Xipetotepec con aretes y argolla nasal. Es formidable tambi\u00e9n el cr\u00e1neo cubierto de turquesas.<\/span><\/p>\n<p class=\"MsoNormal\" style=\"text-align: justify\">&nbsp;<\/p>\n<p class=\"MsoNormal\"><span style=\"font-family: Arial; color: black\">Otras salas de arqueolog\u00eda:<\/span><\/p>\n<p class=\"MsoNormal\">&nbsp;<\/p>\n<p class=\"MsoNormal\" style=\"text-align: justify\"><span style=\"font-family: Arial; color: black\">Se presenta una evoluci\u00f3n cronol\u00f3gica de las culturas prehisp\u00e1nicas, desde los primeros grupos o asentamientos en el precl\u00e1sico medio hasta la formaci\u00f3n de los grandes centros ceremoniales del valle de Oaxaca. <\/span><\/p>\n<p class=\"MsoNormal\" style=\"text-align: justify\"><span style=\"font-family: Arial; color: black\"><br \/>\nEsta la figura del escriba de Cuilapam, que pertenece a la cultura Zapoteca.<\/span><\/p>\n<p class=\"MsoNormal\" style=\"text-align: justify\">&nbsp;<\/p>\n<p class=\"MsoNormal\"><span style=\"font-family: Arial; color: black\">Vest\u00edbulo:<\/span><\/p>\n<p class=\"MsoNormal\">&nbsp;<\/p>\n<p class=\"MsoNormal\" style=\"text-align: justify\"><span style=\"font-family: Arial; color: black\">Se encuentran unas l\u00e1pidas con glifos, una encontrada en Santa Mar\u00eda P\u00e1palo Cuicatlan. Tienen signos que no se han podido descifrar a\u00fan con los avances actuales.<\/span><\/p>\n<p class=\"MsoNormal\" style=\"text-align: justify\">&nbsp;<\/p>\n<p class=\"MsoNormal\"><strong><span style=\"font-family: Arial; color: black\">Museo de Arte Prehisp\u00e1nico \u00abRufino Tamayo\u00bb<\/span><\/strong><span style=\"font-family: Arial; color: black\">:<\/span><\/p>\n<p class=\"MsoNormal\">&nbsp;<\/p>\n<p class=\"MsoNormal\"><strong><span style=\"font-family: Arial; color: black\"><o:p> <\/o:p><\/span><\/strong><\/p>\n<p class=\"MsoNormal\" style=\"text-align: justify\"><span style=\"font-family: Arial; color: black\"><span> <\/span>El Gobierno del Estado entrega esta casa del siglo XVII a la que se le conoci\u00f3 como \u00abCasa de <st1:personname productid=\"la Villaraza\" w:st=\"on\">la Villaraza<\/st1:personname>\u00ab, porque fue utilizada por alg\u00fan tiempo por el Delegado del Comisario General de <st1:personname productid=\"la Bula\" w:st=\"on\">la Bula<\/st1:personname> de <st1:personname productid=\"la Santa Cruzada\" w:st=\"on\">la Santa Cruzada<\/st1:personname>, y ese era su apellido, de quien ten\u00eda la obligaci\u00f3n de darla a conocer a los ciudadanos. Fue archivo del Estado y Museo a partir de 1972, en el que se conservan piezas prehisp\u00e1nicas de distintas partes de <st1:personname productid=\"la Rep?blica\" w:st=\"on\">la Rep\u00fablica<\/st1:personname> donadas al pueblo de Oaxaca por el pintor Rufino Tamayo.<\/span><\/p>\n<p class=\"MsoNormal\" style=\"text-align: justify\">&nbsp;<\/p>\n<p class=\"MsoNormal\"><span style=\"font-family: Arial; color: black\">Casa del siglo XVII a la que se le conoci\u00f3 como \u00abCasa de <st1:personname productid=\"la Villaraza\" w:st=\"on\">la  Villaraza<\/st1:personname>\u00ab, porque fue utilizada por alg\u00fan tiempo por el Delegado del Comisario General de <st1:personname productid=\"la Bula\" w:st=\"on\">la  Bula<\/st1:personname> de <st1:personname productid=\"la Santa Cruzada\" w:st=\"on\">la  Santa Cruzada<\/st1:personname>, y ese era su apellido.<\/span><\/p>\n<p class=\"MsoNormal\">&nbsp;<\/p>\n<p class=\"MsoNormal\"><span style=\"font-family: Arial; color: black\">Fue archivo del Estado y museo a partir de 1972, en el que se conservan piezas prehisp\u00e1nicas de distintas partes de <st1:personname productid=\"la Rep?blica\" w:st=\"on\">la Rep\u00fablica<\/st1:personname> donadas al pueblo de Oaxaca por el pintor Rufino Tamayo.<\/span><\/p>\n<p class=\"MsoNormal\">&nbsp;<\/p>\n<p class=\"MsoNormal\"><strong><span style=\"font-family: Arial; color: black\">Museo de Arte Contempor\u00e1neo de Oaxaca (MACO)<\/span><\/strong><span style=\"font-family: Arial; color: black\">:<\/span><\/p>\n<p class=\"MsoNormal\">&nbsp;<\/p>\n<p class=\"MsoNormal\"><span style=\"font-family: Arial; color: black\">Esta casa es una de las m\u00e1s antiguas de la ciudad (siglo XVIII) y tambi\u00e9n uno de los m\u00e1s representativos ejemplos de la arquitectura civil de Oaxaca.<\/span><\/p>\n<p class=\"MsoNormal\">&nbsp;<\/p>\n<p class=\"MsoNormal\"><span style=\"font-family: Arial; color: black\">El museo que hoy alberga se cre\u00f3 con el apoyo del Gobierno del Estado, la fundaci\u00f3n Jos\u00e9 F. G\u00f3mez, representada por el pintor Francisco Toledo y el Instituto Nacional de Bellas Artes.<\/span><\/p>\n<p class=\"MsoNormal\">&nbsp;<\/p>\n<p class=\"MsoNormal\"><span style=\"font-family: Arial; color: black\">En sus salas se encuentran muestras sobresalientes de la obra pict\u00f3rica de artistas oaxaque\u00f1os como: Rufino Tamayo, Toledo, Nieto, Aquino y muchos otros m\u00e1s.<\/span><\/p>\n<p class=\"MsoNormal\">&nbsp;<\/p>\n<p class=\"MsoNormal\" style=\"text-align: justify\"><span style=\"font-family: Arial; color: black\">La casa en la que se instal\u00f3 es una muestra t\u00edpica de las construcciones dom\u00e9sticas del siglo XVIII. El museo se cre\u00f3 con el apoyo del Gobierno del Estado, la fundaci\u00f3n Jos\u00e9 F. G\u00f3mez, representada por el pintor Francisco Toledo y el Instituto Nacional de Bellas Artes. En sus salas se encuentran muestras sobresalientes de la obra pict\u00f3rica de artistas oaxaque\u00f1os, como: Rufino Tamayo, Toledo, Nieto, Aquino y muchos otros m\u00e1s.<\/span><\/p>\n<p class=\"MsoNormal\" style=\"text-align: justify\">&nbsp;<\/p>\n<p class=\"MsoNormal\"><strong><span style=\"font-family: Arial; color: black\" lang=\"PT-BR\">Instituto de Artes Gr\u00e1ficas de Oaxaca (IAGO)<\/span><\/strong><span style=\"font-family: Arial; color: black\" lang=\"PT-BR\">:<\/span><\/p>\n<p class=\"MsoNormal\">&nbsp;<\/p>\n<p class=\"MsoNormal\"><span style=\"font-family: Arial; color: black\">La importancia de su acervo es extraordinaria, sus salas de exposici\u00f3n se dedican a mostrar lo mejor de la gr\u00e1fica universal y contempor\u00e1nea.<\/span><\/p>\n<p class=\"MsoNormal\">&nbsp;<\/p>\n<p class=\"MsoNormal\"><strong><span style=\"font-family: Arial; color: black\">Museo \u00abCasa Ju\u00e1rez\u00bb<\/span><\/strong><span style=\"font-family: Arial; color: black\">:<\/span><\/p>\n<p class=\"MsoNormal\">&nbsp;<\/p>\n<p class=\"MsoNormal\" style=\"text-align: justify\"><span style=\"font-family: Arial; color: black\">Fue propiedad de Don Antonio Salanueva, quien alberg\u00f3 y ense\u00f1\u00f3 a leer al peque\u00f1o Benito Ju\u00e1rez, cuando lleg\u00f3 de su tierra natal San Pablo Guelatao.<\/span><\/p>\n<p class=\"MsoNormal\" style=\"text-align: justify\">&nbsp;<\/p>\n<p class=\"MsoNormal\" style=\"text-align: justify\"><span style=\"font-family: Arial; color: black\">La modesta construcci\u00f3n colonial fue rehabilitada y convertida en peque\u00f1o museo hist\u00f3rico, puesto al servicio el 28 de diciembre de 1974. Actualmente en cada una de sus salas, se exponen diversos objetos de la \u00e9poca.<\/span><\/p>\n<p class=\"MsoNormal\" style=\"text-align: justify\">&nbsp;<\/p>\n<p class=\"MsoNormal\"><strong><span style=\"font-family: Arial; color: black\">Museo Religioso de <st1:personname productid=\"La Soledad\" w:st=\"on\">la Soledad<\/st1:personname><\/span><\/strong><span style=\"font-family: Arial; color: black\">:<\/span><\/p>\n<p class=\"MsoNormal\">&nbsp;<\/p>\n<p class=\"MsoNormal\" style=\"text-align: justify\"><span style=\"font-family: Arial; color: black\">Conjunto arquitect\u00f3nico construido entre 1682 y 1697, gracias al esfuerzo del cura Fernando M\u00e9ndez y a la ayuda monetaria del Arcediano de la catedral Pedro Ot\u00e1lora y las monjas Recoletas Agustinas.<\/span><\/p>\n<p class=\"MsoNormal\" style=\"text-align: justify\">&nbsp;<\/p>\n<p class=\"MsoNormal\" style=\"text-align: justify\"><span style=\"font-family: Arial; color: black\">A\u00f1os despu\u00e9s fue correccional, Escuela Normal, Procuradur\u00eda General de Justicia y actualmente Palacio Municipal.<\/span><\/p>\n<p class=\"MsoNormal\" style=\"text-align: justify\">&nbsp;<\/p>\n<p class=\"MsoNormal\" style=\"text-align: justify\"><span style=\"font-family: Arial; color: black\">Anexo, en la parte sur poniente del templo est\u00e1 un Museo Religioso; en \u00e9l se conservan objetos valiosos como: ex &#8211; votos, pinturas al \u00f3leo, escultura y vestimentas.<\/span><\/p>\n<p class=\"MsoNormal\" style=\"text-align: justify\">&nbsp;<\/p>\n<p class=\"MsoNormal\"><strong><span style=\"font-family: Arial; color: black\">El Seminario Conciliar. Edificio Central de <st1:personname productid=\"la Universidad Aut?noma\" w:st=\"on\">la Universidad Aut\u00f3noma<\/st1:personname> \u00abBenito Ju\u00e1rez\u00bb de Oaxaca<\/span><\/strong><span style=\"font-family: Arial; color: black\">:<\/span><\/p>\n<p class=\"MsoNormal\">&nbsp;<\/p>\n<p class=\"MsoNormal\"><span style=\"font-family: Arial; color: black\"><o:p> <\/o:p><\/span><\/p>\n<p class=\"MsoNormal\" style=\"text-align: justify\"><span style=\"font-family: Arial; color: black\">El edificio que fue reconstruido <span> <\/span>en 1848 alberg\u00f3 inicialmente al Seminario Conciliar, posteriormente, el Instituto de Ciencias y Artes del Estado, Alma Mater del Lic. Benito Ju\u00e1rez. Se transforma en <st1:personname productid=\"La Universidad\" w:st=\"on\">La Universidad<\/st1:personname> el estado a partir del a\u00f1o de 1955.<\/span><\/p>\n<p class=\"MsoNormal\" style=\"text-align: justify\">&nbsp;<\/p>\n<p class=\"MsoNormal\" style=\"text-align: justify\"><span style=\"font-family: Arial; color: black\">En 1909, este Instituto ten\u00eda 3,490 alumnos, dos talleres, la biblioteca y el museo del Estado; en la actualidad es ocupada por <st1:personname productid=\"la Facultad\" w:st=\"on\">la Facultad<\/st1:personname> de Derecho y Ciencias Sociales, la biblioteca y el Gimnasio Universitario.<\/span><\/p>\n<p class=\"MsoNormal\" style=\"text-align: justify\">&nbsp;<\/p>\n<p class=\"MsoNormal\" style=\"text-align: justify\"><span style=\"font-family: Arial; color: black\">En <st1:personname productid=\"La Casa\" w:st=\"on\">la Casa<\/st1:personname> grande de la antigua Hacienda de Aguilera, suntuosa mansi\u00f3n construida hacia 1913; se tiene una vaga noticia de que en el siglo XVII ya exist\u00eda y que ten\u00eda una capilla, se encuentra ahora la<span>  <\/span>facultad de medicina.<\/span><\/p>\n<p class=\"MsoNormal\" style=\"text-align: justify\">&nbsp;<\/p>\n<p class=\"MsoNormal\"><strong><span style=\"font-family: Arial; color: black\">Biblioteca P\u00fablica del Estado<\/span><\/strong><span style=\"font-family: Arial; color: black\">: Fue creada por decreto el 26 de agosto de 1825 e inaugurada el 16 de septiembre de 1888.<\/span><\/p>\n<p class=\"MsoNormal\">&nbsp;<\/p>\n<p class=\"MsoNormal\"><span style=\"font-family: Arial; color: black\">Este edificio es de fines del siglo XIX, herencia de la arquitectura colonial oaxaque\u00f1a.<\/span><\/p>\n<p class=\"MsoNormal\">&nbsp;<\/p>\n<p class=\"MsoNormal\"><span style=\"font-family: Arial; color: black\">Ha ocupado diversas instalaciones, en 1986 cuando se acondicion\u00f3 la calle Macedonio Alcal\u00e1 para corredor Tur\u00edstico, tambi\u00e9n se adquiri\u00f3 el edificio para alojar la biblioteca p\u00fablica del estado.<\/span><\/p>\n<p class=\"MsoNormal\">&nbsp;<\/p>\n<p class=\"MsoNormal\"><span style=\"font-family: Arial; color: black\">Su interior esta dividido por corredores que comunican las salas laterales en las dos plantas y cuando el Instituto de Ciencias y Artes abrieron sus c\u00e1tedras en 1827, la biblioteca ya contaba con 610 obras en 2035 vol\u00famenes.<\/span><\/p>\n<p class=\"MsoNormal\">&nbsp;<\/p>\n<p class=\"MsoNormal\"><span style=\"font-family: Arial; color: black\">Con regularidad se presentan exposiciones de diferente tipo.<\/span><\/p>\n<p class=\"MsoNormal\">&nbsp;<\/p>\n<p class=\"MsoNormal\"><strong><span style=\"font-family: Arial; color: black\"><span> <\/span>ZOCALO<\/span><\/strong><\/p>\n<p class=\"MsoNormal\"><strong><span style=\"font-family: Arial; color: black\"><br \/>\n<\/span><\/strong><span style=\"font-family: Arial; color: black\">En el centro se encuentra el quiosco, donde <st1:personname productid=\"la Banda\" w:st=\"on\">la  Banda<\/st1:personname> de M\u00fasica del Estado, <st1:personname productid=\"la Marimba\" w:st=\"on\">la Marimba<\/st1:personname> u otros conjuntos musicales deleitan al p\u00fablico con hermosas melod\u00edas.<\/span><\/p>\n<p class=\"MsoNormal\"><span style=\"font-family: Arial; color: black\"><\/span><\/p>\n<p><strong><span> <\/span>ALAMEDA DE LE\u00d3N<\/strong><\/p>\n<p class=\"MsoNormal\"><span style=\"font-family: Arial; color: black\"><strong><br \/>\n<\/strong>Lugar de solaz para todos. Se dedica a don Antonio de Le\u00f3n, Benem\u00e9rito de Oaxaca. Fue Gobernador del Estado, Alma Mater del Lic. Don Benito Ju\u00e1rez, el que se transforma en Universidad a partir del a\u00f1o de 1955.<\/span><\/p>\n<p class=\"MsoNormal\"><span style=\"font-family: Arial; color: black\"><\/span><\/p>\n<p><strong>PALACIO DE GOBIERNO<\/strong><\/p>\n<p class=\"MsoNormal\"><span style=\"font-family: Arial; color: black\"><br \/>\nPortentosa construcci\u00f3n civil hecha con cantera verde de Oaxaca. La primera construcci\u00f3n data del siglo XVI, la actual se inaugur\u00f3 el 15 de mayo de 1950. El gran mural de la escalera principal fue laborado por el pintor Arturo Garc\u00eda Bustos.<\/span><\/p>\n<p class=\"MsoNormal\"><span style=\"font-family: Arial; color: black\"><\/span><\/p>\n<p><strong>EX CONVENTO DE <st1:personname productid=\"LA SOLEDAD?Conjunto\" w:st=\"on\">LA SOLEDAD<\/st1:personname><\/strong><\/p>\n<p class=\"MsoNormal\"><span style=\"font-family: Arial; color: black\"><strong><st1:personname productid=\"LA SOLEDAD?Conjunto\" w:st=\"on\"><span style=\"font-weight: normal\"><br \/>\nConjunto<\/span><\/st1:personname><span style=\"font-weight: normal\"> arquitect\u00f3nico excepcional, construido entre 1682 y 1697 gracias al esfuerzo del cura Fernando M\u00e9ndez y a la ayuda monetaria del Arcediano de la catedral Pedro Ot\u00e1lora y las monjas Recoletas Agustinas.<\/span><\/strong><\/span><\/p>\n<p class=\"MsoNormal\">&nbsp;<\/p>\n<p class=\"MsoNormal\"><span style=\"font-family: Arial; color: black\"><o:p> <\/o:p><\/span><\/p>\n<p class=\"MsoNormal\"><span style=\"font-family: Arial; color: black\">A\u00f1os despu\u00e9s fue correccional, Escuela Normal, Procuradur\u00eda General de Justicia y actualmente Palacio Municipal. Anexo, en la parte sur poniente del templo est\u00e1 un Museo Religioso, en \u00e9l se conservan objetos valiosos como: ex &#8211; votos, pinturas al \u00f3leo, escultura y vestimentas.<\/span><\/p>\n<p class=\"MsoNormal\"><span style=\"font-family: Arial; color: black\"><\/span><\/p>\n<p><strong>TEATRO MACEDONIO ALCAL\u00c1<\/strong><\/p>\n<p class=\"MsoNormal\"><span style=\"font-family: Arial; color: black\"><strong><br \/>\n<\/strong>Bella muestra de la arquitectura del a \u00e9poca porfirista. Se inaugura el 5 de septiembre de 1909. Primero se le denomin\u00f3<\/span><\/p>\n<p class=\"MsoNormal\">&nbsp;<\/p>\n<p class=\"MsoNormal\"><span style=\"font-family: Arial; color: black\"><o:p> <\/o:p><\/span><\/p>\n<p class=\"MsoNormal\"><span style=\"font-family: Arial; color: black\">Carranza\u00bb y a partir de 1932, \u00abMacedonio Alcal\u00e1\u00bb, nombre del autor del Himno Oaxaque\u00f1o: \u00abDios Nunca Muere\u00bb.<\/span><\/p>\n<p class=\"MsoNormal\"><span style=\"font-family: Arial; color: black\"><\/span><\/p>\n<p><strong>EX CONVENTO DE SANTA CATALINA DE SIENA<\/strong><\/p>\n<p class=\"MsoNormal\"><span style=\"font-family: Arial; color: black\"><strong><br \/>\n<\/strong>En 1577 se encarga su construcci\u00f3n al fraile dominico Hernando de Carvarcos, \u00e9l constru\u00eda Santo Domingo de Guzm\u00e1n. A partir de 1862 se destina para c\u00e1rcel p\u00fablica, y para fines del siglo XIX la parte sur, a Palacio Municipal. Desde 1976 es hotel. Posee unos majestuosos lavaderos, monumento del siglo XVI en uno de sus patios interiores. ES una magn\u00edfica construcci\u00f3n digna de admirar.<\/span><\/p>\n<p class=\"MsoNormal\"><span style=\"font-family: Arial; color: black\"><\/span><\/p>\n<p><strong>LOS ARQUITOS DE XOCHIMILCO<\/strong><\/p>\n<p class=\"MsoNormal\"><span style=\"font-family: Arial; color: black\"><strong><br \/>\n<\/strong>As\u00ed se le conoce popularmente al acueducto de arcos continuos de mamposter\u00eda construidos en el siglo XVIII, para traer agua desde el pueblo de San Felipe del Agua. Se conserva en partes y es un rinc\u00f3n digno de visitar.<\/span><\/p>\n<p class=\"MsoNormal\"><span style=\"font-family: Arial; color: black\"><\/span><\/p>\n<p><strong>ARIPO<\/strong><\/p>\n<p class=\"MsoNormal\"><span style=\"font-family: Arial; color: black\"><strong><br \/>\n<\/strong>Es una empresa descentralizada del Gobierno Estatal, en cuya sala de exposici\u00f3n, puede encontrar variadas artesan\u00edas que se elaboran en las distintas regiones del Estado. Adem\u00e1s se puede observar el trabajo de los artesanos en alguno de los talleres con los que cuenta.<\/span><\/p>\n<p class=\"MsoNormal\"><span style=\"font-family: Arial; color: black\"><\/span><\/p>\n<p><strong>PLAZUELA DEL CARMEN ALTO<\/strong><\/p>\n<p class=\"MsoNormal\"><span style=\"font-family: Arial; color: black\"><br \/>\nActualmente se encuentra en remodelaci\u00f3n para su rescate, se encuentra a un costado del Templo del Carmen Alto, formando parte del conjunto religioso.<\/span><\/p>\n<p class=\"MsoNormal\"><span style=\"font-family: Arial; color: black\"><\/span><\/p>\n<p><strong>JARD\u00cdN \u00abANTONIA LABASTIDA\u00bb<\/strong><\/p>\n<p class=\"MsoNormal\"><span style=\"font-family: Arial; color: black\"><strong><br \/>\n<\/strong>En recuerdo a una valerosa mujer que auxili\u00f3 a Don Porfirio D\u00edaz en los d\u00edas aciagos de <st1:personname productid=\"la Rep?blica. Desde\" w:st=\"on\">la  Rep\u00fablica. Desde<\/st1:personname> hace algunos a\u00f1os, los artistas y artesanos exponen sus obras en este lugar.<\/span><\/p>\n<p class=\"MsoNormal\"><span style=\"font-family: Arial; color: black\"><\/span><\/p>\n<p><!--[if !supportLineBreakNewLine]--><br \/>\n<!--[endif]--><o:p><\/o:p><\/p>\n<p class=\"MsoNormal\"><strong><span style=\"font-family: Arial; color: black\">JARD\u00cdN S\u00d3CRATES<\/span><\/strong><\/p>\n<p class=\"MsoNormal\"><strong><span style=\"font-family: Arial; color: black\"><br \/>\n<\/span><\/strong><span style=\"font-family: Arial; color: black\">La antigua plazuela de \u00ab<st1:personname productid=\"La Soledad\" w:st=\"on\">La Soledad<\/st1:personname>\u00bb fue convertida en Plaza P\u00fablica a partir de 1781 con el nombre de \u00abJard\u00edn S\u00f3crates\u00bb. Su \u00faltima remodelaci\u00f3n se realiz\u00f3 en 1981, desde entonces se puede disfrutar en este lugar de las ricas nieves oaxaque\u00f1as de tuna, sorbete, leche quemada y muchos m\u00e1s sabores.<\/span><\/p>\n<p><!--[if !supportLineBreakNewLine]--><br \/>\n<!--[endif]--><o:p><\/o:p><\/p>\n<p class=\"MsoNormal\"><strong><span style=\"font-family: Arial; color: black\">TEMPLO Y EXCONVENTO DE LOS SIETE PR\u00cdNCIPES<\/span><\/strong><\/p>\n<p class=\"MsoNormal\"><strong><span style=\"font-family: Arial; color: black\"><br \/>\n<\/span><\/strong><span style=\"font-family: Arial; color: black\">Este conjunto data del siglo XVIII. El templo no es m\u00e1s que la capilla del convento y su elemento arquitect\u00f3nico m\u00e1s distintivo es el N\u00e1rtex de la entrada principal.<o:p><\/o:p><\/span><\/p>\n<p class=\"MsoNormal\"><span style=\"font-family: Arial; color: black\"><o:p> <\/o:p><\/span><\/p>\n<p class=\"MsoNormal\"><span style=\"font-family: Arial; color: black\">Se restaur\u00f3 totalmente en la d\u00e9cada de los sesentas y se destin\u00f3 a <st1:personname productid=\"la Escuela\" w:st=\"on\">la Escuela<\/st1:personname> de Artesan\u00edas, despu\u00e9s, desde <st1:metricconverter productid=\"1970, a\" w:st=\"on\">1970, a<\/st1:metricconverter> Casa de las Culturas Oaxaque\u00f1as.<\/span><\/p>\n<p class=\"MsoNormal\"><span style=\"font-family: Arial; color: black\"><\/span><\/p>\n<p><strong>EDIFICIO CENTRAL DE <st1:personname productid=\"LA UNIVERSIDAD AUT?NOMA\" w:st=\"on\">LA UNIVERSIDAD AUT\u00d3NOMA<\/st1:personname> \u00abBENITO JU\u00c1REZ\u00bb DE OAXACA<\/strong><\/p>\n<p class=\"MsoNormal\"><span style=\"font-family: Arial; color: black\"><strong><br \/>\n<\/strong>Inicialmente, este edificio alberg\u00f3 al Seminario Conciliar, posteriormente, el glorioso Instituto de Ciencias y Artes del Estado, Alma Mater del Lic. Benito Ju\u00e1rez, el que se transforma en Universidad a partir del a\u00f1o de 1955.<\/span><\/p>\n<p class=\"MsoNormal\"><span style=\"font-family: Arial; color: black\"><\/span><\/p>\n<p><strong>INSTITUTO OAXAQUE\u00d1O DE LAS CULTURAS<\/strong><\/p>\n<p class=\"MsoNormal\"><span style=\"font-family: Arial; color: black\"><strong><br \/>\n<\/strong>Organismo de Gobierno del Estado de Oaxaca encargado del fomento a la cultura y las artes. Se encuentra ubicado en la avenida Independencia esquina con Armenta y L\u00f3pez, colonia Centro<\/span><\/p>\n<p class=\"MsoNormal\">&nbsp;<\/p>\n<p class=\"MsoNormal\"><span style=\"font-family: Arial; color: black\"><br \/>\n<strong>ANDADOR TUR\u00cdSTICO MACEDONIO ALCAL\u00c1<\/strong><\/span><\/p>\n<p class=\"MsoNormal\"><span style=\"font-family: Arial; color: black\"><strong><br \/>\n<\/strong>Calle empedrada con cantera verde, en 1985 se cerr\u00f3 al paso vehicular para convertirla en v\u00eda peatonal. Alberga diversos monumentos arquitect\u00f3nicos, como el Instituto de Artes Gr\u00e1ficas, <st1:personname productid=\"la Biblioteca P?blica\" w:st=\"on\">la Biblioteca P\u00fablica<\/st1:personname> del Estado, el Monte de Piedad y el Museo de Arte Contempor\u00e1neo.<\/span><\/p>\n<p class=\"MsoNormal\"><span style=\"font-family: Arial; color: black\"><\/span><\/p>\n<p><strong>MERCADO 20 DE NOVIEMBRE<\/strong><\/p>\n<p class=\"MsoNormal\"><span style=\"font-family: Arial; color: black\"><strong><br \/>\n<\/strong>Si usted desea saborear alg\u00fan rico platillo oaxaque\u00f1o, \u00a1Vis\u00edtelo!<\/span><\/p>\n<p><strong>MERCADO BENITO JU\u00c1REZ<\/strong><\/p>\n<p class=\"MsoNormal\">&nbsp;<\/p>\n<p class=\"MsoNormal\"><span style=\"font-family: Arial; color: black\">T\u00edpico mercado con coloridos puestos y diferentes productos de la regi\u00f3n. Do\u00f1a Casilda y el agua de horchata con almendra, los vestidos de la regi\u00f3n<\/span><\/p>\n<p class=\"MsoNormal\">&nbsp;<\/p>\n<p class=\"MsoNormal\"><span style=\"font-family: Arial; color: black\"><o:p> <\/o:p><\/span><\/p>\n<p class=\"MsoNormal\"><o:p> <\/o:p><\/p>\n","protected":false},"excerpt":{"rendered":"<p>Lugares de Inter\u00e9s Teatro Macedonio Alcal\u00e1: Arquitectura de la \u00e9poca porfirista. La construcci\u00f3n del teatro, primero fue casino llamado \u00abLuis Mier y Ter\u00e1n\u00bb, se inici\u00f3 su construcci\u00f3n en 1903, se inaugura el 5 de septiembre de 1909. &nbsp; &nbsp; Posteriormente se le denomin\u00f3 teatro \u00abJes\u00fas Carranza\u00bb y a partir de 1932 \u00abMacedonio Alcal\u00e1\u00bb en honor [&hellip;]<\/p>\n","protected":false},"author":249,"featured_media":0,"comment_status":"open","ping_status":"closed","sticky":false,"template":"","format":"standard","meta":{"footnotes":""},"categories":[9],"tags":[],"class_list":["post-139","post","type-post","status-publish","format-standard","hentry","category-otros-lugares"],"_links":{"self":[{"href":"https:\/\/eloficiodehistoriar.com.mx\/index.php?rest_route=\/wp\/v2\/posts\/139","targetHints":{"allow":["GET"]}}],"collection":[{"href":"https:\/\/eloficiodehistoriar.com.mx\/index.php?rest_route=\/wp\/v2\/posts"}],"about":[{"href":"https:\/\/eloficiodehistoriar.com.mx\/index.php?rest_route=\/wp\/v2\/types\/post"}],"author":[{"embeddable":true,"href":"https:\/\/eloficiodehistoriar.com.mx\/index.php?rest_route=\/wp\/v2\/users\/249"}],"replies":[{"embeddable":true,"href":"https:\/\/eloficiodehistoriar.com.mx\/index.php?rest_route=%2Fwp%2Fv2%2Fcomments&post=139"}],"version-history":[{"count":0,"href":"https:\/\/eloficiodehistoriar.com.mx\/index.php?rest_route=\/wp\/v2\/posts\/139\/revisions"}],"wp:attachment":[{"href":"https:\/\/eloficiodehistoriar.com.mx\/index.php?rest_route=%2Fwp%2Fv2%2Fmedia&parent=139"}],"wp:term":[{"taxonomy":"category","embeddable":true,"href":"https:\/\/eloficiodehistoriar.com.mx\/index.php?rest_route=%2Fwp%2Fv2%2Fcategories&post=139"},{"taxonomy":"post_tag","embeddable":true,"href":"https:\/\/eloficiodehistoriar.com.mx\/index.php?rest_route=%2Fwp%2Fv2%2Ftags&post=139"}],"curies":[{"name":"wp","href":"https:\/\/api.w.org\/{rel}","templated":true}]}}