{"id":14093,"date":"2019-10-25T12:20:44","date_gmt":"2019-10-25T18:20:44","guid":{"rendered":"https:\/\/eloficiodehistoriar.com.mx\/?p=14093"},"modified":"2019-10-25T12:20:44","modified_gmt":"2019-10-25T18:20:44","slug":"yoykali-cabaret","status":"publish","type":"post","link":"https:\/\/eloficiodehistoriar.com.mx\/?p=14093","title":{"rendered":"Yoykali Cabaret"},"content":{"rendered":"<p>&nbsp;<\/p>\n<p>Ana M\u00f3nica Rodr\u00edguez<\/p>\n<p>La Jornada<\/p>\n<p>Luego de varios a\u00f1os Youkali Cabaret cerrar\u00e1 en noviembre, adelant\u00f3 el actor y director Tito Vasconcelos a La Jornada.<\/p>\n<p>Tras anunciar lo anterior, un fr\u00edo silencio inund\u00f3 el ambiente de su cabaretito, con aforo para 60 personas.<\/p>\n<p>Actores e integrantes de la producci\u00f3n se miraron entre s\u00ed y luego observaron a Vasconcelos, quien expres\u00f3: \u201cLa cr\u00eda, el musical, que se estrenar\u00e1 el 31 de octubre, significa tanto alegr\u00eda como tristeza, porque luego de las 12 funciones que ofrecer\u00e1 cerraremos Youkali Cabaret. Nos cuesta un mill\u00f3n de pesos anuales mantenerlo y a lo largo de cuatro a\u00f1os no hemos pasado de n\u00fameros rojos\u201d.<\/p>\n<p>En apariencia relajado, el director detall\u00f3: adem\u00e1s, estoy un poco cansado, con la necesidad de hacer otras cosas, pero s\u00ed, es un asunto esencialmente econ\u00f3mico, porque la renta del lugar no es barata. Estamos en una zona altamente comercial y de plusval\u00eda brutal.<\/p>\n<p>Trabajo atrasado&#8230;<\/p>\n<p>Sin profundizar sobre el futuro del recinto y de su trayectoria, el veterano cabaretero sostuvo: parece ser que a estas administraciones el arte y la cultura los tiene muy sin cuidado. El asunto es captar votos y punto. Es cierto, que aunado al asunto de car\u00e1cter econ\u00f3mico, tengo mucho trabajo atrasado, como terminar un manual y escribir mis memorias, que ya tienen editor, as\u00ed como disfrutar de todos los beneficios de ser adulto mayor.<\/p>\n<p>Acept\u00f3: esta situaci\u00f3n me frustra un poco, pero tambi\u00e9n s\u00e9 que el teatro est\u00e1 en crisis desde su nacimiento. Lo cierto es que el Estado tiene la obligaci\u00f3n de favorecer a las artes y la cultura si quiere cortar esta cascada de violencia. S\u00f3lo as\u00ed se regenerar\u00e1 el tejido social.<\/p>\n<p>Ejercicio estil\u00edstico<\/p>\n<p>Acerca de La cr\u00eda, el musical, obra basada en el texto original de Carlos Talanc\u00f3n, Tito Vasconcelos explic\u00f3 que el montaje es un ejercicio estil\u00edstico de teatro cabaret que busca amalgamar la comedia musical de peque\u00f1o formato, el estilo del cabaret mexicano y el Th\u00e9\u00e2tre du Grand Guignol, el de los mu\u00f1ecos grandes, el cual estuvo de moda en Par\u00eds de finales del siglo XIX hasta 1962.<\/p>\n<p>Detall\u00f3: se trataba de un teatro especializado en mostrar el horror con fines did\u00e1cticos, destinado a un p\u00fablico de adultos. Como antecedente hist\u00f3rico del cine de terror, el Th\u00e9\u00e2tre du Grand Gignol fue fundado en 1894 por Oscar M\u00e9t\u00e9nier, quien inspirado por la nota roja, sustentaba sus producciones en grotescos efectos especiales.<\/p>\n<p>En esta producci\u00f3n tremendista, violenta y, a la vez, divertida, se recurre a t\u00edteres de guante, de mesa y teatro de papel, acompa\u00f1ados por la m\u00fasica original de Hern\u00e1n del Riego, con arreglos y direcci\u00f3n de Alberto Gallardo, que servir\u00e1n para recrear un espacio que pretende ser la casa de una familia normal\u201d.<\/p>\n<p>En la trama, una mujer y un hombre discuten sobre la escasez que padecen; mientras su crisis econ\u00f3mica es evidente, pero a toda costa, deben alimentar a la cr\u00eda. En escena aparece un tercer personaje: un cient\u00edfico, que pone en jaque a estos terror\u00edficos personajes al investigar y analizar a la cr\u00eda.<\/p>\n<p>Sin duda, esta pareja no es sana; es t\u00f3xica; es algo de car\u00e1cter simbi\u00f3tico, no puede sobrevivir uno sin el otro. El personaje del hombre necesita quien lo cuide y ella requiere cuidar algo, sentirse absolutamente necesaria.<\/p>\n<p>Con La cr\u00eda, el musical, precis\u00f3 Vasconcelos,decidimos plantear, de manera ir\u00f3nica, c\u00f3mo somos capaces de crear nuestros monstruos, alimentarlos, sin importar que nos lleven a la ruina. Esta idea se puede transportar al \u00e1mbito pol\u00edtico, familiar, social o personal, porque uno alimenta sus miedos y fobias.<\/p>\n<p>Acompa\u00f1an en escena a Vasconcelos \u2013quien tambi\u00e9n dirige\u2013 los actores Brissia Yeber y V\u00edctor de Le\u00f3n, quienes contribuyen tonalmente al terreno de la farsa, en un juego que permite la iron\u00eda y el sarcasmo, coincidieron los creadores.<\/p>\n<p>La temporada de La cr\u00eda, el musical, con producci\u00f3n ejecutiva de Blanca Loaria, ser\u00e1 de tres semanas, del 31 de octubre al 17 de noviembre en Youkali Cabaret, ubicado en Amberes 61-3, Zona Rosa. Funciones: jueves y viernes a las 20:30; s\u00e1bados a las 19, y domingos a las 18 horas.<\/p>\n","protected":false},"excerpt":{"rendered":"<p>&nbsp; Ana M\u00f3nica Rodr\u00edguez La Jornada Luego de varios a\u00f1os Youkali Cabaret cerrar\u00e1 en noviembre, adelant\u00f3 el actor y director Tito Vasconcelos a La Jornada. Tras anunciar lo anterior, un fr\u00edo silencio inund\u00f3 el ambiente de su cabaretito, con aforo para 60 personas. Actores e integrantes de la producci\u00f3n se miraron entre s\u00ed y luego [&hellip;]<\/p>\n","protected":false},"author":249,"featured_media":14094,"comment_status":"open","ping_status":"closed","sticky":false,"template":"","format":"standard","meta":{"footnotes":""},"categories":[26],"tags":[],"class_list":["post-14093","post","type-post","status-publish","format-standard","has-post-thumbnail","hentry","category-mundo"],"_links":{"self":[{"href":"https:\/\/eloficiodehistoriar.com.mx\/index.php?rest_route=\/wp\/v2\/posts\/14093","targetHints":{"allow":["GET"]}}],"collection":[{"href":"https:\/\/eloficiodehistoriar.com.mx\/index.php?rest_route=\/wp\/v2\/posts"}],"about":[{"href":"https:\/\/eloficiodehistoriar.com.mx\/index.php?rest_route=\/wp\/v2\/types\/post"}],"author":[{"embeddable":true,"href":"https:\/\/eloficiodehistoriar.com.mx\/index.php?rest_route=\/wp\/v2\/users\/249"}],"replies":[{"embeddable":true,"href":"https:\/\/eloficiodehistoriar.com.mx\/index.php?rest_route=%2Fwp%2Fv2%2Fcomments&post=14093"}],"version-history":[{"count":1,"href":"https:\/\/eloficiodehistoriar.com.mx\/index.php?rest_route=\/wp\/v2\/posts\/14093\/revisions"}],"predecessor-version":[{"id":14095,"href":"https:\/\/eloficiodehistoriar.com.mx\/index.php?rest_route=\/wp\/v2\/posts\/14093\/revisions\/14095"}],"wp:featuredmedia":[{"embeddable":true,"href":"https:\/\/eloficiodehistoriar.com.mx\/index.php?rest_route=\/wp\/v2\/media\/14094"}],"wp:attachment":[{"href":"https:\/\/eloficiodehistoriar.com.mx\/index.php?rest_route=%2Fwp%2Fv2%2Fmedia&parent=14093"}],"wp:term":[{"taxonomy":"category","embeddable":true,"href":"https:\/\/eloficiodehistoriar.com.mx\/index.php?rest_route=%2Fwp%2Fv2%2Fcategories&post=14093"},{"taxonomy":"post_tag","embeddable":true,"href":"https:\/\/eloficiodehistoriar.com.mx\/index.php?rest_route=%2Fwp%2Fv2%2Ftags&post=14093"}],"curies":[{"name":"wp","href":"https:\/\/api.w.org\/{rel}","templated":true}]}}