{"id":14110,"date":"2019-10-27T12:55:19","date_gmt":"2019-10-27T18:55:19","guid":{"rendered":"https:\/\/eloficiodehistoriar.com.mx\/?p=14110"},"modified":"2019-10-27T12:55:19","modified_gmt":"2019-10-27T18:55:19","slug":"la-musica-indigena-tiene-un-lugar","status":"publish","type":"post","link":"https:\/\/eloficiodehistoriar.com.mx\/?p=14110","title":{"rendered":"La m\u00fasica ind\u00edgena tiene un lugar"},"content":{"rendered":"<p>La Jornada<\/p>\n<p>Oaxaca, Oax.<\/p>\n<p>Pasatono Orquesta Mexicana (POM) presentar\u00e1 este domingo su m\u00e1s reciente producci\u00f3n musical denominada Mitote, en el Palacio de Bellas Artes, proyecto que rescata la m\u00fasica del M\u00e9xico profundo y sus tradiciones, y cont\u00f3 con el apoyo del artista pl\u00e1stico Francisco Toledo \u2013fallecido el 5 de septiembre en la ciudad de Oaxaca\u2013 y de la asociaci\u00f3n Amigos del Instituto de Artes Gr\u00e1ficas de Oaxaca (IAGO) y el Centro Fotogr\u00e1fico Manuel \u00c1lvarez Bravo.<\/p>\n<p>Rub\u00e9n Luengas, creador de la POM, se\u00f1al\u00f3 que el proyecto naci\u00f3 hace seis a\u00f1os al retomar la idea del compositor Carlos Ch\u00e1vez, quien en la d\u00e9cada de 1930 cre\u00f3 una orquesta de instrumentos ind\u00edgenas, para lo cual se realiz\u00f3 una investigaci\u00f3n a fondo a fin de conocer repertorios, historias, personajes involucrados en el proyecto y dem\u00e1s informaci\u00f3n que llevara a comprender la conexi\u00f3n de la m\u00fasica del M\u00e9xico profundo y el de la academia.<\/p>\n<p>Mitote, explic\u00f3, surgi\u00f3 con la intenci\u00f3n de revalorar la m\u00fasica ind\u00edgena y darle el lugar que se merece, ya que el hecho de que provenga de las diversas etnias no significa que sea mala: Hay que revalorar la m\u00fasica del M\u00e9xico profundo y quitar las etiquetas de folclor en el mal sentido, de m\u00fasica de segunda, de indios; de m\u00fasica de viejito y aburrida. Tiene que darse una apertura desde los propios m\u00fasicos para que de esa forma se redescubra esta tradici\u00f3n de los pueblos originarios, agreg\u00f3.<\/p>\n<p>El director de la POM refiri\u00f3 que este proyecto fue cre\u00e1ndose con la participaci\u00f3n de todos los miembros de la orquesta y de Francisco Toledo, quien \u2013revel\u00f3\u2013 tuvo una vena musical muy amplia y poco conocida. Con \u00e9l tuvo muchas pl\u00e1ticas sobre esta idea e incluso, cuando se le pidi\u00f3 el apoyo para la creaci\u00f3n del logotipo del disco, accedi\u00f3 gustoso. Tambi\u00e9n fue copatrocinador del \u00e1lbum.<\/p>\n<p>Record\u00f3 que en esas conversaciones, el artista pl\u00e1stico le refiri\u00f3 que en la d\u00e9cada de los 60, tras regresar de Par\u00eds, busc\u00f3 al m\u00fasico juchiteco El ciego, Cenobio L\u00f3pez Lena, con la intenci\u00f3n de grabar un disco con su m\u00fasica, pero \u00e9ste ya hab\u00eda fallecido. Luego apoy\u00f3 la elaboraci\u00f3n de un \u00e1lbum con m\u00fasica tradicional, junto con el etnomusic\u00f3logo Raoul Hellmer, y se logr\u00f3 grabar a los piteros de Juchit\u00e1n, encabezados por Melesio Regalado y su grupo. El artista juchiteco result\u00f3 ser el ilustrador, productor y distribuidor de los discos.<\/p>\n<p>Posteriormente, Toledo produjo, junto con el Instituto Nacional de Antropolog\u00eda e Historia, los discos La m\u00fasica de los huaves \u2013o mare\u00f1os\u2013 y M\u00fasica del istmo de Tehuantepec. El artista pl\u00e1stico fue el encargado de reunir a los int\u00e9rpretes participantes de los \u00e1lbumes, y estuvo presente en todas las grabaciones. Incluso se atrevi\u00f3 a hacer grabaciones de campo, pero lamentablemente \u00e9stas se perdieron.<\/p>\n<p>El fundador del Instituto de Artes Gr\u00e1ficas de Oaxaca, se\u00f1al\u00f3 Luengas, mostr\u00f3 siempre su preocupaci\u00f3n por el rescate de las leguas ind\u00edgenas, pero no s\u00f3lo enfocado en ellas, sino en todas sus tradiciones, incluida la m\u00fasica. Por ello apoy\u00f3 distintos proyectos, entre ellos el Centro de las Artes de San Agust\u00edn Etla (CaSa), donde son becados cinco j\u00f3venes provenientes de pueblos originarios.<\/p>\n<p>Rub\u00e9n Luengas indic\u00f3 que al estar trabajando en el disco Mitote y dialogando con el maestro Toledo, se descubri\u00f3 que la Suit ind\u00edgena, melod\u00eda interpretada por la orquesta que dirigi\u00f3 Carlos Ch\u00e1vez y que fue arreglada por uno de sus alumnos llamado Daniel Ayala, no son otros m\u00e1s que los sones que tocaba en Juchit\u00e1n de Zaragoza El ciego Cenobio.<\/p>\n<p>Tras este descubrimiento, Toledo colabor\u00f3 y explic\u00f3 el nombre de cada una de las partes de esta Suit ind\u00edgena y el significado de cada pieza. \u201c\u00c9l (Toledo) me cuenta todo: qu\u00e9 significa cada son y por qu\u00e9 se toca. Como el kiri, que se interpreta al amanecer, cuando hay una celebraci\u00f3n o se fuga una novia con su novio y se van a pedir el perd\u00f3n. Entonces llevaban a los m\u00fasicos para pedir perd\u00f3n a los pap\u00e1s de la muchacha\u201d.<\/p>\n<p>Record\u00f3 que la presentaci\u00f3n del disco se celebrar\u00eda el 6 de septiembre en las instalaciones del (IAGO), pero con el fallecimiento del maestro, la actividad tuvo que ser suspendida y esperar hasta ma\u00f1ana. No obstante, la POM regresar\u00e1 al Iago el 28 de noviembre, cuando el hijo querido del artista pl\u00e1stico cumple 31 a\u00f1os y celebrar\u00e1n con el Mitote.<\/p>\n<p>Asimismo, indic\u00f3 que Mitote cuenta con diversas piezas, como la Suit ind\u00edgena, otra m\u00e1s con los cantos de la etnia triqui dedicados a las v\u00edctimas del sismo de septiembre de 2017, la fanfarria Indiana y Xochipilli, de Carlos Ch\u00e1vez.<\/p>\n<p>Adem\u00e1s, se incluir\u00e1n instrumentos utilizados originalmente por los pueblos originarios, como teponaxtle, caracol, cascabeles de cobre, hu\u00e9huetl, raspadores de hueso y tambores de agua, entre otros.<\/p>\n<p>Uno de los mayores valores de la POM, destac\u00f3, es que cada uno de sus 12 integrantes procede de diversas etnias ind\u00edgenas, por lo que hay gran diversidad cultural, cada uno con sus tradiciones y lenguas originarias y distintas disciplinas musicales.<\/p>\n<p>Mitote se presentar\u00e1 en la sala Manuel M. Ponce del Palacio de Bellas Artes este domingo a las 17 horas, previamente se realizar\u00e1 una charla con la Pasatono Orquesta Mexicana.<\/p>\n","protected":false},"excerpt":{"rendered":"<p>La Jornada Oaxaca, Oax. Pasatono Orquesta Mexicana (POM) presentar\u00e1 este domingo su m\u00e1s reciente producci\u00f3n musical denominada Mitote, en el Palacio de Bellas Artes, proyecto que rescata la m\u00fasica del M\u00e9xico profundo y sus tradiciones, y cont\u00f3 con el apoyo del artista pl\u00e1stico Francisco Toledo \u2013fallecido el 5 de septiembre en la ciudad de Oaxaca\u2013 [&hellip;]<\/p>\n","protected":false},"author":249,"featured_media":14111,"comment_status":"open","ping_status":"closed","sticky":false,"template":"","format":"standard","meta":{"footnotes":""},"categories":[26],"tags":[],"class_list":["post-14110","post","type-post","status-publish","format-standard","has-post-thumbnail","hentry","category-mundo"],"_links":{"self":[{"href":"https:\/\/eloficiodehistoriar.com.mx\/index.php?rest_route=\/wp\/v2\/posts\/14110","targetHints":{"allow":["GET"]}}],"collection":[{"href":"https:\/\/eloficiodehistoriar.com.mx\/index.php?rest_route=\/wp\/v2\/posts"}],"about":[{"href":"https:\/\/eloficiodehistoriar.com.mx\/index.php?rest_route=\/wp\/v2\/types\/post"}],"author":[{"embeddable":true,"href":"https:\/\/eloficiodehistoriar.com.mx\/index.php?rest_route=\/wp\/v2\/users\/249"}],"replies":[{"embeddable":true,"href":"https:\/\/eloficiodehistoriar.com.mx\/index.php?rest_route=%2Fwp%2Fv2%2Fcomments&post=14110"}],"version-history":[{"count":1,"href":"https:\/\/eloficiodehistoriar.com.mx\/index.php?rest_route=\/wp\/v2\/posts\/14110\/revisions"}],"predecessor-version":[{"id":14112,"href":"https:\/\/eloficiodehistoriar.com.mx\/index.php?rest_route=\/wp\/v2\/posts\/14110\/revisions\/14112"}],"wp:featuredmedia":[{"embeddable":true,"href":"https:\/\/eloficiodehistoriar.com.mx\/index.php?rest_route=\/wp\/v2\/media\/14111"}],"wp:attachment":[{"href":"https:\/\/eloficiodehistoriar.com.mx\/index.php?rest_route=%2Fwp%2Fv2%2Fmedia&parent=14110"}],"wp:term":[{"taxonomy":"category","embeddable":true,"href":"https:\/\/eloficiodehistoriar.com.mx\/index.php?rest_route=%2Fwp%2Fv2%2Fcategories&post=14110"},{"taxonomy":"post_tag","embeddable":true,"href":"https:\/\/eloficiodehistoriar.com.mx\/index.php?rest_route=%2Fwp%2Fv2%2Ftags&post=14110"}],"curies":[{"name":"wp","href":"https:\/\/api.w.org\/{rel}","templated":true}]}}