{"id":14120,"date":"2019-10-28T11:19:01","date_gmt":"2019-10-28T17:19:01","guid":{"rendered":"https:\/\/eloficiodehistoriar.com.mx\/?p=14120"},"modified":"2019-10-28T11:19:01","modified_gmt":"2019-10-28T17:19:01","slug":"ya-no-estoy-aqui-pelicula-ganadora-en-morelia","status":"publish","type":"post","link":"https:\/\/eloficiodehistoriar.com.mx\/?p=14120","title":{"rendered":"\u00abYa no estoy aqu\u00ed\u00bb pel\u00edcula ganadora en Morelia"},"content":{"rendered":"<p>MORELIA, MICH.<\/p>\n<p>(apro).-<\/p>\n<p>Fernando Fr\u00edas de la Parra retrata la marginaci\u00f3n y la falta de oportunidades de los j\u00f3venes en M\u00e9xico en la pel\u00edcula de ficci\u00f3n Ya no estoy aqu\u00ed, que concursa en la secci\u00f3n Largometraje Mexicano de la 17 edici\u00f3n del Festival Internacional de Cine de Morelia (FICM).<\/p>\n<p>Fr\u00edas de la Parra precisa que un joven mexicano \u201cde ciertos ambientes, es estigmatizado, y la sociedad y la familia te queda a deber\u201d.<\/p>\n<p>El largometraje se ubica en las monta\u00f1as de Monterrey, donde una joven pandilla, con el nombre Los Terkos, pasa los d\u00edas escuchando cumbia rebajada y asistiendo a bailes en los barrios cercanos. Pero su l\u00edder, Ulises (Juan Daniel Garc\u00eda Trevi\u00f1o), de 17 a\u00f1os, se ve forzado a migrar, por un mal entendido, a Jackson Heights, Queens, en Nueva York, donde intenta adaptarse, pero all\u00ed su identidad y forma de vestir tambi\u00e9n llama la atenci\u00f3n, y \u00e9l extra\u00f1a a Monterrey y a su banda, pero a la distancia se da cuenta que la violencia en esa ciudad est\u00e1 acabando con todo.<\/p>\n<p>El cineasta, nacido en la Ciudad de M\u00e9xico en 1979, relata que \u201cla juventud pueden ser los momentos m\u00e1s alegres, m\u00e1s felices de la vida, se vuelven memorias y tendr\u00edan que ser mayoritariamente dulces, y tristemente en esa realidad personal de Ulises es muy dif\u00edcil que as\u00ed sean\u201d.<\/p>\n<p>\u2013\u00bfC\u00f3mo se le ocurri\u00f3 retomar este movimiento de la cumbia rebajada en Monterrey?<\/p>\n<p>\u2013Monterrey es una tierra de contradicciones. Es la primera ciudad industrial de toda Latinoam\u00e9rica, posee el municipio m\u00e1s rico de Latinoam\u00e9rica, y al mismo tiempo los asentamientos que han sido politizados enormemente, se formaron con emigrantes de San Luis Potos\u00ed, el Baj\u00edo, y adoptaron la cumbia por sus letras y por su car\u00e1cter nost\u00e1lgico. Hay muchos tipos de cumbia, la del acorde\u00f3n fue la que sobrevivi\u00f3 por su car\u00e1cter melanc\u00f3lico, y las letras de c\u00f3mo extra\u00f1o mi sabana vieja y c\u00f3mo dej\u00e9 todo all\u00e1 en mi pueblo, y esa fue la cumbia que se arraig\u00f3 ah\u00ed. Muy chistoso porque Monterrey tiene a Texas encima, y ser cumbianchero significaba ser rebelde, y me interes\u00f3 mucho retratar la cumbia rebajada con la mayor autenticidad y quiz\u00e1 apertura y generosidad para crear una historia.<\/p>\n<p>\u2013\u00bfC\u00f3mo encontr\u00f3 a Juan Daniel Garc\u00eda Trevi\u00f1o?, no hab\u00eda actuado nunca y es cumbianchero.<\/p>\n<p>\u2013Es un actor no profesional, bueno hasta antes de esta pel\u00edcula. Juan Daniel que se hace llamar Derek, y en el filme es Ulises. La b\u00fasqueda fue extensiva por todos lados, me sub\u00ed a taxis para que me llevaran a mercados. En 2013 que empec\u00e9 a ir a Monterrey, el movimiento cumbianchero se estaba deshaciendo, por eso son importantes los audios de Felipe Calder\u00f3n en la pel\u00edcula, para contextualizar la historia en ese momento, porque a partir de la guerra contra los narcos se perdi\u00f3 toda esa contracultura.<\/p>\n<p>\u201cEntonces, era dif\u00edcil encontrar chavos que todav\u00eda fueran de ese movimiento, aunque \u00e9l toca los timbales en un grupo que se llama Fuerza Cumbianchera que patrocinaba el municipio de Escobedo, les daba para sus instrumentos y los ayudaba como ejemplo no de reinserci\u00f3n social, pero si como de algo positivo. \u00c9l es callado, pero posee un coraz\u00f3n de oro, m\u00e1s all\u00e1 de la gratitud inmensa que le tengo, lo admiro. Es un chico que dentro de los miles, si vi miles, conserva unos valores incre\u00edbles de lealtad, nobleza, fuerza y coraje, y de cuidar a su familia, a su mam\u00e1. Me parece un chico fenomenal, entonces, no es una coincidencia que sea el protagonista de la pel\u00edcula. Derek fue mostrando aguante y disciplina para ir pasando cada prueba\u201d.<\/p>\n<p>\u2013Aborda el \u00e9xodo por la violencia, el personaje deja su familia y su tierra por eso, pero no se hall\u00f3 en Nueva York\u2026<\/p>\n<p>\u2013Yo mismo vivo en Nueva York, me fui con la idea de una maestr\u00eda con una beca, se supone que es para mejor, ya que est\u00e1s all\u00e1 se extra\u00f1a la tierra, mi origen es mi origen, pero adem\u00e1s estoy viendo a la distancia c\u00f3mo cambian las cosas, c\u00f3mo voy cambiando yo mismo. Fui a estudiar la maestr\u00eda en cine. Mi experiencia no es comparable en ning\u00fan \u00e1ngulo con la de Juan Daniel. En la migraci\u00f3n forzada hay una gama de matices impresionantes, no todos viven la misma problem\u00e1tica.<\/p>\n","protected":false},"excerpt":{"rendered":"<p>MORELIA, MICH. (apro).- Fernando Fr\u00edas de la Parra retrata la marginaci\u00f3n y la falta de oportunidades de los j\u00f3venes en M\u00e9xico en la pel\u00edcula de ficci\u00f3n Ya no estoy aqu\u00ed, que concursa en la secci\u00f3n Largometraje Mexicano de la 17 edici\u00f3n del Festival Internacional de Cine de Morelia (FICM). Fr\u00edas de la Parra precisa que [&hellip;]<\/p>\n","protected":false},"author":249,"featured_media":14121,"comment_status":"open","ping_status":"closed","sticky":false,"template":"","format":"standard","meta":{"footnotes":""},"categories":[26],"tags":[],"class_list":["post-14120","post","type-post","status-publish","format-standard","has-post-thumbnail","hentry","category-mundo"],"_links":{"self":[{"href":"https:\/\/eloficiodehistoriar.com.mx\/index.php?rest_route=\/wp\/v2\/posts\/14120","targetHints":{"allow":["GET"]}}],"collection":[{"href":"https:\/\/eloficiodehistoriar.com.mx\/index.php?rest_route=\/wp\/v2\/posts"}],"about":[{"href":"https:\/\/eloficiodehistoriar.com.mx\/index.php?rest_route=\/wp\/v2\/types\/post"}],"author":[{"embeddable":true,"href":"https:\/\/eloficiodehistoriar.com.mx\/index.php?rest_route=\/wp\/v2\/users\/249"}],"replies":[{"embeddable":true,"href":"https:\/\/eloficiodehistoriar.com.mx\/index.php?rest_route=%2Fwp%2Fv2%2Fcomments&post=14120"}],"version-history":[{"count":1,"href":"https:\/\/eloficiodehistoriar.com.mx\/index.php?rest_route=\/wp\/v2\/posts\/14120\/revisions"}],"predecessor-version":[{"id":14122,"href":"https:\/\/eloficiodehistoriar.com.mx\/index.php?rest_route=\/wp\/v2\/posts\/14120\/revisions\/14122"}],"wp:featuredmedia":[{"embeddable":true,"href":"https:\/\/eloficiodehistoriar.com.mx\/index.php?rest_route=\/wp\/v2\/media\/14121"}],"wp:attachment":[{"href":"https:\/\/eloficiodehistoriar.com.mx\/index.php?rest_route=%2Fwp%2Fv2%2Fmedia&parent=14120"}],"wp:term":[{"taxonomy":"category","embeddable":true,"href":"https:\/\/eloficiodehistoriar.com.mx\/index.php?rest_route=%2Fwp%2Fv2%2Fcategories&post=14120"},{"taxonomy":"post_tag","embeddable":true,"href":"https:\/\/eloficiodehistoriar.com.mx\/index.php?rest_route=%2Fwp%2Fv2%2Ftags&post=14120"}],"curies":[{"name":"wp","href":"https:\/\/api.w.org\/{rel}","templated":true}]}}