{"id":14126,"date":"2019-10-28T11:47:05","date_gmt":"2019-10-28T17:47:05","guid":{"rendered":"https:\/\/eloficiodehistoriar.com.mx\/?p=14126"},"modified":"2019-10-28T11:47:05","modified_gmt":"2019-10-28T17:47:05","slug":"la-afrenta-al-continente-latinoamericano","status":"publish","type":"post","link":"https:\/\/eloficiodehistoriar.com.mx\/?p=14126","title":{"rendered":"La afrenta al continente latinoamericano"},"content":{"rendered":"<p>La afrenta continental<\/p>\n<p>Hermann Bellinghausen<\/p>\n<p>Latinoam\u00e9rica, que nominalmente comienza al sur del r\u00edo Bravo y llega hasta la vecindad Ant\u00e1rtica, anida m\u00e1s de una veintena de naciones que ahora, en tiempos de redes sociales y trascendentes despertares ind\u00edgenas, parecen estarse hablando como nunca despu\u00e9s del ciclo independentista en la segunda d\u00e9cada del siglo XIX.<\/p>\n<p>Se dice f\u00e1cil. La dudosa integraci\u00f3n regional siempre brill\u00f3 en el discurso, aunque no quedase claro si con ella se pretend\u00eda poner en orden el patio trasero de Estados Unidos, su zona de inter\u00e9s irrenunciable desde la Doctrina Monroe, o por el contrario construir un bloque regional para dejar de ser del inter\u00e9s exclusivo de Washington, el Pent\u00e1gono y las grandes corporaciones estadunidenses que han ocupado, cultivado, explotado, extra\u00eddo y extenuado las riquezas naturales del subcontinente durante 170 a\u00f1os. Un proceso que se inicia con la invasi\u00f3n a M\u00e9xico y la enajenaci\u00f3n de la mitad de su territorio, y lo contin\u00faan las bananeras, petroleras y mineras que ocuparon y saquearon la que algunos rom\u00e1nticos llaman Nuestram\u00e9rica. El n\u00famero de golpes de Estado, invasiones militares y filibusteras, guerras civiles y amafiamientos territoriales propiciados, patrocinados y sostenidos por Estados Unidos es tal que a ning\u00fan pa\u00eds del \u00e1rea la faltan episodios de injerencia y da\u00f1o directo.<\/p>\n<p>La afrenta imperial, permanente hasta hoy, nunca gener\u00f3 respuestas continentales. Para impedirlo han servido la Cuarta Flota, la CIA, la devaluad\u00edsima Organizaci\u00f3n de Estados Americanos (OEA), los tratados de libre comercio y la renta permanente de territorios (plantaciones, bases militares, campos petroleros) en Centroam\u00e9rica, grandes extensiones de Sudam\u00e9rica y colonias expl\u00edcitas como Puerto Rico: el s\u00edndrome de Guant\u00e1namo devora las ambiciones yanquis. Este s\u00ed que ha sido nuestro destino manifiesto, la verdadera maldici\u00f3n de la Malinche.<\/p>\n<p>Sin esquematizar demasiado, las revueltas populares en aparente reacci\u00f3n en cadena, revelan un descontento un\u00e1nime contra el estado de cosas propiciado por los intereses yanquis. As\u00ed como los pa\u00edses se libraron de Espa\u00f1a hace dos siglos, \u00bfpodr\u00e1n desafiar con eficacia la tutela imperial de Washington? Es mucho estirar la liga tal vez, pero no se recuerda un ciclo de concatenaciones y simultaneidades en la revuelta como ahora. Contra las pol\u00edticas econ\u00f3micas impuestas por las agencias internacionales. Contra los gobiernos que las implementan y sostienen corrupta y autoritariamente. Contra desigualdad inherente al capitalismo. Chile es la \u00faltima mecha que prende, pero ya antes de Ecuador vimos desaf\u00edos nacionales en Hait\u00ed, Nicaragua, Honduras, Brasil y Argentina, as\u00ed como la reacci\u00f3n electoral, antineoliberal en principio, y por hartazgo ante la violencia y la corrupci\u00f3n en M\u00e9xico, que ha de verse a la luz de las recientes experiencias progresistas en la regi\u00f3n, que no dejaron de obedecer las reglas del capitalismo y le fueron funcionales hasta ser sustituidas inestablemente por gobiernos proyanquis.<\/p>\n<p>El actual ciclo de protesta popular \u2013al que los gobiernos responden con violencia, mala fe, manipulaci\u00f3n medi\u00e1tica y criminalizaci\u00f3n est\u00fapida como vemos en Hait\u00ed, Ecuador y Chile, y antes en Nicaragua\u2013 encuentra al imperio sumergido en una bancarrota moral interna sin precedente, a merced del grangui\u00f1olesco titular de la Casa Blanca y sus pocos \u00e9mulos en la regi\u00f3n, m\u00e1s all\u00e1 del peligros\u00edsimo payaso Bolsonaro y el desvergonzado t\u00edtere Almagro, quien degrad\u00f3 totalmente lo que quedaba de la OEA. Macri ya se va.<\/p>\n<p>Cuba y Venezuela, en resistencia nacional, atraviesan una dificultad cr\u00f3nica bajo bloqueo, que en el caso venezolano hace poco alcanz\u00f3 para generar grandes protestas de signo contrario a las que vemos en Hait\u00ed, Ecuador y Chile, y que a diferencia de \u00e9stas, cuentan con el respaldo de Washington, la OEA, el trono de Espa\u00f1a y la Comunidad Europea. Bolivia tambi\u00e9n experimenta turbulencia. Con un gobierno inc\u00f3modo para Washington, el Fondo Monetario Internacional y la OEA, las protestas no revisten tanto reclamos contra la pol\u00edtica econ\u00f3mica impulsada por el FMI y los intereses estadunidenses, como por el presunto fraude electoral y un descontento larvado en muchos sectores bolivianos, no s\u00f3lo en la derecha, tras la tercera relecci\u00f3n de Morales y el grupo de empresarios y pol\u00edticos que lo rodean.<\/p>\n<p>Para que el actual ciclo de descontento no acabe como la primavera \u00e1rabe en un reforzamiento autoritario, una brutalidad neoliberal m\u00e1s descarnadamente fascista y fundamentalista (adelantada por Bolsonaro, no se r\u00edan) y un desmembramiento de las fuerzas reunidas (estudiantes, mujeres, ind\u00edgenas, trabajadores, artistas, intelectuales), se necesita poner en primer lugar de cualquier estrategia aquello que cancele el predominio imperial de Washington.<\/p>\n<p>\u00bfQu\u00e9 sigue despu\u00e9s de inundar las plazas, tumbar o arrodillar presidentes? La ilusi\u00f3n de lograrlo votando gobiernos que prometen cambiar el rumbo no ha sido suficiente, y como vimos en Brasil, Chile y Argentina, rebota en reg\u00edmenes de ultraderecha. Falta mucho por andar.<\/p>\n","protected":false},"excerpt":{"rendered":"<p>La afrenta continental Hermann Bellinghausen Latinoam\u00e9rica, que nominalmente comienza al sur del r\u00edo Bravo y llega hasta la vecindad Ant\u00e1rtica, anida m\u00e1s de una veintena de naciones que ahora, en tiempos de redes sociales y trascendentes despertares ind\u00edgenas, parecen estarse hablando como nunca despu\u00e9s del ciclo independentista en la segunda d\u00e9cada del siglo XIX. Se [&hellip;]<\/p>\n","protected":false},"author":249,"featured_media":14127,"comment_status":"open","ping_status":"closed","sticky":false,"template":"","format":"standard","meta":{"footnotes":""},"categories":[26],"tags":[],"class_list":["post-14126","post","type-post","status-publish","format-standard","has-post-thumbnail","hentry","category-mundo"],"_links":{"self":[{"href":"https:\/\/eloficiodehistoriar.com.mx\/index.php?rest_route=\/wp\/v2\/posts\/14126","targetHints":{"allow":["GET"]}}],"collection":[{"href":"https:\/\/eloficiodehistoriar.com.mx\/index.php?rest_route=\/wp\/v2\/posts"}],"about":[{"href":"https:\/\/eloficiodehistoriar.com.mx\/index.php?rest_route=\/wp\/v2\/types\/post"}],"author":[{"embeddable":true,"href":"https:\/\/eloficiodehistoriar.com.mx\/index.php?rest_route=\/wp\/v2\/users\/249"}],"replies":[{"embeddable":true,"href":"https:\/\/eloficiodehistoriar.com.mx\/index.php?rest_route=%2Fwp%2Fv2%2Fcomments&post=14126"}],"version-history":[{"count":1,"href":"https:\/\/eloficiodehistoriar.com.mx\/index.php?rest_route=\/wp\/v2\/posts\/14126\/revisions"}],"predecessor-version":[{"id":14128,"href":"https:\/\/eloficiodehistoriar.com.mx\/index.php?rest_route=\/wp\/v2\/posts\/14126\/revisions\/14128"}],"wp:featuredmedia":[{"embeddable":true,"href":"https:\/\/eloficiodehistoriar.com.mx\/index.php?rest_route=\/wp\/v2\/media\/14127"}],"wp:attachment":[{"href":"https:\/\/eloficiodehistoriar.com.mx\/index.php?rest_route=%2Fwp%2Fv2%2Fmedia&parent=14126"}],"wp:term":[{"taxonomy":"category","embeddable":true,"href":"https:\/\/eloficiodehistoriar.com.mx\/index.php?rest_route=%2Fwp%2Fv2%2Fcategories&post=14126"},{"taxonomy":"post_tag","embeddable":true,"href":"https:\/\/eloficiodehistoriar.com.mx\/index.php?rest_route=%2Fwp%2Fv2%2Ftags&post=14126"}],"curies":[{"name":"wp","href":"https:\/\/api.w.org\/{rel}","templated":true}]}}