{"id":14133,"date":"2019-10-29T11:07:46","date_gmt":"2019-10-29T17:07:46","guid":{"rendered":"https:\/\/eloficiodehistoriar.com.mx\/?p=14133"},"modified":"2019-10-29T11:07:46","modified_gmt":"2019-10-29T17:07:46","slug":"el-origen-del-hombre-moderno-esta-en-el-sur-de-africa","status":"publish","type":"post","link":"https:\/\/eloficiodehistoriar.com.mx\/?p=14133","title":{"rendered":"El origen del hombre moderno esta en el sur de Africa"},"content":{"rendered":"<p>La Jornada<\/p>\n<p>Par\u00eds.<\/p>\n<p>El hogar ancestral del hombre moderno acaba de ser ubicado: hace 200 mil a\u00f1os poblaba una regi\u00f3n africana en el norte de la actual Botsuana, donde permaneci\u00f3 70 mil a\u00f1os antes de dispersarse por el mundo, revel\u00f3 este lunes la revista Nature.<br \/>\nRastreando en las ra\u00edces del \u00e1rbol gen\u00e9tico, el estudio asegura haber localizado por primera vez la hogar ancestral del hombre moderno, el Homo sapiens sapiens: fue en el hoy desierto de Kalahari, entonces una sabana exuberante.<\/p>\n<p>Sabemos desde hace tiempo que el hombre moderno hab\u00eda aparecido en \u00c1frica hace unos 200 mil a\u00f1os, pero ignor\u00e1bamos hasta ahora d\u00f3nde se encontraba exactamente esta patria, declar\u00f3 Vanessa Hayes, autora principal del trabajo, en una conferencia de prensa.<\/p>\n<p>El equipo de investigadores bas\u00f3 sus trabajos en la genealog\u00eda gen\u00e9tica, que permite trazar modelos de migraci\u00f3n.<\/p>\n<p>El grupo analiz\u00f3 200 genomas mitocondriales, marcadores gen\u00e9ticos de la genealog\u00eda materna, tomados de poblaciones que viven en Namibia y en Sud\u00e1frica, regi\u00f3n de \u00c1frica considerada desde hace tiempo una de las cunas del hombre moderno.<\/p>\n<p>Las pruebas de ADN revelaron la rara presencia del linaje gen\u00e9tico materno m\u00e1s antiguo, denominado L0, que a\u00fan se conserva en estas poblaciones.<\/p>\n<p>Al observar ese linaje, nos preguntamos de d\u00f3nde ven\u00edan estas personas, \u00bfd\u00f3nde viv\u00edan? Hemos, pues, estudiado la dispersi\u00f3n geogr\u00e1fica de ese linaje, explic\u00f3 Hayes.<\/p>\n<p>Hicimos an\u00e1lisis espaciales para retroceder en el tiempo, porque cada vez que una migraci\u00f3n ocurre, se registra en nuestro ADN, que cambia. Es como un reloj de nuestra historia, destac\u00f3 la genetista.<\/p>\n<p>Cazadores-recolectores<\/p>\n<p>Al comparar los genomas, los investigadores lograron aislar a un ancestro com\u00fan que era un jois\u00e1n, pueblo cazador-recolector que a\u00fan vive.<\/p>\n<p>Seg\u00fan el estudio, todos los hombres que viven en \u00c1frica y fuera de ese continente comparten el mismo ancestro. Creo que todos \u00e9ramos jois\u00e1n en un momento dado, afirm\u00f3 Hayes.<\/p>\n<p>Esos jois\u00e1n, primera comunidad humana moderna, vivieron en la misma regi\u00f3n durante 70 mil a\u00f1os, sin moverse. \u00bfC\u00f3mo lo sabemos? Porque el genoma sigue siendo id\u00e9ntico desde hace 200 a\u00f1os hasta hace 130 mil.<\/p>\n<p>La comunidad hab\u00eda prosperado en esta regi\u00f3n (tan grande como Nueva Zelanda), ubicada al sur del r\u00edo Zambeze, en el norte de la actual Botsuana. Hoy des\u00e9rtica, el Kalahari era en esa \u00e9poca una regi\u00f3n h\u00fameda, verde y exuberante.<\/p>\n<p>Los an\u00e1lisis geol\u00f3gicos, combinados con modelos clim\u00e1ticos, demostraron que albergaba un enorme lago, dos veces el Victoria, llamado Makgadikgadi, desaparecido desde entonces.<\/p>\n<p>El clima luego comenz\u00f3 a cambiar debido a una modificaci\u00f3n de la \u00f3rbita terrestre, detall\u00f3 Axel Timmermann, ocean\u00f3grafo coautor del estudio.<\/p>\n<p>El lago desapareci\u00f3, la regi\u00f3n poco a poco se sec\u00f3, y las poblaciones comenzaron a migrar a trav\u00e9s de corredores verdes, en direcci\u00f3n noreste, luego suroeste.<\/p>\n<p>Esas primeras salidas abrieron el camino a la futura migraci\u00f3n de los hombres modernos fuera de \u00c1frica.<\/p>\n<p>Sin embargo, algunos se quedaron y se adaptaron a la sequ\u00eda. Sus descendientes viven all\u00ed, y siguen siendo cazadores-recolectores.<\/p>\n<p>A causa de este modo de vida ancestral, Hayes sospechaba que esos jois\u00e1n llevaban el antiguo linaje. Otro signo: hablan un lenguaje que hace chasquear algunas consonantes con la lengua.<\/p>\n<p>Tenemos que el lenguaje con chasquido es el m\u00e1s antiguo, subray\u00f3 la investigadora.<\/p>\n","protected":false},"excerpt":{"rendered":"<p>La Jornada Par\u00eds. El hogar ancestral del hombre moderno acaba de ser ubicado: hace 200 mil a\u00f1os poblaba una regi\u00f3n africana en el norte de la actual Botsuana, donde permaneci\u00f3 70 mil a\u00f1os antes de dispersarse por el mundo, revel\u00f3 este lunes la revista Nature. Rastreando en las ra\u00edces del \u00e1rbol gen\u00e9tico, el estudio asegura [&hellip;]<\/p>\n","protected":false},"author":249,"featured_media":14134,"comment_status":"open","ping_status":"closed","sticky":false,"template":"","format":"standard","meta":{"footnotes":""},"categories":[26],"tags":[],"class_list":["post-14133","post","type-post","status-publish","format-standard","has-post-thumbnail","hentry","category-mundo"],"_links":{"self":[{"href":"https:\/\/eloficiodehistoriar.com.mx\/index.php?rest_route=\/wp\/v2\/posts\/14133","targetHints":{"allow":["GET"]}}],"collection":[{"href":"https:\/\/eloficiodehistoriar.com.mx\/index.php?rest_route=\/wp\/v2\/posts"}],"about":[{"href":"https:\/\/eloficiodehistoriar.com.mx\/index.php?rest_route=\/wp\/v2\/types\/post"}],"author":[{"embeddable":true,"href":"https:\/\/eloficiodehistoriar.com.mx\/index.php?rest_route=\/wp\/v2\/users\/249"}],"replies":[{"embeddable":true,"href":"https:\/\/eloficiodehistoriar.com.mx\/index.php?rest_route=%2Fwp%2Fv2%2Fcomments&post=14133"}],"version-history":[{"count":1,"href":"https:\/\/eloficiodehistoriar.com.mx\/index.php?rest_route=\/wp\/v2\/posts\/14133\/revisions"}],"predecessor-version":[{"id":14135,"href":"https:\/\/eloficiodehistoriar.com.mx\/index.php?rest_route=\/wp\/v2\/posts\/14133\/revisions\/14135"}],"wp:featuredmedia":[{"embeddable":true,"href":"https:\/\/eloficiodehistoriar.com.mx\/index.php?rest_route=\/wp\/v2\/media\/14134"}],"wp:attachment":[{"href":"https:\/\/eloficiodehistoriar.com.mx\/index.php?rest_route=%2Fwp%2Fv2%2Fmedia&parent=14133"}],"wp:term":[{"taxonomy":"category","embeddable":true,"href":"https:\/\/eloficiodehistoriar.com.mx\/index.php?rest_route=%2Fwp%2Fv2%2Fcategories&post=14133"},{"taxonomy":"post_tag","embeddable":true,"href":"https:\/\/eloficiodehistoriar.com.mx\/index.php?rest_route=%2Fwp%2Fv2%2Ftags&post=14133"}],"curies":[{"name":"wp","href":"https:\/\/api.w.org\/{rel}","templated":true}]}}