{"id":14139,"date":"2019-10-29T11:24:53","date_gmt":"2019-10-29T17:24:53","guid":{"rendered":"https:\/\/eloficiodehistoriar.com.mx\/?p=14139"},"modified":"2019-10-29T11:24:53","modified_gmt":"2019-10-29T17:24:53","slug":"mexico-trata-de-frenar-y-repatriar-piezas-precolombinas-en-subasta-en-paris","status":"publish","type":"post","link":"https:\/\/eloficiodehistoriar.com.mx\/?p=14139","title":{"rendered":"M\u00e9xico trata de frenar y repatriar piezas precolombinas en subasta en Par\u00eds"},"content":{"rendered":"<p>Una nueva subasta de arte precolombino que se efectuar\u00e1 este mi\u00e9rcoles en Par\u00eds moviliza a las autoridades del Instituto Nacional de Antropolog\u00eda e Historia (INAH) para tratar de suspenderla e intentar la repatriaci\u00f3n de las piezas identificadas como patrimonio de M\u00e9xico.<\/p>\n<p>Hace un mes el gobierno federal, con todo y sus protestas diplom\u00e1ticas, no pudo evitar que la parisina casa subastadora Millon vendiera alrededor de 95 objetos prehisp\u00e1nicos de gran valor cultural, pero de dudosa procedencia, lo cual abri\u00f3 tambi\u00e9n el debate en torno al tr\u00e1fico il\u00edcito de arte.<\/p>\n<p>Sotheby\u2019s ofrece ahora, al mejor postor, por lo menos 57 piezas olmecas, mayas, zapotecas, mexicas y teotihuacanas procedentes de varias regiones del pa\u00eds.<\/p>\n<p>Denuncia del INAH ante la FGR<\/p>\n<p>El INAH inform\u00f3 a La Jornada que interpuso una denuncia ante la Fiscal\u00eda General de la Rep\u00fablica (FGR) y dio aviso a la consultor\u00eda jur\u00eddica de la Secretar\u00eda de Relaciones Exteriores y a la Direcci\u00f3n General de Asuntos Policiales Internacionales e Interpol \u2018\u2018con la finalidad de que se implementen las acciones legales y diplom\u00e1ticas necesarias, para lograr la suspensi\u00f3n de la mencionada subasta y la repatriaci\u00f3n de los bienes culturales\u201d.<\/p>\n<p>Fue el 8 de octubre cuando el INAH se enter\u00f3 de la subasta que Sotheby\u2019s titul\u00f3 Le Soleil de Nuit Pre-Columbian Treasures from an Important French Collection, en la que se ofertan bienes de origen mexicano que son \u2018\u2018un testimonio del gusto refinado de un coleccionista franc\u00e9s cuya vida se defini\u00f3 por la pasi\u00f3n por la est\u00e9tica y la integridad del arte de muchas culturas\u201d, se explica en el anuncio de la venta.<\/p>\n<p>El instituto tambi\u00e9n elabor\u00f3 un dictamen arqueol\u00f3gico el pasado 16 de octubre, suscrito por los arque\u00f3logos Jaime Alejandro Bautista Valdespino y Omar Silis Garc\u00eda, \u2018\u2018donde se concluye que de las 57 piezas anunciadas como procedentes de M\u00e9xico, 35 piezas son bienes arqueol\u00f3gicos procedentes de nuestro pa\u00eds, los restantes 22 son bienes de reciente manufactura que no forman parte del patrimonio cultural de la naci\u00f3n\u201d.<\/p>\n<p>En total ser\u00e1n subastados 74 objetos precolombinos del patrimonio arqueol\u00f3gico de siete pa\u00edses latinoamericanos (M\u00e9xico, Ecuador, Honduras, Per\u00fa, Bolivia, Panam\u00e1 y Costa Rica), la mayor\u00eda tiene un origen \u2018\u2018vago e impreciso\u201d, sostiene el arque\u00f3logo Daniel Salinas C\u00f3rdova, quien en sus redes sociales explic\u00f3 a detalle las caracter\u00edsticas de varias de las piezas incuidas en esa puja.<\/p>\n<p>Por ejemplo, se rematar\u00e1 un \u2018\u2018exc\u00e9ntrico maya de s\u00edlex (pedernal), el cual data del cl\u00e1sico tard\u00edo (550-950 dC). Sobre su procedencia s\u00f3lo se dice que fue vendido por una galer\u00eda en Nueva York para formar parte de la colecci\u00f3n de Carol Meyer en 1985 y posteriormente ser subastado por Sotheby\u2019s NY en 2005\u201d, apunta Salinas C\u00f3rdova.<\/p>\n<p>El especialista pone otros ejemplos: \u2018\u2018escultura mexica en piedra de un personaje con atributos del dios Eh\u00e9catl, de entre 1300-1521 dC. Fue vendida por Stendhal Galleries en Los \u00c1ngeles en junio de 1942 a la Pierre Matisse Gallery de Nueva York, pero, \u00bfde d\u00f3nde la sac\u00f3 Stendhal?<\/p>\n<p>\u2018Impresionante m\u00e1scara de terracota, atribuida a la \u2018cultura Veracruz, regi\u00f3n de Puebla\u2019, 700-1200 dC. Perteneci\u00f3 a la colecci\u00f3n del banquero estadunidense Jay C. Leff y subastada en dos ocasiones desde 1975. Pero la inc\u00f3gnita es la misma: \u00bfc\u00f3mo lleg\u00f3 a manos de Leff?<\/p>\n<p>\u2018\u2018De la urna funeraria zapoteca se dice claramente que proviene de Monte Alb\u00e1n (Oaxaca); sin embargo, respecto de su procedencia s\u00f3lo se menciona que perteneci\u00f3 a una colecci\u00f3n privada de Bruselas y vendida a su actual due\u00f1o en 2007 en Par\u00eds. \u00bfAs\u00ed o m\u00e1s sombr\u00eda la cosa?\u201d<\/p>\n<p>\u00bfPor qu\u00e9 un reclamo de Guatemala s\u00ed fructific\u00f3?<\/p>\n<p>El arque\u00f3logo e historiador Salinas C\u00f3rdova narra en su blog que Guatemala s\u00ed logr\u00f3 retirar una pieza del cat\u00e1logo de la subastadora Millon en septiembre, perteneciente a su patrimonio, luego de reclamarla p\u00fablicamente el 27 de agosto. Se trata del fragmento central de la estela 9 del sitio maya de Piedras Negras.<\/p>\n<p>\u2018\u2018\u00bfPor qu\u00e9 el reclamo de Guatemala result\u00f3 fruct\u00edfero mientras el de M\u00e9xico no? Primero que nada, las autoridades guatemaltecas comenzaron a gestionar la recuperaci\u00f3n de la pieza desde principios de agosto, m\u00e1s de un mes y medio antes de la subasta. Pero m\u00e1s importante a\u00fan, la pieza en cuesti\u00f3n contaba con una amplia documentaci\u00f3n que la identifica sin lugar a dudas como un fragmento de la estela 9 de Piedras Negras, la cual fue excavada y registrada en 1899 por el arque\u00f3logo alem\u00e1n Teobert Maler. El fragmento de la estela que estaba en venta, un tocado de b\u00faho, fue sustra\u00eddo ilegalmente en la d\u00e9cada de 1960 y desapareci\u00f3 hasta aparecer en venta en el cat\u00e1logo de la subasta de Millon.<\/p>\n<p>\u2018\u2018Desgraciadamente, las piezas mexicanas no cuentan con registros o documentaci\u00f3n que las identifiquen y vinculen a un sitio, excavaci\u00f3n o colecci\u00f3n espec\u00edfica, determinando as\u00ed si su exportaci\u00f3n fue ilegal o no. Debido a la falta de rastros documentales, no hay realmente forma de saber de d\u00f3nde son y cu\u00e1ndo fueron excavadas, as\u00ed como cu\u00e1ndo, c\u00f3mo y en qu\u00e9 circunstancias salieron de M\u00e9xico. Un reclamo sobre bienes culturales como el interpuesto por M\u00e9xico ante Francia y la casa de subastas Millon se debilita enormemente si no se cuenta con la procedencia de los bienes, esto es, con una detalladay bien documentada cronolog\u00eda de la propiedad, custodia o ubicaci\u00f3n de ellos a trav\u00e9s de los a\u00f1os\u201d, lamenta el especialista en su blog elcaminosehacealandar.wordpress.com\/.<\/p>\n<p>El arque\u00f3logo considera que los datos de procedencia de los objetos proporcionados por Sotheby\u2019s son incompletos y grises; \u2018\u2018este tipo de subastas que comercializan el patrimonio no son \u00e9ticas ni morales y deben detenerse\u201d.<\/p>\n<p>Al respecto, su colega sueca Paloma Berggren opin\u00f3: \u2018\u2018Uno de los aspectos m\u00e1s problem\u00e1ticos de estas casas de subastas es que legitiman la violencia, el saqueo y el abuso de poder mediante la venta, evaluaci\u00f3n y licitaci\u00f3n de art\u00edculos arqueol\u00f3gicos. Esto es parte de la llamada cultura global del tr\u00e1fico\u201d.<\/p>\n","protected":false},"excerpt":{"rendered":"<p>Una nueva subasta de arte precolombino que se efectuar\u00e1 este mi\u00e9rcoles en Par\u00eds moviliza a las autoridades del Instituto Nacional de Antropolog\u00eda e Historia (INAH) para tratar de suspenderla e intentar la repatriaci\u00f3n de las piezas identificadas como patrimonio de M\u00e9xico. Hace un mes el gobierno federal, con todo y sus protestas diplom\u00e1ticas, no pudo [&hellip;]<\/p>\n","protected":false},"author":249,"featured_media":14140,"comment_status":"open","ping_status":"closed","sticky":false,"template":"","format":"standard","meta":{"footnotes":""},"categories":[26],"tags":[],"class_list":["post-14139","post","type-post","status-publish","format-standard","has-post-thumbnail","hentry","category-mundo"],"_links":{"self":[{"href":"https:\/\/eloficiodehistoriar.com.mx\/index.php?rest_route=\/wp\/v2\/posts\/14139","targetHints":{"allow":["GET"]}}],"collection":[{"href":"https:\/\/eloficiodehistoriar.com.mx\/index.php?rest_route=\/wp\/v2\/posts"}],"about":[{"href":"https:\/\/eloficiodehistoriar.com.mx\/index.php?rest_route=\/wp\/v2\/types\/post"}],"author":[{"embeddable":true,"href":"https:\/\/eloficiodehistoriar.com.mx\/index.php?rest_route=\/wp\/v2\/users\/249"}],"replies":[{"embeddable":true,"href":"https:\/\/eloficiodehistoriar.com.mx\/index.php?rest_route=%2Fwp%2Fv2%2Fcomments&post=14139"}],"version-history":[{"count":1,"href":"https:\/\/eloficiodehistoriar.com.mx\/index.php?rest_route=\/wp\/v2\/posts\/14139\/revisions"}],"predecessor-version":[{"id":14141,"href":"https:\/\/eloficiodehistoriar.com.mx\/index.php?rest_route=\/wp\/v2\/posts\/14139\/revisions\/14141"}],"wp:featuredmedia":[{"embeddable":true,"href":"https:\/\/eloficiodehistoriar.com.mx\/index.php?rest_route=\/wp\/v2\/media\/14140"}],"wp:attachment":[{"href":"https:\/\/eloficiodehistoriar.com.mx\/index.php?rest_route=%2Fwp%2Fv2%2Fmedia&parent=14139"}],"wp:term":[{"taxonomy":"category","embeddable":true,"href":"https:\/\/eloficiodehistoriar.com.mx\/index.php?rest_route=%2Fwp%2Fv2%2Fcategories&post=14139"},{"taxonomy":"post_tag","embeddable":true,"href":"https:\/\/eloficiodehistoriar.com.mx\/index.php?rest_route=%2Fwp%2Fv2%2Ftags&post=14139"}],"curies":[{"name":"wp","href":"https:\/\/api.w.org\/{rel}","templated":true}]}}