{"id":14146,"date":"2019-10-30T11:58:28","date_gmt":"2019-10-30T17:58:28","guid":{"rendered":"https:\/\/eloficiodehistoriar.com.mx\/?p=14146"},"modified":"2019-10-30T11:58:28","modified_gmt":"2019-10-30T17:58:28","slug":"moctezuma-con-una-opera-lo-reivindican-en-su-paso-por-la-historia","status":"publish","type":"post","link":"https:\/\/eloficiodehistoriar.com.mx\/?p=14146","title":{"rendered":"Moctezuma con una \u00f3pera lo reivindican en su paso por la historia"},"content":{"rendered":"<p>Ana M\u00f3nica Rodr\u00edguez<\/p>\n<p>La Jornada<\/p>\n<p>Jacob Bravo, uno de los dos int\u00e9rpretes que encarnar\u00e1n al tlatoani mexica Moctezuma en el montaje monumental que celebrar\u00e1 500 a\u00f1os del encuentro entre dos culturas, sostuvo: Con esta obra se busca reivindicar a este pol\u00e9mico personaje, porque ha sido terrible el lugar que le ha dado la historia.<\/p>\n<p>Este gobernante comenz\u00f3 a morir f\u00edsica, mental y espiritualmente cuando su gente empez\u00f3 a sufrir a manos de los conquistadores.<\/p>\n<p>Motecuhzoma II, \u00f3pera pluricultural y pluriling\u00fcista que se presentar\u00e1 el 7 y 8 de noviembre en el Z\u00f3calo, mostrar\u00e1 aspectos desconocidos y de claroscuros sobre los personajes que intervinieron en estos sucesos. Ni Moctezuma ni la Malinche fueron traidores, sino personas que tuvieron que hacer lo necesario para mantener, lo m\u00e1s posible, la paz de su pueblo.<\/p>\n<p>Bravo, quien interpret\u00f3 recientemente el protag\u00f3nico de El barbero de Sevilla en Bulgaria, explic\u00f3 que no fue nada f\u00e1cil el momento vivido por el gobernante mexica. Si bien Moctezuma se enfrenta a la llegada de personajes desconocidos, de quienes no sab\u00eda si eran dioses o humanos, durante casi un a\u00f1o mantiene la paz, a pesar de que los extra\u00f1os ven\u00edan a conquistar, a trav\u00e9s de la fuerza y las espadas.<\/p>\n<p>La \u00f3pera en tres actos, escrita por el m\u00fasico e investigador Samuel M\u00e1ynez Champion, sobre m\u00fasica de Antonio Vivaldi, narrada en maya, n\u00e1huatl y espa\u00f1ol, tambi\u00e9n reivindica a Hern\u00e1n Cort\u00e9s como una persona de conocimiento, tampoco de lucha y s\u00ed de paz, pero existe otro personaje como Alvarado, quien no se lo permite.<\/p>\n<p>Otra visi\u00f3n<\/p>\n<p>Esta \u00f3pera, prosigui\u00f3 el cantante poblano, busca colocar a cada uno en el lugar que merece, otorgarle importancia a sus acciones y no s\u00f3lo contar la misma historia descrita en los libros. Significa dar una vuelta a la mala opini\u00f3n que tenemos de ellos y comprender que tuvieron que hacer lo que les correspond\u00eda por el bien com\u00fan, aun sacrific\u00e1ndose.<\/p>\n<p>Foto<br \/>\n? La obra, protagonizada por Jacob Bravo (en la imagen), se presentar\u00e1 el 7 y 8 de noviembre, justo a 500 a\u00f1os del encuentro entre el tlatoani y Hern\u00e1n Cort\u00e9s.Foto cortes\u00eda de la producci\u00f3n<br \/>\nEn la elaboraci\u00f3n del texto de esta obra participaron los expertos e investigadores Miguel Le\u00f3n-Portilla \u2013recientemente fallecido\u2013 y Alfredo L\u00f3pez Austin; adem\u00e1s del dramaturgo Vicente Le\u00f1ero, el poeta Juan Ba\u00f1uelos y Francesco Fanna, quien vendr\u00e1 especialmente a dirigir la \u00f3pera, al frente de la Orquesta Filarm\u00f3nica de la Ciudad de M\u00e9xico.<\/p>\n<p>Otro aspecto es la direcci\u00f3n de escena con el mexicano Jos\u00e9 Luis Cruz y el espa\u00f1ol Ignacio Garc\u00eda.<\/p>\n<p>En el montaje, Jacob Bravo y Amed Li\u00e9vanos interpretar\u00e1n a Moctezuma. Cada uno con su sello especial, hasta lograr que la gente sienta lo que sufri\u00f3 y padeci\u00f3.<\/p>\n<p>Esta situaci\u00f3n, acept\u00f3 Bravo, \u201cno s\u00f3lo la vivo yo al encarnarlo, sino \u2013pienso\u2013 muchos gobernantes que deben tomar decisiones correctas, sin saber si ser\u00e1n adecuadas o no\u201d.<\/p>\n<p>El montaje tendr\u00e1 alrededor de 150 personas en escena, entre 14 actores, seis solistas, 30 cantantes del coro Stacatto de la Universidad Nacional Aut\u00f3noma de M\u00e9xico; incluidos 40 danzantes del grupo Tlaltikpak de Tl\u00e1huac, 10 jinetes, 15 bailarines y 40 m\u00fasicos de la Orquesta Filarm\u00f3nica de la Ciudad de M\u00e9xico.<\/p>\n<p>Las funciones de Motecuhzoma II, \u00f3pera monumental, ser\u00e1n el 7 y 8 de noviembre. Este \u00faltimo d\u00eda, pero de 1519, fue el encuentro entre Moctezuma y Cort\u00e9s en Tenochtitl\u00e1n. Ahora a 500 a\u00f1os, en el mismo coraz\u00f3n de ese imperio, llamado Z\u00f3calo capitalino, el p\u00fablico \u2013de manera gratuita\u2013 conmemorar\u00e1 esta efem\u00e9ride.<\/p>\n","protected":false},"excerpt":{"rendered":"<p>Ana M\u00f3nica Rodr\u00edguez La Jornada Jacob Bravo, uno de los dos int\u00e9rpretes que encarnar\u00e1n al tlatoani mexica Moctezuma en el montaje monumental que celebrar\u00e1 500 a\u00f1os del encuentro entre dos culturas, sostuvo: Con esta obra se busca reivindicar a este pol\u00e9mico personaje, porque ha sido terrible el lugar que le ha dado la historia. Este [&hellip;]<\/p>\n","protected":false},"author":249,"featured_media":14147,"comment_status":"open","ping_status":"closed","sticky":false,"template":"","format":"standard","meta":{"footnotes":""},"categories":[26],"tags":[],"class_list":["post-14146","post","type-post","status-publish","format-standard","has-post-thumbnail","hentry","category-mundo"],"_links":{"self":[{"href":"https:\/\/eloficiodehistoriar.com.mx\/index.php?rest_route=\/wp\/v2\/posts\/14146","targetHints":{"allow":["GET"]}}],"collection":[{"href":"https:\/\/eloficiodehistoriar.com.mx\/index.php?rest_route=\/wp\/v2\/posts"}],"about":[{"href":"https:\/\/eloficiodehistoriar.com.mx\/index.php?rest_route=\/wp\/v2\/types\/post"}],"author":[{"embeddable":true,"href":"https:\/\/eloficiodehistoriar.com.mx\/index.php?rest_route=\/wp\/v2\/users\/249"}],"replies":[{"embeddable":true,"href":"https:\/\/eloficiodehistoriar.com.mx\/index.php?rest_route=%2Fwp%2Fv2%2Fcomments&post=14146"}],"version-history":[{"count":1,"href":"https:\/\/eloficiodehistoriar.com.mx\/index.php?rest_route=\/wp\/v2\/posts\/14146\/revisions"}],"predecessor-version":[{"id":14148,"href":"https:\/\/eloficiodehistoriar.com.mx\/index.php?rest_route=\/wp\/v2\/posts\/14146\/revisions\/14148"}],"wp:featuredmedia":[{"embeddable":true,"href":"https:\/\/eloficiodehistoriar.com.mx\/index.php?rest_route=\/wp\/v2\/media\/14147"}],"wp:attachment":[{"href":"https:\/\/eloficiodehistoriar.com.mx\/index.php?rest_route=%2Fwp%2Fv2%2Fmedia&parent=14146"}],"wp:term":[{"taxonomy":"category","embeddable":true,"href":"https:\/\/eloficiodehistoriar.com.mx\/index.php?rest_route=%2Fwp%2Fv2%2Fcategories&post=14146"},{"taxonomy":"post_tag","embeddable":true,"href":"https:\/\/eloficiodehistoriar.com.mx\/index.php?rest_route=%2Fwp%2Fv2%2Ftags&post=14146"}],"curies":[{"name":"wp","href":"https:\/\/api.w.org\/{rel}","templated":true}]}}