{"id":14164,"date":"2019-11-02T12:37:39","date_gmt":"2019-11-02T18:37:39","guid":{"rendered":"https:\/\/eloficiodehistoriar.com.mx\/?p=14164"},"modified":"2019-11-02T12:37:39","modified_gmt":"2019-11-02T18:37:39","slug":"la-calavera-de-azucar-mas-grande-del-mundo","status":"publish","type":"post","link":"https:\/\/eloficiodehistoriar.com.mx\/?p=14164","title":{"rendered":"La calavera de az\u00facar mas grande del mundo"},"content":{"rendered":"<p>&nbsp;<\/p>\n<p>\u00abCathy\u00bb, la calavera de az\u00facar m\u00e1s grande del mundo, ya luce en el Centro Hist\u00f3rico de San Juan del R\u00edo,\u00a0 Quer\u00e9taro, como parte de las festividades por el D\u00eda de Muertos, reportaron autoridades municipales.<\/p>\n<p>El alcalde Guillermo Vega Guerrero hizo la presentaci\u00f3n oficial este viernes e hizo un reconocimiento p\u00fablico a quienes trabajaron durante tres semanas en su elaboraci\u00f3n del emblem\u00e1tico dulce.<\/p>\n<p>\u00abYa pueden conocer y tomarse la fotograf\u00eda con &#8216;Cathy&#8217;, la calavera de az\u00facar m\u00e1s grande del mundo, y reconocemos el trabajo de quienes participaron en su elaboraci\u00f3n\u00bb, dijo.<\/p>\n<p>Llam\u00f3 a seguir preservando las tradiciones de D\u00eda de Muertos, que unen a las familias de San Juan del R\u00edo y de M\u00e9xico.<\/p>\n<p>Al destacar que la calavera mide cinco metros de altura y pesa cerca de una tonelada y media, el edil expuso que d\u00eda a d\u00eda trabajaron en su elaboraci\u00f3n unas 30 personas.<\/p>\n<p>La dulce imagen de D\u00eda de Muertos permanecer\u00e1 en exhibici\u00f3n en la Plaza Independencia durante el mes de noviembre.<\/p>\n<p>El nombre de la calavera proviene de Catherine, una joven muy querida en San Juan del R\u00edo que muri\u00f3 hace poco tiempo.<\/p>\n<p>JM<\/p>\n","protected":false},"excerpt":{"rendered":"<p>&nbsp; \u00abCathy\u00bb, la calavera de az\u00facar m\u00e1s grande del mundo, ya luce en el Centro Hist\u00f3rico de San Juan del R\u00edo,\u00a0 Quer\u00e9taro, como parte de las festividades por el D\u00eda de Muertos, reportaron autoridades municipales. El alcalde Guillermo Vega Guerrero hizo la presentaci\u00f3n oficial este viernes e hizo un reconocimiento p\u00fablico a quienes trabajaron durante [&hellip;]<\/p>\n","protected":false},"author":249,"featured_media":14165,"comment_status":"open","ping_status":"closed","sticky":false,"template":"","format":"standard","meta":{"footnotes":""},"categories":[26],"tags":[],"class_list":["post-14164","post","type-post","status-publish","format-standard","has-post-thumbnail","hentry","category-mundo"],"_links":{"self":[{"href":"https:\/\/eloficiodehistoriar.com.mx\/index.php?rest_route=\/wp\/v2\/posts\/14164","targetHints":{"allow":["GET"]}}],"collection":[{"href":"https:\/\/eloficiodehistoriar.com.mx\/index.php?rest_route=\/wp\/v2\/posts"}],"about":[{"href":"https:\/\/eloficiodehistoriar.com.mx\/index.php?rest_route=\/wp\/v2\/types\/post"}],"author":[{"embeddable":true,"href":"https:\/\/eloficiodehistoriar.com.mx\/index.php?rest_route=\/wp\/v2\/users\/249"}],"replies":[{"embeddable":true,"href":"https:\/\/eloficiodehistoriar.com.mx\/index.php?rest_route=%2Fwp%2Fv2%2Fcomments&post=14164"}],"version-history":[{"count":1,"href":"https:\/\/eloficiodehistoriar.com.mx\/index.php?rest_route=\/wp\/v2\/posts\/14164\/revisions"}],"predecessor-version":[{"id":14166,"href":"https:\/\/eloficiodehistoriar.com.mx\/index.php?rest_route=\/wp\/v2\/posts\/14164\/revisions\/14166"}],"wp:featuredmedia":[{"embeddable":true,"href":"https:\/\/eloficiodehistoriar.com.mx\/index.php?rest_route=\/wp\/v2\/media\/14165"}],"wp:attachment":[{"href":"https:\/\/eloficiodehistoriar.com.mx\/index.php?rest_route=%2Fwp%2Fv2%2Fmedia&parent=14164"}],"wp:term":[{"taxonomy":"category","embeddable":true,"href":"https:\/\/eloficiodehistoriar.com.mx\/index.php?rest_route=%2Fwp%2Fv2%2Fcategories&post=14164"},{"taxonomy":"post_tag","embeddable":true,"href":"https:\/\/eloficiodehistoriar.com.mx\/index.php?rest_route=%2Fwp%2Fv2%2Ftags&post=14164"}],"curies":[{"name":"wp","href":"https:\/\/api.w.org\/{rel}","templated":true}]}}