{"id":14177,"date":"2019-11-03T11:56:08","date_gmt":"2019-11-03T17:56:08","guid":{"rendered":"https:\/\/eloficiodehistoriar.com.mx\/?p=14177"},"modified":"2019-11-04T18:47:42","modified_gmt":"2019-11-05T00:47:42","slug":"recordando-el-nacimiento-de-don-samuel-ruiz-garcia-el-obispo-controvertido","status":"publish","type":"post","link":"https:\/\/eloficiodehistoriar.com.mx\/?p=14177","title":{"rendered":"Recordando el nacimiento de Don Samuel Ru\u00edz Garc\u00eda, el obispo controvertido"},"content":{"rendered":"<p>Por Jos\u00e9 F\u00e9lix Zavala<\/p>\n<p>Qu\u00e9 debe ser un obispo em\u00e9rito?<\/p>\n<p>\u201cMi condici\u00f3n de Obispo Em\u00e9rito me apremia a sentirme como tal y para la Iglesia, me impulsa a estar ante la solicitud de los cristianos de todas las iglesias, me exige compartir mi fe y ser alimentado por las comunidades y por el proceso hist\u00f3rico del que somos parte.\u201d Dice Samuel Ruiz Garc\u00eda, cuando habla de \u201cEsta hora de gracia\u201d.<\/p>\n<p>A\u00f1ade: \u201cComo obispo em\u00e9rito hablo en otra dimensi\u00f3n, la causa de la paz, que no es solo asunto nacional, sino global y recuerda la urgencia de un cambio en el sistema pol\u00edtico y econ\u00f3mico dominante\u201d<\/p>\n<p>\u201cPercibo con otros muchos pastores las se\u00f1ales de una nueva etapa de la humanidad y me urge sumarme a su clamor en estos signos de los tiempos y de este paso del Se\u00f1or sobre el nuevo pueblo de Dios\u201d.<\/p>\n<p>\u201cNo puedo dejar de se\u00f1alar que trae consigo el sistema neoliberal dominante. La globalizaci\u00f3n se ense\u00f1orea de la econom\u00eda y de la pol\u00edtica, que sin \u00e9tica agudiza la desigualdad y profundiza la injusticia, trayendo para los pueblos frustraci\u00f3n, exclusi\u00f3n y muerte para la mayor\u00eda de los pueblos\u201d.<\/p>\n<p>Este 26 de octubre al cumplirse 100 a\u00f1os del natalicio de don Sergio M\u00e9ndez Arceo, s\u00e9ptimo obispo de Cuernavaca, el actual prelado don Florencio Olvera Ochoa, ofrecer\u00e1 una misa en su recuerdo.<\/p>\n<p>Entre los muchos recuerdos que se tienen de estos dos grandes mexicanos, hombres de su tiempo y obispos de la Iglesia Cat\u00f3lica, est\u00e1; El uso que hicieron de sus respectivas catedrales: Una verdadera C\u00e1tedra.<\/p>\n<p>La Catedral de Cuernavaca siempre a reventar los domingos por la ma\u00f1ana, de fieles, de seguidores, de fan, la prensa, para escuchar la voz libre de un obispo que marcaba rumbo, era don Sergio M\u00e9ndez Arceo.<\/p>\n<p>Por otro lado cientos de ind\u00edgenas reunidos en la Catedral, despu\u00e9s llamada de \u201cLa Paz\u201d en San Crist\u00f3bal de Las Casas, son los mesoamericanos que humillados por siglos retomaban su lugar para escuchar al Pastor que si los conoc\u00eda y los congregaba, don Samuel Ruiz Garc\u00eda. Ya no eran los ladinos, los propietarios de ese espacio.<\/p>\n<p>\u201cNo llegu\u00e9 para ser due\u00f1o de la di\u00f3cesis, tengo un l\u00edmite de edad, de salud, de vida. Me voy para no estorbar, la m\u00eda es una desici\u00f3n personal\u201d, lo dijo en su momento, a la hora del retiro, J a Tatic Samuel.<\/p>\n<p>Mientras don Samuel Ruiz Garc\u00eda, ordenado sacerdote, el 2 de abril de 1949 en la ciudad de Roma, este pr\u00f3ximo 3 de noviembre cumplir\u00e1 83 a\u00f1os de edad y 47 de obispo y 57 de presb\u00edtero, declar\u00f3 a su salida como titular del obispado de San Crist\u00f3bal de Las Casas: \u201cYo no implant\u00e9 nada, fue el proceso el que me gener\u00f3 a mi. Yo soy el resultado de una situaci\u00f3n y conmigo y sin mi esta di\u00f3cesis seguir\u00e1 su camino\u201d<\/p>\n<p>Palabras que contrastan con el gran ceremonial que en 1960 se llevara acabo en ocasi\u00f3n de la toma de posesi\u00f3n del entonces obispado de Las Chiapas, por Bula pontificia del Papa Juan XXlll, ante obispos y la sociedad cristobalense, \u201clos coletos\u201d, de Don Samuel Ruiz Garc\u00eda. \u201cYo no evangelic\u00e9 a los ind\u00edgenas, ellos me evangelizaron a mi\u201d. Dijo al t\u00e9rmino de 40 a\u00f1os de obispo de esa iglesia local, donde advirti\u00f3 \u201ctodo lo que aqu\u00ed suceda, repercutir\u00e1 a nivel nacional\u201d.<\/p>\n<p>En esa Catedral construida en el siglo XVl convergen todos los caminos de la Di\u00f3cesis de San Crist\u00f3bal. Aqu\u00ed tomo posesi\u00f3n como obispo Bartolom\u00e9 de Las Casas, que so\u00f1\u00f3 con liberar a los ind\u00edgenas, en 1821 se proclam\u00f3 y se form\u00f3 la independencia de Chiapas, el 25 de enero de 1960 tom\u00f3 posesi\u00f3n como obispo de Chiapas Samuel Ruiz Garc\u00eda, en 1994 se dio el di\u00e1logo entre el gobierno y los Zapatistas y el s\u00ednodo diocesano..<\/p>\n<p>Samuel Ruiz crea la di\u00f3cesis dialogante, ya que es el interlocutor de 13 gobernadores y en 1974, 14 a\u00f1os despu\u00e9s de su llegada, ya creada la di\u00f3cesis de Tuxtla Guti\u00e9rrez y la de Tapachula, con el Congreso Ind\u00edgena empiezan las acciones con los creyentes, ya hab\u00eda creado la infraestructura territorial.<\/p>\n<p>Samuel Ruiz Garc\u00eda advierte del deterioro de los derechos humanos, acrecentamiento de las migraciones, alejamiento de la disminuci\u00f3n de la pobreza, acrecentamiento de la dependencia de los pa\u00edses pobres respecto de la de los poderosos.<\/p>\n<p>\u201cEl neoliberalismo se contradice y se adivina una contaminaci\u00f3n ambiental a favor del consumismo, la disminuci\u00f3n de empleos, la concentraci\u00f3n del poder econ\u00f3mico, causando desequilibrio y una oposici\u00f3n masiva, el adelanto de la tecnolog\u00eda en forma dehumanizada, aumentando el rechazo general\u201d.<\/p>\n<p>El 28 de octubre pr\u00f3ximo se cumplen 100 a\u00f1os del nacimiento de don Sergio M\u00e9ndez Arceo, quien fuera obispo em\u00e9rito \u201cen activo\u201d. Entre reclamos de \u201cqueremos m\u00e1s obispos al lado de los pobres\u201d, que brotaban de miles de gargantas plurales, su cad\u00e1ver fue sepultado en la catedral de Cuernavaca el 6 de febrero de 1992.<\/p>\n<p>Como hombre visionario y carism\u00e1tico, ya como obispo em\u00e9rito despu\u00e9s de su renuncia a la di\u00f3cesis de Cuernavaca \u2013que le fue admitida sin tardanza\u2013 continu\u00f3 su labor pastoral, dedicando su vida a la promoci\u00f3n y a la pr\u00e1ctica de la solidaridad a trav\u00e9s del Secretariado Internacional Cristiano de Solidaridad con Am\u00e9rica Latina, que hoy honor\u00edficamente preside monse\u00f1or Samuel Ruiz, y de la Red de Comit\u00e9s de Solidaridad \u00d3scar Arnulfo Romero, de los que durante una d\u00e9cada fue presidente.<\/p>\n<p>A finales de los a\u00f1os 80 ya hab\u00eda m\u00e1s de 40 comit\u00e9s de solidaridad en 15 pa\u00edses de Am\u00e9rica, Europa y Asia. En M\u00e9xico acompa\u00f1\u00f3 adem\u00e1s varios procesos solidarios, iniciados por grupos eclesiales y civiles.<\/p>\n<p>\u201cUn mexicano con conciencia hist\u00f3rica de su pa\u00eds; un latinoamericano de mente y coraz\u00f3n; un hombre liberado en su edad madura por su conversi\u00f3n a la fe cristiana, y escrupulosamente respetuoso de la conciencia y la libertad de los dem\u00e1s; un compa\u00f1ero desde el Evangelio con las luchas por la liberaci\u00f3n de los pueblos; un eclesi\u00e1stico fiel a la reforma del Concilio Ecum\u00e9nico Vaticano II\u201d Dice el domiico Miguel Concha, abanderado de los derechos humanos.<\/p>\n<p>Con ocasi\u00f3n del centenario del natalicio del obispo Sergio M\u00e9ndez Arceo, es fecha propicia para recuperar oportunamente la memoria de su vida y pensamiento, para poder aquilatar as\u00ed con mejor perspectiva la trascendencia de su personalidad. Dijeron en el Club de periodistas, los organizadores de la conmemoraci\u00f3n.<\/p>\n<p>Por este motivo, varias organizaciones sociales y eclesiales de defensa y promoci\u00f3n de los derechos humanos y de educaci\u00f3n para la paz, convocaron hace un a\u00f1o a la celebraci\u00f3n de un jubileo, junto con la Fundaci\u00f3n M\u00e9ndez Arceo y la Red de Grupos y Comit\u00e9s de Solidaridad Internacional \u00d3scar Arnulfo Romero.<\/p>\n<p>\u201cUn obispo corresponsable de toda su Iglesia; un cristiano universal; un padre de la Iglesia latinoamericana; un hombre aut\u00e9ntico que siempre se midi\u00f3 con la altura de su vocaci\u00f3n en Cristo el \u201cpatriarca de la solidaridad liberadora\u201d, como resumi\u00f3 el d\u00eda de sus exequias el obispo de Sao F\u00e9lix de Araguaia, Brasil, don Pedro Casald\u00e1liga.<\/p>\n<p>En otro orden, aludiendo al anillo que el papa Pablo VI entreg\u00f3 a los obispos al final del Concilio Vaticano ll, como s\u00edmbolo de sus desposorios espirituales con cada una de las iglesias locales, el actual obispo de Saltillo, don Ra\u00fal Vera, record\u00f3 que don Sergio M\u00e9ndez Arceo, para explicar con honestidad su libertad de palabra al interior y al exterior de su Iglesia \u2013donde no faltan los arribistas, que a costa de sus responsabilidades, quieren ser arzobispos, cardenales y hasta papas\u2013, sol\u00eda repetir que \u00e9l, como ordena uno de los 10 mandamientos, \u201cno deseaba la mujer de su pr\u00f3jimo\u201d.<\/p>\n<p>De hecho s\u00f3lo fue durante 30 a\u00f1os, y eso en medio de incomprensiones y conflictos, el s\u00e9ptimo obispo de Cuernavaca. Ello le bast\u00f3 para dejar un recuerdo imborrable entre creyentes y no creyentes, cristianos de otras iglesias y religiosos de otras confesiones, a quienes siempre convoc\u00f3 para construir otra historia, en beneficio de los excluidos.<\/p>\n<p>En San Crist\u00f3bal se dejaba por parte de Samuel Ruiz Garc\u00eda, 31 sacerdotes, 24 religiosos, 173 religiosas, 102 di\u00e1conos, 8 mil catequistas y el inicio de una iglesia aut\u00f3ctona.<\/p>\n","protected":false},"excerpt":{"rendered":"<p>Por Jos\u00e9 F\u00e9lix Zavala Qu\u00e9 debe ser un obispo em\u00e9rito? \u201cMi condici\u00f3n de Obispo Em\u00e9rito me apremia a sentirme como tal y para la Iglesia, me impulsa a estar ante la solicitud de los cristianos de todas las iglesias, me exige compartir mi fe y ser alimentado por las comunidades y por el proceso hist\u00f3rico [&hellip;]<\/p>\n","protected":false},"author":249,"featured_media":14178,"comment_status":"open","ping_status":"closed","sticky":false,"template":"","format":"standard","meta":{"footnotes":""},"categories":[26],"tags":[],"class_list":["post-14177","post","type-post","status-publish","format-standard","has-post-thumbnail","hentry","category-mundo"],"_links":{"self":[{"href":"https:\/\/eloficiodehistoriar.com.mx\/index.php?rest_route=\/wp\/v2\/posts\/14177","targetHints":{"allow":["GET"]}}],"collection":[{"href":"https:\/\/eloficiodehistoriar.com.mx\/index.php?rest_route=\/wp\/v2\/posts"}],"about":[{"href":"https:\/\/eloficiodehistoriar.com.mx\/index.php?rest_route=\/wp\/v2\/types\/post"}],"author":[{"embeddable":true,"href":"https:\/\/eloficiodehistoriar.com.mx\/index.php?rest_route=\/wp\/v2\/users\/249"}],"replies":[{"embeddable":true,"href":"https:\/\/eloficiodehistoriar.com.mx\/index.php?rest_route=%2Fwp%2Fv2%2Fcomments&post=14177"}],"version-history":[{"count":1,"href":"https:\/\/eloficiodehistoriar.com.mx\/index.php?rest_route=\/wp\/v2\/posts\/14177\/revisions"}],"predecessor-version":[{"id":14179,"href":"https:\/\/eloficiodehistoriar.com.mx\/index.php?rest_route=\/wp\/v2\/posts\/14177\/revisions\/14179"}],"wp:featuredmedia":[{"embeddable":true,"href":"https:\/\/eloficiodehistoriar.com.mx\/index.php?rest_route=\/wp\/v2\/media\/14178"}],"wp:attachment":[{"href":"https:\/\/eloficiodehistoriar.com.mx\/index.php?rest_route=%2Fwp%2Fv2%2Fmedia&parent=14177"}],"wp:term":[{"taxonomy":"category","embeddable":true,"href":"https:\/\/eloficiodehistoriar.com.mx\/index.php?rest_route=%2Fwp%2Fv2%2Fcategories&post=14177"},{"taxonomy":"post_tag","embeddable":true,"href":"https:\/\/eloficiodehistoriar.com.mx\/index.php?rest_route=%2Fwp%2Fv2%2Ftags&post=14177"}],"curies":[{"name":"wp","href":"https:\/\/api.w.org\/{rel}","templated":true}]}}