{"id":14183,"date":"2019-11-04T11:11:23","date_gmt":"2019-11-04T17:11:23","guid":{"rendered":"https:\/\/eloficiodehistoriar.com.mx\/?p=14183"},"modified":"2019-11-04T11:11:23","modified_gmt":"2019-11-04T17:11:23","slug":"la-novela-nuestra-parte-de-la-noche-de-laura-enriquez-premiado","status":"publish","type":"post","link":"https:\/\/eloficiodehistoriar.com.mx\/?p=14183","title":{"rendered":"La Novela \u00abNuestra parte de la noche\u00bb de Laura Enr\u00edquez, premiado"},"content":{"rendered":"<p>La Jornada<\/p>\n<p>La escritora y periodista argentina Mariana Enriquez gan\u00f3 el Premio Herralde de Novela por su libro de misterio y terror sobrenatural Nuestra parte de la noche, inform\u00f3 el lunes la editorial Anagrama en un comunicado.<\/p>\n<p>Presentada bajo el seud\u00f3nimo de Paula Ledesma y el t\u00edtulo Mi estrella oscura, la novela ambientada en la \u00e9poca de la dictadura militar argentina (1976-1983) se impuso en la 37 edici\u00f3n del premio ante otros 680 aspirantes.<\/p>\n<p>La escritora, de 46 a\u00f1os, cuenta el viaje en auto de un padre y un hijo desde Buenos Aires a las Cataratas del Iguaz\u00fa, donde se encuentran con una sociedad secreta, seres dotados de poderes especiales y atroces rituales, con la represi\u00f3n de la dictadura militar de fondo, los desaparecidos y, m\u00e1s adelante, la incierta llegada de la democracia.<\/p>\n<p>\u00abEs una novela muy personal. Tiene todas mis obsesiones, lo cual delata que son muchas mis obsesiones. Ven\u00eda de escribir cuentos, no ficci\u00f3n y en un registro del que los lectores, y yo misma, quer\u00edan m\u00e1s\u00bb, dijo Enriquez al recibir el premio, seg\u00fan publicaron varios medios argentinos y espa\u00f1oles.<\/p>\n<p>El jurado del galard\u00f3n, que est\u00e1 dotado con 18 mil euros y la publicaci\u00f3n de la novela, estuvo integrado por Llu\u00eds Morral, Gonzalo Pont\u00f3n Gij\u00f3n, Marta Sanz, Juan Pablo Villalobos y la editora Silvia Ses\u00e9.<\/p>\n<p>La obra \u00abdesborda las convenciones del g\u00e9nero al que se adscribe \u2013cultivado de forma admirable, plet\u00f3rica de imaginaci\u00f3n\u2013 para elevarse a la categor\u00eda de novela total (&#8230;) un libro a la vez oscuro y deslumbrante\u00bb, dijo Pont\u00f3n Gij\u00f3n sobre el libro, seg\u00fan el comunicado de Anagrama.<\/p>\n<p>Enriquez es periodista, subeditora del suplemento Radar del diario P\u00e1gina\/12 y docente. Ha escrito novelas, relatos de viajes, perfiles y colecciones de cuentos, como Los peligros de fumar en la cama y Las cosas que perdimos en el fuego.<\/p>\n<p>La editorial Anagrama describi\u00f3 Nuestra parte de la noche como una obra \u00abperturbadora y deslumbrante\u00bb que consagra a Enriquez como \u00abuna escritora fundamental de las letras latinoamericanas del siglo XXI\u00bb.<\/p>\n","protected":false},"excerpt":{"rendered":"<p>La Jornada La escritora y periodista argentina Mariana Enriquez gan\u00f3 el Premio Herralde de Novela por su libro de misterio y terror sobrenatural Nuestra parte de la noche, inform\u00f3 el lunes la editorial Anagrama en un comunicado. Presentada bajo el seud\u00f3nimo de Paula Ledesma y el t\u00edtulo Mi estrella oscura, la novela ambientada en la [&hellip;]<\/p>\n","protected":false},"author":249,"featured_media":14184,"comment_status":"open","ping_status":"closed","sticky":false,"template":"","format":"standard","meta":{"footnotes":""},"categories":[26],"tags":[],"class_list":["post-14183","post","type-post","status-publish","format-standard","has-post-thumbnail","hentry","category-mundo"],"_links":{"self":[{"href":"https:\/\/eloficiodehistoriar.com.mx\/index.php?rest_route=\/wp\/v2\/posts\/14183","targetHints":{"allow":["GET"]}}],"collection":[{"href":"https:\/\/eloficiodehistoriar.com.mx\/index.php?rest_route=\/wp\/v2\/posts"}],"about":[{"href":"https:\/\/eloficiodehistoriar.com.mx\/index.php?rest_route=\/wp\/v2\/types\/post"}],"author":[{"embeddable":true,"href":"https:\/\/eloficiodehistoriar.com.mx\/index.php?rest_route=\/wp\/v2\/users\/249"}],"replies":[{"embeddable":true,"href":"https:\/\/eloficiodehistoriar.com.mx\/index.php?rest_route=%2Fwp%2Fv2%2Fcomments&post=14183"}],"version-history":[{"count":1,"href":"https:\/\/eloficiodehistoriar.com.mx\/index.php?rest_route=\/wp\/v2\/posts\/14183\/revisions"}],"predecessor-version":[{"id":14185,"href":"https:\/\/eloficiodehistoriar.com.mx\/index.php?rest_route=\/wp\/v2\/posts\/14183\/revisions\/14185"}],"wp:featuredmedia":[{"embeddable":true,"href":"https:\/\/eloficiodehistoriar.com.mx\/index.php?rest_route=\/wp\/v2\/media\/14184"}],"wp:attachment":[{"href":"https:\/\/eloficiodehistoriar.com.mx\/index.php?rest_route=%2Fwp%2Fv2%2Fmedia&parent=14183"}],"wp:term":[{"taxonomy":"category","embeddable":true,"href":"https:\/\/eloficiodehistoriar.com.mx\/index.php?rest_route=%2Fwp%2Fv2%2Fcategories&post=14183"},{"taxonomy":"post_tag","embeddable":true,"href":"https:\/\/eloficiodehistoriar.com.mx\/index.php?rest_route=%2Fwp%2Fv2%2Ftags&post=14183"}],"curies":[{"name":"wp","href":"https:\/\/api.w.org\/{rel}","templated":true}]}}