{"id":14186,"date":"2019-11-04T11:20:34","date_gmt":"2019-11-04T17:20:34","guid":{"rendered":"https:\/\/eloficiodehistoriar.com.mx\/?p=14186"},"modified":"2019-11-04T11:20:34","modified_gmt":"2019-11-04T17:20:34","slug":"en-deuda-un-reconocimiento-a-la-obra-de-elena-garro","status":"publish","type":"post","link":"https:\/\/eloficiodehistoriar.com.mx\/?p=14186","title":{"rendered":"En deuda un reconocimiento a la obra de Elena Garro"},"content":{"rendered":"<p>La Jornada<\/p>\n<p>Elena Garro (1916-1998) es una autora can\u00f3nica que merece un lugar entre los escritores, m\u00e1s all\u00e1 de las pol\u00e9micas o lo extraliterario, afirma Mayra Gonz\u00e1lez, directora editorial de Alfaguara, a prop\u00f3sito de la nueva edici\u00f3n de Los recuerdos del porvenir.<\/p>\n<p>En entrevista con La Jornada, Gonz\u00e1lez, considera que se ha eclipsado la dimensi\u00f3n literaria de Garro, cuando se trata de una escritora importante para M\u00e9xico; sin embargo, no tiene el nombre que deber\u00eda en Hispanoam\u00e9rica.<\/p>\n<p>La novela Los recuerdos del porvenir, escrita en 1963, aparece ahora con Alfaguara acompa\u00f1ada con textos de la escritora argentina Gabriela Cabez\u00f3n C\u00e1mara (Un d\u00eda latinoamericano), la chilena Isabel Mellado (Rescatar con la palabra), la espa\u00f1ola Lara Moreno (Las mujeres de Ixtepec), la mexicana Guadalupe Nettel (Un canon por venir) y la colombiana Carolina San\u00edn (La piedra aparente), quienes comparten su visi\u00f3n sobre la obra.<\/p>\n<p>Mayra Gonz\u00e1lez explica que la intenci\u00f3n fue ofrecer una edici\u00f3n actual, con una portada diferente, que hable a los j\u00f3venes, precisamente, a trav\u00e9s de los ensayos sobre la novela que se incluyen al final del libro.<\/p>\n<p>\u201cEl nombre de Elena Garro resuena fuerte. En teatro se han montado sus obras y est\u00e1 presente en conferencias, pero me parece que la pol\u00e9mica en torno a su figura ha llegado a eclipsar su dimensi\u00f3n literaria.<\/p>\n<p>Reconocimiento en deuda<\/p>\n<p>\u201cVarias de las escritoras del dossier que se incluye en el libro me comentaban que les parec\u00eda incre\u00edble que en sus estudios o en su formaci\u00f3n literaria Los recuerdos del porvenir no hubiera llegado a sus manos. Garro es una gran autora mexicana, pero creo que ese espacio de la literatura hispanoamericana todav\u00eda lo tiene que ocupar; a\u00fan debe llegar al lugar que merece.\u201d<\/p>\n<p>Sobre la edici\u00f3n, es una novela cl\u00e1sica que sigue reimprimi\u00e9ndose, dice, pero en Alfaguara ofrecemos una novela fresca. Queremos nuevos lectores que se acerquen con curiosidad y se tropiecen con la escritura de Elena, as\u00ed como con los textos de las contempor\u00e1neas.<\/p>\n<p>Para la editora de Alfaguara, Los recuerdos del porvenir \u201cda mucho para el an\u00e1lisis: en el trabajo narrativo de Garro, en los distintos temas que toca, en la construcci\u00f3n de los personajes. Es una obra vigente e innovadora de la cual los escritores j\u00f3venes pueden aprender mucho tambi\u00e9n para enfrentarse a la hoja en blanco.<\/p>\n<p>\u201cAsimismo, es novela que indaga en la naturaleza humana. Elena Garro era muy buena para ello; indaga en los dolores, en las frustraciones, en los sue\u00f1os, en las esperanzas. En diversos personajes est\u00e1 lo que le interesaba, dar voz a quienes no la ten\u00edan. Me parece que es una obra vigente y necesaria para leer en estos tiempos, porque otorga voz al pueblo, a los que carecen de ella.<br \/>\nHay temas como la violencia contra las mujeres; la violencia y maltrato contra los campesinos; lo que sucede con los ideales revolucionarios y, por supuesto, la naturaleza humana que explora la autora en cada uno de sus personajes.<\/p>\n<p>Los recuerdos del porvenir es un libro cl\u00e1sico y totalmente Alfaguara, reitera Gonz\u00e1lez, \u201cpor eso estamos contentos de hacer esta publicaci\u00f3n, con una portada fresca y lecturas hechas ex profeso para esta edici\u00f3n de cinco escritoras j\u00f3venes pero con una trayectoria.<\/p>\n<p>\u201cNos interesaba mucho saber c\u00f3mo se lee Los recuerdos del porvenir en 2019 en pa\u00edses como Colombia, Chile, Espa\u00f1a, y ahora comprobamos que es una novela de actualidad brutal. Se comprob\u00f3, con las lecturas de estas autoras, que el libro tiene todo el poder de identificaci\u00f3n con lo que vivimos hoy d\u00eda, as\u00ed el contexto sea en este Ixtepec imaginario.\u201d<\/p>\n<p>Gonz\u00e1lez agreg\u00f3 que Alfaguara ya cuenta con la publicaci\u00f3n del t\u00edtulo Cuentos completos, que compila todos sus relatos, con pr\u00f3logo de Geney Beltr\u00e1n.<\/p>\n<p>En 2019, asegur\u00f3, se lanzar\u00e1, tambi\u00e9n de Garro, la novela Reencuentro de personajes en De Bolsillo, y en los pr\u00f3ximos tres a\u00f1os se publicar\u00e1n dos tomos de novelas breves.<\/p>\n<p>El primero incluir\u00e1 La casa junto al r\u00edo, Y Matarazo no llam\u00f3\u2026 e In\u00e9s; en tanto, el segundo contendr\u00e1 Busca mi esquela &amp; Primer amor, Un coraz\u00f3n en un bote de basura, Testimonios sobre Mariana y Mi hermanita Magdalena, entre otros.<\/p>\n","protected":false},"excerpt":{"rendered":"<p>La Jornada Elena Garro (1916-1998) es una autora can\u00f3nica que merece un lugar entre los escritores, m\u00e1s all\u00e1 de las pol\u00e9micas o lo extraliterario, afirma Mayra Gonz\u00e1lez, directora editorial de Alfaguara, a prop\u00f3sito de la nueva edici\u00f3n de Los recuerdos del porvenir. En entrevista con La Jornada, Gonz\u00e1lez, considera que se ha eclipsado la dimensi\u00f3n [&hellip;]<\/p>\n","protected":false},"author":249,"featured_media":14187,"comment_status":"open","ping_status":"closed","sticky":false,"template":"","format":"standard","meta":{"footnotes":""},"categories":[26],"tags":[],"class_list":["post-14186","post","type-post","status-publish","format-standard","has-post-thumbnail","hentry","category-mundo"],"_links":{"self":[{"href":"https:\/\/eloficiodehistoriar.com.mx\/index.php?rest_route=\/wp\/v2\/posts\/14186","targetHints":{"allow":["GET"]}}],"collection":[{"href":"https:\/\/eloficiodehistoriar.com.mx\/index.php?rest_route=\/wp\/v2\/posts"}],"about":[{"href":"https:\/\/eloficiodehistoriar.com.mx\/index.php?rest_route=\/wp\/v2\/types\/post"}],"author":[{"embeddable":true,"href":"https:\/\/eloficiodehistoriar.com.mx\/index.php?rest_route=\/wp\/v2\/users\/249"}],"replies":[{"embeddable":true,"href":"https:\/\/eloficiodehistoriar.com.mx\/index.php?rest_route=%2Fwp%2Fv2%2Fcomments&post=14186"}],"version-history":[{"count":1,"href":"https:\/\/eloficiodehistoriar.com.mx\/index.php?rest_route=\/wp\/v2\/posts\/14186\/revisions"}],"predecessor-version":[{"id":14188,"href":"https:\/\/eloficiodehistoriar.com.mx\/index.php?rest_route=\/wp\/v2\/posts\/14186\/revisions\/14188"}],"wp:featuredmedia":[{"embeddable":true,"href":"https:\/\/eloficiodehistoriar.com.mx\/index.php?rest_route=\/wp\/v2\/media\/14187"}],"wp:attachment":[{"href":"https:\/\/eloficiodehistoriar.com.mx\/index.php?rest_route=%2Fwp%2Fv2%2Fmedia&parent=14186"}],"wp:term":[{"taxonomy":"category","embeddable":true,"href":"https:\/\/eloficiodehistoriar.com.mx\/index.php?rest_route=%2Fwp%2Fv2%2Fcategories&post=14186"},{"taxonomy":"post_tag","embeddable":true,"href":"https:\/\/eloficiodehistoriar.com.mx\/index.php?rest_route=%2Fwp%2Fv2%2Ftags&post=14186"}],"curies":[{"name":"wp","href":"https:\/\/api.w.org\/{rel}","templated":true}]}}