{"id":143,"date":"2008-05-27T19:57:49","date_gmt":"2008-05-28T00:57:49","guid":{"rendered":"https:\/\/eloficiodehistoriar.com.mx\/?p=143"},"modified":"2008-05-27T19:57:49","modified_gmt":"2008-05-28T00:57:49","slug":"templo-de-la-gongregacion-en-queretaro","status":"publish","type":"post","link":"https:\/\/eloficiodehistoriar.com.mx\/?p=143","title":{"rendered":"Templo de La Gongregaci\u00f3n en Quer\u00e9taro"},"content":{"rendered":"<p><strong><font face=\"Arial\"><span style=\"font-size: 18pt\" lang=\"ES-TRAD\">El Templo de <st1:personname ProductID=\"La Congregaci?n\" w:st=\"on\">La Congregaci\u00f3n<\/st1:personname> de Cl\u00e9rigos de Nuestra Se\u00f1ora de<\/span><span style=\"font-size: 24pt\" lang=\"ES-TRAD\"> <\/span><span style=\"font-size: 18pt\" lang=\"ES-TRAD\">Guadalupe.<o:p><\/o:p><\/span><\/font><\/strong><span style=\"font-size: 18pt\" lang=\"ES-TRAD\"><o:p><strong><font face=\"Arial\">\u00a0<\/font><\/strong><\/o:p><\/span><\/p>\n<p align=\"left\" style=\"margin: 0cm 0cm 0pt; text-align: left\" class=\"MsoTitle\"><span style=\"font-size: 14pt\" lang=\"ES-TRAD\"><strong><\/strong><\/span><\/p>\n<p align=\"left\" style=\"margin: 0cm 0cm 0pt; text-align: left\" class=\"MsoTitle\"><span style=\"font-size: 14pt\" lang=\"ES-TRAD\"><strong><\/strong><\/span><\/p>\n<p align=\"left\" style=\"margin: 0cm 0cm 0pt; text-align: left\" class=\"MsoTitle\"><span style=\"font-size: 14pt\" lang=\"ES-TRAD\"><strong><font face=\"Arial\">El Cerrito de Don Diego.<\/font><\/strong><\/span><\/p>\n<p><span style=\"font-size: 14pt\" lang=\"ES-TRAD\"><strong><font face=\"Arial\">El Culto Guadalupano en Quer\u00e9taro.<o:p><\/o:p><\/font><\/strong><\/span><span style=\"font-size: 24pt\" lang=\"ES-TRAD\"><o:p><strong><font face=\"Arial\">\u00a0<\/font><\/strong><\/o:p><\/span><span style=\"font-size: 18pt\" lang=\"ES-TRAD\"><o:p><strong><font face=\"Arial\">\u00a0<\/font><\/strong><\/o:p><\/span><span style=\"font-size: 18pt\" lang=\"ES-TRAD\"><o:p><strong><font face=\"Arial\">\u00a0<\/font><\/strong><\/o:p><\/span><\/p>\n<p style=\"margin: 0cm 0cm 0pt\" class=\"MsoBodyText\"><span lang=\"ES-TRAD\"><em><font size=\"2\" face=\"Arial\">El primer santuario erigido en honor de <st1:personname ProductID=\"la Virgen\" w:st=\"on\">la Virgen<\/st1:personname> de Guadalupe, fue<span>\u00a0 <\/span>la ermita levantada en el cerro del Tepeyac, el mismo a\u00f1o de las apariciones, en 1531.<\/font><\/em><\/span><\/p>\n<p><span style=\"font-size: 9pt; font-family: Arial\" lang=\"ES-TRAD\"><o:p><em>\u00a0<\/em><\/o:p><\/span><\/p>\n<p style=\"margin: 0cm 0cm 0pt; text-align: justify\" class=\"MsoNormal\"><em><span style=\"font-size: 9pt; font-family: Arial\" lang=\"ES-TRAD\"><\/span><\/em><\/p>\n<p style=\"margin: 0cm 0cm 0pt; text-align: justify\" class=\"MsoNormal\"><em><span style=\"font-size: 9pt; font-family: Arial\" lang=\"ES-TRAD\"><\/span><\/em><\/p>\n<p><em><span style=\"font-size: 9pt; font-family: Arial\" lang=\"ES-TRAD\">La segunda, fue otra ermita, edificada por Francisco de Castro y Mampaso en<span>\u00a0 <\/span>1925, en Tierra Blanca, a las afueras de la ciudad de San Luis Potos\u00ed.<o:p><\/o:p><\/span><\/em><span style=\"font-size: 12pt; font-family: Arial\" lang=\"ES-TRAD\"><o:p>\u00a0<\/o:p><\/span><\/p>\n<p style=\"margin: 0cm 0cm 0pt; text-align: justify\" class=\"MsoNormal\"><span style=\"font-size: 24pt; font-family: Arial\" lang=\"ES-TRAD\"><\/span><\/p>\n<p style=\"margin: 0cm 0cm 0pt; text-align: justify\" class=\"MsoNormal\"><span style=\"font-size: 24pt; font-family: Arial\" lang=\"ES-TRAD\"><\/span><\/p>\n<p><span style=\"font-size: 24pt; font-family: Arial\" lang=\"ES-TRAD\">L<\/span><span style=\"font-size: 12pt; font-family: Arial\" lang=\"ES-TRAD\">a tercera fue la primitiva capilla levantada en el pa\u00eds fue en la ciudad de Quer\u00e9taro en 1674,<span>\u00a0 <\/span>en un predio agreste y pe\u00f1ascoso, llamado \u00abel Cerrito de Don Diego\u00bb, propiedad del cura de Xich\u00fa,<span>\u00a0 <\/span>Alonso de Ayora y Guzm\u00e1n y donde se encuentra ahora el magn\u00edfico santuario.<o:p><\/o:p><\/span><span style=\"font-size: 12pt; font-family: Arial\" lang=\"ES-TRAD\"><o:p>\u00a0<\/o:p><\/span><\/p>\n<p style=\"margin: 0cm 0cm 0pt; text-align: justify\" class=\"MsoNormal\"><span style=\"font-size: 12pt; font-family: Arial\" lang=\"ES-TRAD\"><\/span><\/p>\n<p style=\"margin: 0cm 0cm 0pt; text-align: justify\" class=\"MsoNormal\"><span style=\"font-size: 12pt; font-family: Arial\" lang=\"ES-TRAD\"><\/span><\/p>\n<p><span style=\"font-size: 12pt; font-family: Arial\" lang=\"ES-TRAD\">A 127 a\u00f1os de aparecida <st1:personname ProductID=\"la Virgen\" w:st=\"on\">la Virgen<\/st1:personname> de Guadalupe en el Tepeyac, en Quer\u00e9taro, no se veneraba a <st1:personname ProductID=\"la Virgen Guadalupana.\" w:st=\"on\">la Virgen Guadalupana.<\/st1:personname> Despu\u00e9s del milagro concedido al Padre Lucas Guerrero en 1659, dio comienzo esta devoci\u00f3n,<span>\u00a0 <\/span>que para finales del siglo XlX hab\u00eda en la ciudad m\u00e1s de 30 mil im\u00e1genes de <st1:personname ProductID=\"la Virgen\" w:st=\"on\">la Virgen<\/st1:personname> de Guadalupe.<o:p><\/o:p><\/span><span style=\"font-size: 12pt; font-family: Arial\" lang=\"ES-TRAD\"><o:p>\u00a0<\/o:p><\/span><\/p>\n<p style=\"margin: 0cm 0cm 0pt; text-align: justify\" class=\"MsoNormal\"><strong><span style=\"font-size: 14pt; font-family: Arial\" lang=\"ES-TRAD\"><\/span><\/strong><\/p>\n<p style=\"margin: 0cm 0cm 0pt; text-align: justify\" class=\"MsoNormal\"><strong><span style=\"font-size: 14pt; font-family: Arial\" lang=\"ES-TRAD\"><\/span><\/strong><\/p>\n<p><strong><span style=\"font-size: 14pt; font-family: Arial\" lang=\"ES-TRAD\">Efem\u00e9rides:<o:p><\/o:p><\/span><\/strong><span style=\"font-size: 12pt; font-family: Arial\" lang=\"ES-TRAD\"><o:p>\u00a0<\/o:p><\/span><\/p>\n<p style=\"margin: 0cm 0cm 0pt; text-align: justify\" class=\"MsoNormal\"><span style=\"font-size: 12pt; font-family: Arial\" lang=\"ES-TRAD\"><\/span><\/p>\n<p style=\"margin: 0cm 0cm 0pt; text-align: justify\" class=\"MsoNormal\"><span style=\"font-size: 12pt; font-family: Arial\" lang=\"ES-TRAD\"><\/span><\/p>\n<p><span style=\"font-size: 12pt; font-family: Arial\" lang=\"ES-TRAD\">El P. Lucas Guerrero Rodea en 1659, le consagr\u00f3 el tercio de los frutos de una peque\u00f1a siembra de trigo, le fueron 15 pesos<o:p><\/o:p><\/span><span style=\"font-size: 12pt; font-family: Arial\" lang=\"ES-TRAD\"><o:p>\u00a0<\/o:p><\/span><\/p>\n<p style=\"margin: 0cm 0cm 0pt; text-align: justify\" class=\"MsoNormal\"><span style=\"font-size: 12pt; font-family: Arial\" lang=\"ES-TRAD\"><\/span><\/p>\n<p style=\"margin: 0cm 0cm 0pt; text-align: justify\" class=\"MsoNormal\"><span style=\"font-size: 12pt; font-family: Arial\" lang=\"ES-TRAD\"><\/span><\/p>\n<p><span style=\"font-size: 12pt; font-family: Arial\" lang=\"ES-TRAD\">A petici\u00f3n de Juez eclesi\u00e1stico y Vicario de Quer\u00e9taro, Francisco de Lepe, sugiere que con ese dinero se adquiera<span>\u00a0 <\/span>se adquiera una copia del original de <st1:personname ProductID=\"la Virgen\" w:st=\"on\">la Virgen<\/st1:personname> de Guadalupe y traerla para su culto.<o:p><\/o:p><\/span><span style=\"font-size: 12pt; font-family: Arial\" lang=\"ES-TRAD\"><o:p>\u00a0<\/o:p><\/span><\/p>\n<p style=\"margin: 0cm 0cm 0pt; text-align: justify\" class=\"MsoNormal\"><span style=\"font-size: 12pt; font-family: Arial\" lang=\"ES-TRAD\"><\/span><\/p>\n<p style=\"margin: 0cm 0cm 0pt; text-align: justify\" class=\"MsoNormal\"><span style=\"font-size: 12pt; font-family: Arial\" lang=\"ES-TRAD\"><\/span><\/p>\n<p><span style=\"font-size: 12pt; font-family: Arial\" lang=\"ES-TRAD\">Se Acord\u00f3 establecer una Congregaci\u00f3n a instancias de l Bachiller Lucas Guerrero y Diego Barrios Pimentel.<o:p><\/o:p><\/span><span style=\"font-size: 12pt; font-family: Arial\" lang=\"ES-TRAD\"><o:p>\u00a0<\/o:p><\/span><\/p>\n<p style=\"margin: 0cm 0cm 0pt; text-align: justify\" class=\"MsoNormal\"><span style=\"font-size: 12pt; font-family: Arial\" lang=\"ES-TRAD\"><\/span><\/p>\n<p style=\"margin: 0cm 0cm 0pt; text-align: justify\" class=\"MsoNormal\"><span style=\"font-size: 12pt; font-family: Arial\" lang=\"ES-TRAD\"><\/span><\/p>\n<p><span style=\"font-size: 12pt; font-family: Arial\" lang=\"ES-TRAD\">Se obtuvo la confirmaci\u00f3n de las constituciones y licencia para esta Congregaci\u00f3n DE Cl\u00e9rigos DE Mar\u00eda Sant\u00edsima de Guadalupe, por autos del 9 de febrero de 1669, por el Arzobispado de M\u00e9xico.<o:p><\/o:p><\/span><span style=\"font-size: 12pt; font-family: Arial\" lang=\"ES-TRAD\"><o:p>\u00a0<\/o:p><\/span><\/p>\n<p style=\"margin: 0cm 0cm 0pt; text-align: justify\" class=\"MsoNormal\"><span style=\"font-size: 12pt; font-family: Arial\" lang=\"ES-TRAD\"><\/span><\/p>\n<p style=\"margin: 0cm 0cm 0pt; text-align: justify\" class=\"MsoNormal\"><span style=\"font-size: 12pt; font-family: Arial\" lang=\"ES-TRAD\"><\/span><\/p>\n<p><span style=\"font-size: 12pt; font-family: Arial\" lang=\"ES-TRAD\">Los primero 18 integrantes de esta Congregaci\u00f3n firmaron ante el notario Diego de Arias Uzeda y eligieron como primer prefecto a el P. Diego de Barrientos y fue confirmado por el Provisto de M\u00e9xico el d\u00eda 18 del mismo mes de 1669.<o:p><\/o:p><\/span><span style=\"font-size: 12pt; font-family: Arial\" lang=\"ES-TRAD\">Juan Caballero de Medina, otorga tres mil pesos a esta Congregaci\u00f3n para<span>\u00a0 <\/span>sostener una capellan\u00eda y pagar la funci\u00f3n anual a <st1:personname ProductID=\"la Virgen.\" w:st=\"on\">la Virgen.<\/st1:personname><o:p><\/o:p><\/span><span style=\"font-size: 12pt; font-family: Arial\" lang=\"ES-TRAD\"><o:p>\u00a0<\/o:p><\/span><\/p>\n<p style=\"margin: 0cm 0cm 0pt; text-align: justify\" class=\"MsoNormal\"><span style=\"font-size: 12pt; font-family: Arial\" lang=\"ES-TRAD\"><\/span><\/p>\n<p style=\"margin: 0cm 0cm 0pt; text-align: justify\" class=\"MsoNormal\"><span style=\"font-size: 12pt; font-family: Arial\" lang=\"ES-TRAD\"><\/span><\/p>\n<p><span style=\"font-size: 12pt; font-family: Arial\" lang=\"ES-TRAD\">El Cura del Mineral de Xich\u00fa Juan de Ayora les vende en 250 pesos el terreno llamado la \u201cLoma de Don Diego\u201d, donde se construye la capilla y posteriormente se construir\u00e1 el templo y anexos,<o:p><\/o:p><\/span><span style=\"font-size: 12pt; font-family: Arial\" lang=\"ES-TRAD\"><o:p>\u00a0<\/o:p><\/span><\/p>\n<p style=\"margin: 0cm 0cm 0pt; text-align: justify\" class=\"MsoNormal\"><span style=\"font-size: 12pt; font-family: Arial\" lang=\"ES-TRAD\"><\/span><\/p>\n<p style=\"margin: 0cm 0cm 0pt; text-align: justify\" class=\"MsoNormal\"><span style=\"font-size: 12pt; font-family: Arial\" lang=\"ES-TRAD\"><\/span><\/p>\n<p><span style=\"font-size: 12pt; font-family: Arial\" lang=\"ES-TRAD\">Autorizado de Roma el Arzobispo de M\u00e9xico Fray Payo De Rivera Enr\u00edquez y por C\u00e9dula real de 19 de octubre de 1671, firmada por la reina Mariana de Austria, pude levantarse el templo.<o:p><\/o:p><\/span><span style=\"font-size: 12pt; font-family: Arial\" lang=\"ES-TRAD\"><o:p>\u00a0<\/o:p><\/span><\/p>\n<p style=\"margin: 0cm 0cm 0pt; text-align: justify\" class=\"MsoNormal\"><span style=\"font-size: 12pt; font-family: Arial\" lang=\"ES-TRAD\"><\/span><\/p>\n<p style=\"margin: 0cm 0cm 0pt; text-align: justify\" class=\"MsoNormal\"><span style=\"font-size: 12pt; font-family: Arial\" lang=\"ES-TRAD\"><\/span><\/p>\n<p><span style=\"font-size: 12pt; font-family: Arial\" lang=\"ES-TRAD\">Para levantar la primera capilla se recibi\u00f3 de Juan Caballero Medina, la cantidad de 500 pesos y otro tanto de su hijo Juan Caballero y Osio.<o:p><\/o:p><\/span><span style=\"font-size: 12pt; font-family: Arial\" lang=\"ES-TRAD\"><o:p>\u00a0<\/o:p><\/span><\/p>\n<p style=\"margin: 0cm 0cm 0pt; text-align: justify\" class=\"MsoNormal\"><span style=\"font-size: 12pt; font-family: Arial\" lang=\"ES-TRAD\"><\/span><\/p>\n<p style=\"margin: 0cm 0cm 0pt; text-align: justify\" class=\"MsoNormal\"><span style=\"font-size: 12pt; font-family: Arial\" lang=\"ES-TRAD\"><\/span><\/p>\n<p><span style=\"font-size: 12pt; font-family: Arial\" lang=\"ES-TRAD\">En 1674 queda instalada la primera capilla y bendecida el 3 de mayo de ese a\u00f1o.<o:p><\/o:p><\/span><span style=\"font-size: 12pt; font-family: Arial\" lang=\"ES-TRAD\"><o:p>\u00a0<\/o:p><\/span><\/p>\n<p style=\"margin: 0cm 0cm 0pt; text-align: justify\" class=\"MsoNormal\"><span style=\"font-size: 12pt; font-family: Arial\" lang=\"ES-TRAD\"><\/span><\/p>\n<p style=\"margin: 0cm 0cm 0pt; text-align: justify\" class=\"MsoNormal\"><span style=\"font-size: 12pt; font-family: Arial\" lang=\"ES-TRAD\"><\/span><\/p>\n<p><span style=\"font-size: 12pt; font-family: Arial\" lang=\"ES-TRAD\">Enseguida se procedi\u00f3 a abrir los cimientos del nuevo templo, bajo la direcci\u00f3n del arquitecto Jos\u00e9 de Rayas Delgado y a instancias de los sacerdotes C\u00e1rdenas y Guerrero.<o:p><\/o:p><\/span><span style=\"font-size: 12pt; font-family: Arial\" lang=\"ES-TRAD\"><o:p>\u00a0<\/o:p><\/span><\/p>\n<p style=\"margin: 0cm 0cm 0pt; text-align: justify\" class=\"MsoNormal\"><span style=\"font-size: 12pt; font-family: Arial\" lang=\"ES-TRAD\"><\/span><\/p>\n<p style=\"margin: 0cm 0cm 0pt; text-align: justify\" class=\"MsoNormal\"><span style=\"font-size: 12pt; font-family: Arial\" lang=\"ES-TRAD\"><\/span><\/p>\n<p><span style=\"font-size: 12pt; font-family: Arial\" lang=\"ES-TRAD\">El primero de junio de 1675 se coloc\u00f3 solemnemente la primera piedra del nuevo y futuro t4 Templo y el hermano de Juan Caballero y Osio, Nicol\u00e1s, levant\u00f3 con su dinero, los muros<span>\u00a0 <\/span>para sentar las bases del edificio<o:p><\/o:p><\/span><span style=\"font-size: 12pt; font-family: Arial\" lang=\"ES-TRAD\"><o:p>\u00a0<\/o:p><\/span><\/p>\n<p style=\"margin: 0cm 0cm 0pt; text-align: justify\" class=\"MsoNormal\"><span style=\"font-size: 12pt; font-family: Arial\" lang=\"ES-TRAD\"><\/span><\/p>\n<p style=\"margin: 0cm 0cm 0pt; text-align: justify\" class=\"MsoNormal\"><span style=\"font-size: 12pt; font-family: Arial\" lang=\"ES-TRAD\"><\/span><\/p>\n<p><span style=\"font-size: 12pt; font-family: Arial\" lang=\"ES-TRAD\">Juan Caballero y Osio determina ser sacerdote y pagar la construcci\u00f3n del actual Santuario a <st1:personname ProductID=\"la Virgen\" w:st=\"on\">La Virgen<\/st1:personname> de Guadalupe, que conocemos familiarmente como <st1:personname ProductID=\"La Congregaci?n.\" w:st=\"on\">La Congregaci\u00f3n.<\/st1:personname><o:p><\/o:p><\/span><span style=\"font-size: 12pt; font-family: Arial\" lang=\"ES-TRAD\"><o:p>\u00a0<\/o:p><\/span><\/p>\n<p style=\"margin: 0cm 0cm 0pt; text-align: justify\" class=\"MsoNormal\"><span style=\"font-size: 12pt; font-family: Arial\" lang=\"ES-TRAD\"><\/span><\/p>\n<p style=\"margin: 0cm 0cm 0pt; text-align: justify\" class=\"MsoNormal\"><span style=\"font-size: 12pt; font-family: Arial\" lang=\"ES-TRAD\"><\/span><\/p>\n<p><span style=\"font-size: 12pt; font-family: Arial\" lang=\"ES-TRAD\">En Abril de 1680 estuvo terminado y fue y fue dedicado el 12 de mayo de ese a\u00f1o, por el ya sacerdote Juan Caballero y Osio.<o:p><\/o:p><\/span><span style=\"font-size: 12pt; font-family: Arial\" lang=\"ES-TRAD\"><o:p>\u00a0<\/o:p><\/span><\/p>\n<p style=\"margin: 0cm 0cm 0pt; text-align: justify\" class=\"MsoNormal\"><span style=\"font-size: 12pt; font-family: Arial\" lang=\"ES-TRAD\"><\/span><\/p>\n<p style=\"margin: 0cm 0cm 0pt; text-align: justify\" class=\"MsoNormal\"><span style=\"font-size: 12pt; font-family: Arial\" lang=\"ES-TRAD\"><\/span><\/p>\n<p><span style=\"font-size: 12pt; font-family: Arial\" lang=\"ES-TRAD\">La regla de <st1:personname ProductID=\"La Congregaci?n\" w:st=\"on\">La Congregaci\u00f3n<\/st1:personname> de Cl\u00e9rigos de Nuestra Se\u00f1ora de Guadalupe fue reformada en 1679, despu\u00e9s en 1691 y en 1721.<o:p><\/o:p><\/span><span style=\"font-size: 12pt; font-family: Arial\" lang=\"ES-TRAD\"><o:p>\u00a0<\/o:p><\/span><\/p>\n<p style=\"margin: 0cm 0cm 0pt; text-align: justify\" class=\"MsoNormal\"><span style=\"font-size: 12pt; font-family: Arial\" lang=\"ES-TRAD\"><\/span><\/p>\n<p style=\"margin: 0cm 0cm 0pt; text-align: justify\" class=\"MsoNormal\"><span style=\"font-size: 12pt; font-family: Arial\" lang=\"ES-TRAD\"><\/span><\/p>\n<p><span style=\"font-size: 12pt; font-family: Arial\" lang=\"ES-TRAD\">En 1691 los Congregante s se hicieron cargo del Hospital Real, mientras que dur\u00f3 el juicio a los Hermanos Hip\u00f3litos, a quienes se los devolvieron al ser absueltos de las acusaciones. <o:p><\/o:p><\/span><span style=\"font-size: 12pt; font-family: Arial\" lang=\"ES-TRAD\"><o:p>\u00a0<\/o:p><\/span><\/p>\n<p style=\"margin: 0cm 0cm 0pt; text-align: justify\" class=\"MsoNormal\"><span style=\"font-size: 12pt; font-family: Arial\" lang=\"ES-TRAD\"><\/span><\/p>\n<p style=\"margin: 0cm 0cm 0pt; text-align: justify\" class=\"MsoNormal\"><span style=\"font-size: 12pt; font-family: Arial\" lang=\"ES-TRAD\"><\/span><\/p>\n<p><span style=\"font-size: 12pt; font-family: Arial\" lang=\"ES-TRAD\">El 7 de diciembre de 1737 se jur\u00f3 patrona de Quer\u00e9taro a <st1:personname ProductID=\"la Virgen\" w:st=\"on\">la Virgen<\/st1:personname> de Gudalupe por el Alf\u00e9rez Real Jos\u00e9 de Urtiaga y recibi\u00f3 el juramento el Vicario y Juez eclesi\u00e1stico de Quer\u00e9taro Juan de Izaguirre.<o:p><\/o:p><\/span><span style=\"font-size: 12pt; font-family: Arial\" lang=\"ES-TRAD\"><o:p>\u00a0<\/o:p><\/span><\/p>\n<p style=\"margin: 0cm 0cm 0pt; text-align: justify\" class=\"MsoNormal\"><span style=\"font-size: 12pt; font-family: Arial\" lang=\"ES-TRAD\"><\/span><\/p>\n<p style=\"margin: 0cm 0cm 0pt; text-align: justify\" class=\"MsoNormal\"><span style=\"font-size: 12pt; font-family: Arial\" lang=\"ES-TRAD\"><\/span><\/p>\n<p><span style=\"font-size: 12pt; font-family: Arial\" lang=\"ES-TRAD\">En 1736 se hizo de nuevo el cimborrio de la c\u00fapula por el indio Jos\u00e9 Guadalupe.<o:p><\/o:p><\/span><span style=\"font-size: 12pt; font-family: Arial\" lang=\"ES-TRAD\"><o:p>\u00a0<\/o:p><\/span><\/p>\n<p style=\"margin: 0cm 0cm 0pt; text-align: justify\" class=\"MsoNormal\"><span style=\"font-size: 12pt; font-family: Arial\" lang=\"ES-TRAD\"><\/span><\/p>\n<p style=\"margin: 0cm 0cm 0pt; text-align: justify\" class=\"MsoNormal\"><span style=\"font-size: 12pt; font-family: Arial\" lang=\"ES-TRAD\"><\/span><\/p>\n<p><span style=\"font-size: 12pt; font-family: Arial\" lang=\"ES-TRAD\">En 1742 se renov\u00f3 el altar mayor.<o:p><\/o:p><\/span><span style=\"font-size: 12pt; font-family: Arial\" lang=\"ES-TRAD\"><o:p>\u00a0<\/o:p><\/span><\/p>\n<p style=\"margin: 0cm 0cm 0pt; text-align: justify\" class=\"MsoNormal\"><span style=\"font-size: 12pt; font-family: Arial\" lang=\"ES-TRAD\"><\/span><\/p>\n<p style=\"margin: 0cm 0cm 0pt; text-align: justify\" class=\"MsoNormal\"><span style=\"font-size: 12pt; font-family: Arial\" lang=\"ES-TRAD\"><\/span><\/p>\n<p><span style=\"font-size: 12pt; font-family: Arial\" lang=\"ES-TRAD\">En 1747 se fund\u00f3 <st1:personname ProductID=\"La Cofrad?a\" w:st=\"on\">La Cofrad\u00eda<\/st1:personname> de Seglares Congregantes<o:p><\/o:p><\/span><span style=\"font-size: 12pt; font-family: Arial\" lang=\"ES-TRAD\"><o:p>\u00a0<\/o:p><\/span><\/p>\n<p style=\"margin: 0cm 0cm 0pt; text-align: justify\" class=\"MsoNormal\"><span style=\"font-size: 12pt; font-family: Arial\" lang=\"ES-TRAD\"><\/span><\/p>\n<p style=\"margin: 0cm 0cm 0pt; text-align: justify\" class=\"MsoNormal\"><span style=\"font-size: 12pt; font-family: Arial\" lang=\"ES-TRAD\"><\/span><\/p>\n<p><span style=\"font-size: 12pt; font-family: Arial\" lang=\"ES-TRAD\">En 1753 se estren\u00f3 el \u00f3rgano del templo, realizado por mariano de Las casas.<o:p><\/o:p><\/span><span style=\"font-size: 12pt; font-family: Arial\" lang=\"ES-TRAD\">De un hermoso frontis barroco del esplendor del siglo XVlll.<o:p><\/o:p><\/span><span style=\"font-size: 12pt; font-family: Arial\" lang=\"ES-TRAD\">En 1754 se recibi\u00f3 la confirmaci\u00f3n del juramento como patrona de Quer\u00e9taro, por el Papa Benedicto XlV.<o:p><\/o:p><\/span><span style=\"font-size: 12pt; font-family: Arial\" lang=\"ES-TRAD\"><o:p>\u00a0<\/o:p><\/span><\/p>\n<p style=\"margin: 0cm 0cm 0pt; text-align: justify\" class=\"MsoNormal\"><span style=\"font-size: 12pt; font-family: Arial\" lang=\"ES-TRAD\"><\/span><\/p>\n<p style=\"margin: 0cm 0cm 0pt; text-align: justify\" class=\"MsoNormal\"><span style=\"font-size: 12pt; font-family: Arial\" lang=\"ES-TRAD\"><\/span><\/p>\n<p><span style=\"font-size: 12pt; font-family: Arial\" lang=\"ES-TRAD\">En 1758 el Ayuntamiento de la ciudad empez\u00f3 con una cooperaci\u00f3n anual de cincuenta pesos para las fiestas de <st1:personname ProductID=\"la Virgen.\" w:st=\"on\">la Virgen.<\/st1:personname><o:p><\/o:p><\/span><span style=\"font-size: 12pt; font-family: Arial\" lang=\"ES-TRAD\"><o:p>\u00a0<\/o:p><\/span><\/p>\n<p style=\"margin: 0cm 0cm 0pt; text-align: justify\" class=\"MsoNormal\"><span style=\"font-size: 12pt; font-family: Arial\" lang=\"ES-TRAD\"><\/span><\/p>\n<p style=\"margin: 0cm 0cm 0pt; text-align: justify\" class=\"MsoNormal\"><span style=\"font-size: 12pt; font-family: Arial\" lang=\"ES-TRAD\"><\/span><\/p>\n<p><span style=\"font-size: 12pt; font-family: Arial\" lang=\"ES-TRAD\">De <st1:metricconverter ProductID=\"1759 a\" w:st=\"on\">1759 a<\/st1:metricconverter> 1761fue sede de <st1:personname ProductID=\"la Parroquia\" w:st=\"on\">la Parroquia<\/st1:personname> de santiago, ya secularizada.<o:p><\/o:p><\/span><span style=\"font-size: 12pt; font-family: Arial\" lang=\"ES-TRAD\"><o:p>\u00a0<\/o:p><\/span><\/p>\n<p style=\"margin: 0cm 0cm 0pt; text-align: justify\" class=\"MsoNormal\"><span style=\"font-size: 12pt; font-family: Arial\" lang=\"ES-TRAD\"><\/span><\/p>\n<p style=\"margin: 0cm 0cm 0pt; text-align: justify\" class=\"MsoNormal\"><span style=\"font-size: 12pt; font-family: Arial\" lang=\"ES-TRAD\"><\/span><\/p>\n<p><span style=\"font-size: 12pt; font-family: Arial\" lang=\"ES-TRAD\">En 1780 se celebr\u00f3 solemnemente el primer centenario de este templo.<o:p><\/o:p><\/span><span style=\"font-size: 12pt; font-family: Arial\" lang=\"ES-TRAD\"><o:p>\u00a0<\/o:p><\/span><\/p>\n<p style=\"margin: 0cm 0cm 0pt; text-align: justify\" class=\"MsoNormal\"><span style=\"font-size: 12pt; font-family: Arial\" lang=\"ES-TRAD\"><\/span><\/p>\n<p style=\"margin: 0cm 0cm 0pt; text-align: justify\" class=\"MsoNormal\"><span style=\"font-size: 12pt; font-family: Arial\" lang=\"ES-TRAD\"><\/span><\/p>\n<p><span style=\"font-size: 12pt; font-family: Arial\" lang=\"ES-TRAD\">En 1864, con motivo de la erecci\u00f3n de la di\u00f3cesis de Quer\u00e9taro, volvi\u00f3 a ser temporalmente sede de la parroquia de Santiago, hasta que <st1:personname ProductID=\"la Catedral\" w:st=\"on\">la Catedral<\/st1:personname> fue trasladada de el templo de <st1:personname ProductID=\"La Compa??a\" w:st=\"on\">La Compa\u00f1\u00eda<\/st1:personname> de Jes\u00fas a San Francisco.<o:p><\/o:p><\/span><span style=\"font-size: 12pt; font-family: Arial\" lang=\"ES-TRAD\"><o:p>\u00a0<\/o:p><\/span><\/p>\n<p style=\"margin: 0cm 0cm 0pt; text-align: justify\" class=\"MsoNormal\"><span style=\"font-size: 12pt; font-family: Arial\" lang=\"ES-TRAD\"><\/span><\/p>\n<p style=\"margin: 0cm 0cm 0pt; text-align: justify\" class=\"MsoNormal\"><span style=\"font-size: 12pt; font-family: Arial\" lang=\"ES-TRAD\"><\/span><\/p>\n<p><span style=\"font-size: 12pt; font-family: Arial\" lang=\"ES-TRAD\">En 1804 fue renovado nuevamente el Altar mayor.<o:p><\/o:p><\/span><span style=\"font-size: 12pt; font-family: Arial\" lang=\"ES-TRAD\"><o:p>\u00a0<\/o:p><\/span><\/p>\n<p style=\"margin: 0cm 0cm 0pt; text-align: justify\" class=\"MsoNormal\"><span style=\"font-size: 12pt; font-family: Arial\" lang=\"ES-TRAD\"><\/span><\/p>\n<p style=\"margin: 0cm 0cm 0pt; text-align: justify\" class=\"MsoNormal\"><span style=\"font-size: 12pt; font-family: Arial\" lang=\"ES-TRAD\"><\/span><\/p>\n<p><span style=\"font-size: 12pt; font-family: Arial\" lang=\"ES-TRAD\">En 1852 y despu\u00e9s en 1888 fue renovado el decorado y piso del templo.<o:p><\/o:p><\/span><span style=\"font-size: 12pt; font-family: Arial\" lang=\"ES-TRAD\"><o:p>\u00a0<\/o:p><\/span><\/p>\n<p style=\"margin: 0cm 0cm 0pt; text-align: justify\" class=\"MsoNormal\"><span style=\"font-size: 12pt; font-family: Arial\" lang=\"ES-TRAD\"><\/span><\/p>\n<p style=\"margin: 0cm 0cm 0pt; text-align: justify\" class=\"MsoNormal\"><span style=\"font-size: 12pt; font-family: Arial\" lang=\"ES-TRAD\"><\/span><\/p>\n<p><span style=\"font-size: 12pt; font-family: Arial\" lang=\"ES-TRAD\">Debido a las leyes de reforma fue disuelta <st1:personname ProductID=\"La Congregaci?n\" w:st=\"on\">la Congregaci\u00f3n<\/st1:personname> de Cl\u00e9rigos y restaurada, junto con las malas condiciones del templo, por el obispo de Quer\u00e9taro en 1884, Don Rafael S. Camacho.<o:p><\/o:p><\/span><span style=\"font-size: 12pt; font-family: Arial\" lang=\"ES-TRAD\"><o:p>\u00a0<\/o:p><\/span><\/p>\n<p style=\"margin: 0cm 0cm 0pt; text-align: justify\" class=\"MsoNormal\"><span style=\"font-size: 12pt; font-family: Arial\" lang=\"ES-TRAD\"><\/span><\/p>\n<p style=\"margin: 0cm 0cm 0pt; text-align: justify\" class=\"MsoNormal\"><span style=\"font-size: 12pt; font-family: Arial\" lang=\"ES-TRAD\"><\/span><\/p>\n<p><span style=\"font-size: 12pt; font-family: Arial\" lang=\"ES-TRAD\">Entre los piadosos sacerdotes que florecieron en la ciudad de Quer\u00e9taro, a mitad del siglo XVll, contamos con el Padre Lucas Guerrero Rodea, nacido en esta ciudad en 1624 y quien fuera el promotor de la devoci\u00f3n a <st1:personname ProductID=\"la Virgen\" w:st=\"on\">la Virgen<\/st1:personname> de Guadalupe y el creador de <st1:personname ProductID=\"La Congregaci?n\" w:st=\"on\">La Congregaci\u00f3n<\/st1:personname> de sacerdotes Seculares, dedicados a obras p\u00edas y a la difusi\u00f3n de este culto.<o:p><\/o:p><\/span><span style=\"font-size: 12pt; font-family: Arial\" lang=\"ES-TRAD\"><o:p>\u00a0<\/o:p><\/span><\/p>\n<p style=\"margin: 0cm 0cm 0pt; text-align: justify\" class=\"MsoNormal\"><span style=\"font-size: 12pt; font-family: Arial\" lang=\"ES-TRAD\"><\/span><\/p>\n<p style=\"margin: 0cm 0cm 0pt; text-align: justify\" class=\"MsoNormal\"><span style=\"font-size: 12pt; font-family: Arial\" lang=\"ES-TRAD\"><\/span><\/p>\n<p><span style=\"font-size: 12pt; font-family: Arial\" lang=\"ES-TRAD\">El milagro lo narran as\u00ed: Cuentan que el Padre Lucas Gurrero Gordea sembr\u00f3 trigo en un terreno muy agreste, donde era casi imposible obtener alguna cosecha y este sacerdote, con fe le encomend\u00f3 a la virgen de Guadalupe, que s\u00ed le conced\u00eda el milagro de levantar<span>\u00a0 <\/span>cosecha, le entregar\u00eda, fuera de diezmos e impuestos, un cuarto de<span>\u00a0 <\/span>las ganancias y al serle concedido el milagro, la cantidad alcanzada para <st1:personname ProductID=\"la Virgen\" w:st=\"on\">la Virgen<\/st1:personname>,<span>\u00a0 <\/span>fue de 15 pesos.<o:p><\/o:p><\/span><span style=\"font-size: 12pt; font-family: Arial\" lang=\"ES-TRAD\"><o:p>\u00a0<\/o:p><\/span><\/p>\n<p style=\"margin: 0cm 0cm 0pt; text-align: justify\" class=\"MsoNormal\"><span style=\"font-size: 12pt; font-family: Arial\" lang=\"ES-TRAD\"><\/span><\/p>\n<p style=\"margin: 0cm 0cm 0pt; text-align: justify\" class=\"MsoNormal\"><span style=\"font-size: 12pt; font-family: Arial\" lang=\"ES-TRAD\"><\/span><\/p>\n<p><span style=\"font-size: 12pt; font-family: Arial\" lang=\"ES-TRAD\">A propuesta del cura de Quer\u00e9taro, Francisco de Lepe, le sugiri\u00f3 adquiriera una imagen de <st1:personname ProductID=\"la Virgen\" w:st=\"on\">la Virgen<\/st1:personname> de Guadalupe, que el P. Lucas Guerrero compr\u00f3 en la ciudad de M\u00e9xico y la coloc\u00f3 para su veneraci\u00f3n en la capilla del hospital de los Hermanos Hip\u00f3litos, que hoy conocemos como el templo de San Jos\u00e9 de Gracia.<o:p><\/o:p><\/span><span style=\"font-size: 12pt; font-family: Arial\" lang=\"ES-TRAD\"><o:p>\u00a0<\/o:p><\/span><\/p>\n<p style=\"margin: 0cm 0cm 0pt; text-align: justify\" class=\"MsoNormal\"><span style=\"font-size: 12pt; font-family: Arial\" lang=\"ES-TRAD\"><\/span><\/p>\n<p style=\"margin: 0cm 0cm 0pt; text-align: justify\" class=\"MsoNormal\"><span style=\"font-size: 12pt; font-family: Arial\" lang=\"ES-TRAD\"><\/span><\/p>\n<p><span style=\"font-size: 12pt; font-family: Arial\" lang=\"ES-TRAD\">Los primeros en adherise a esta veneraci\u00f3n guadalupana fueron 16 sacerdotes del clero secular y un numeroso grupo de indios, residentes de la ciudad de Quer\u00e9taro, de quienes sali\u00f3 la idea de crearle una ermita expresa para su culto.<o:p><\/o:p><\/span><span style=\"font-size: 12pt; font-family: Arial\" lang=\"ES-TRAD\"><o:p>\u00a0<\/o:p><\/span><\/p>\n<p style=\"margin: 0cm 0cm 0pt; text-align: justify\" class=\"MsoNormal\"><span style=\"font-size: 12pt; font-family: Arial\" lang=\"ES-TRAD\"><\/span><\/p>\n<p style=\"margin: 0cm 0cm 0pt; text-align: justify\" class=\"MsoNormal\"><span style=\"font-size: 12pt; font-family: Arial\" lang=\"ES-TRAD\"><\/span><\/p>\n<p><span style=\"font-size: 12pt; font-family: Arial\" lang=\"ES-TRAD\">La primera capilla erigida can\u00f3nicamente a Nuestra Sra. De Guadalupe en Quer\u00e9taro, fue en el predio llamado \u201cCerro de don Diego\u201d, se dio a instancias del Padre Lucas y a la recomendaci\u00f3n del Provisor<span>\u00a0 <\/span>C\u00e1rdenas y Salazar ante el Arzobispo de M\u00e9xico,<span>\u00a0 <\/span>Fray Payo de Rivera Enriques, quien a su vez<span>\u00a0 <\/span>solicit\u00f3 el permiso a la<span>\u00a0 <\/span>reina gobernadora de Espa\u00f1a,<span>\u00a0 <\/span>Do\u00f1a Mariana de Austria.<o:p><\/o:p><\/span><span style=\"font-size: 12pt; font-family: Arial\" lang=\"ES-TRAD\"><o:p>\u00a0<\/o:p><\/span><\/p>\n<p style=\"margin: 0cm 0cm 0pt; text-align: justify\" class=\"MsoNormal\"><span style=\"font-size: 12pt; font-family: Arial\" lang=\"ES-TRAD\"><\/span><\/p>\n<p style=\"margin: 0cm 0cm 0pt; text-align: justify\" class=\"MsoNormal\"><span style=\"font-size: 12pt; font-family: Arial\" lang=\"ES-TRAD\"><\/span><\/p>\n<p><span style=\"font-size: 12pt; font-family: Arial\" lang=\"ES-TRAD\">La soberana expidi\u00f3 la c\u00e9dula real, para ser posible la edificaci\u00f3n de la capilla, con fecha de<span>\u00a0 <\/span>10 de octubre de 1671 y se coloc\u00f3 la primera piedra, en febrero de 1674 y bendecida dicha ermita, el 3 de mayo del mismo a\u00f1o.<o:p><\/o:p><\/span><span style=\"font-size: 12pt; font-family: Arial\" lang=\"ES-TRAD\"><o:p>\u00a0<\/o:p><\/span><\/p>\n<p style=\"margin: 0cm 0cm 0pt; text-align: justify\" class=\"MsoNormal\"><span style=\"font-size: 12pt; font-family: Arial\" lang=\"ES-TRAD\"><\/span><\/p>\n<p style=\"margin: 0cm 0cm 0pt; text-align: justify\" class=\"MsoNormal\"><span style=\"font-size: 12pt; font-family: Arial\" lang=\"ES-TRAD\"><\/span><\/p>\n<p><span style=\"font-size: 12pt; font-family: Arial\" lang=\"ES-TRAD\">Al a\u00f1o siguiente a instancias del P. Lucas Guerrero, se dio comienzo a la construcci\u00f3n de la iglesia actual, con el brillante proyecto del arquitecto Jos\u00e9 de Bayas delgado y<span>\u00a0 <\/span>el apoyo econ\u00f3mico de Juan Caballero de Medina y su hijo el P. Juan Caballero y Osio, coloc\u00e1ndose la primera piedra, el primero de junio de 1675, siendo brillantemente terminada en 1680.<o:p><\/o:p><\/span><span style=\"font-size: 12pt; font-family: Arial\" lang=\"ES-TRAD\"><o:p>\u00a0<\/o:p><\/span><\/p>\n<p style=\"margin: 0cm 0cm 0pt; text-align: justify\" class=\"MsoNormal\"><span style=\"font-size: 12pt; font-family: Arial\" lang=\"ES-TRAD\"><\/span><\/p>\n<p style=\"margin: 0cm 0cm 0pt; text-align: justify\" class=\"MsoNormal\"><span style=\"font-size: 12pt; font-family: Arial\" lang=\"ES-TRAD\"><\/span><\/p>\n<p><span style=\"font-size: 12pt; font-family: Arial\" lang=\"ES-TRAD\">Las im\u00e1genes que este templo ha tenido de <st1:personname ProductID=\"la Virgen\" w:st=\"on\">la Virgen<\/st1:personname> de Guadalupe han sido tres, la primera fue la tra\u00edda por el P. Lucas Guerrero en su viaje primero, a la ciudad de M\u00e9xico, la segunda fue la que pintara<span>\u00a0 <\/span>de Baltazar de Echave,<span>\u00a0 <\/span>colocada en la inauguraci\u00f3n del templo de <st1:personname ProductID=\"La Congregaci?n\" w:st=\"on\">la Congregaci\u00f3n<\/st1:personname> erigido a expensas de Juan Caballero y Osio y la tercera y actual es la del famoso pintor, Miguel Cabrera.<o:p><\/o:p><\/span><span style=\"font-size: 12pt; font-family: Arial\" lang=\"ES-TRAD\"><o:p>\u00a0<\/o:p><\/span><\/p>\n<p style=\"margin: 0cm 0cm 0pt; text-align: justify\" class=\"MsoNormal\"><st1:personname ProductID=\"la Virgen\" w:st=\"on\"><span style=\"font-size: 12pt; font-family: Arial\" lang=\"ES-TRAD\">\u00a0<\/span><\/st1:personname><\/p>\n<p style=\"margin: 0cm 0cm 0pt; text-align: justify\" class=\"MsoNormal\"><st1:personname ProductID=\"la Virgen\" w:st=\"on\"><span style=\"font-size: 12pt; font-family: Arial\" lang=\"ES-TRAD\">\u00a0<\/span><\/st1:personname><\/p>\n<p><st1:personname ProductID=\"la Virgen\" w:st=\"on\"><span style=\"font-size: 12pt; font-family: Arial\" lang=\"ES-TRAD\">La Virgen<\/span><\/st1:personname><span style=\"font-size: 12pt; font-family: Arial\" lang=\"ES-TRAD\"> de Guadalupe, pintada por Miguel Cabrera y que se venera actualmente en el templo de <st1:personname ProductID=\"La Congregaci?n\" w:st=\"on\">la Congregaci\u00f3n<\/st1:personname>, fue primero propiedad del Arzobispo de M\u00e9xico,<span>\u00a0 <\/span>Manuel Rubio y Linas, quien a su muerte, la obtuvo el queretano, Bernardo Pardo, teni\u00e9ndola en su poder hasta 1778, en que a instancias del P. Antonio Lamas, Prefecto de los Congregantes, la intercambi\u00f3 por la pintura de Baltazar de Echave, que en ese entonces presid\u00eda el retablo principal del templo.<o:p><\/o:p><\/span><span style=\"font-size: 12pt; font-family: Arial\" lang=\"ES-TRAD\">.<o:p><\/o:p><\/span><\/p>\n<p style=\"margin: 0cm 0cm 0pt; text-align: justify\" class=\"MsoNormal\"><em><span style=\"font-size: 12pt; font-family: Arial\" lang=\"ES-TRAD\"><\/span><\/em><\/p>\n<p style=\"margin: 0cm 0cm 0pt; text-align: justify\" class=\"MsoNormal\"><em><span style=\"font-size: 12pt; font-family: Arial\" lang=\"ES-TRAD\"><\/span><\/em><\/p>\n<p><em><span style=\"font-size: 12pt; font-family: Arial\" lang=\"ES-TRAD\">\u201cEl viento de la muerte<\/span><\/em><span style=\"font-size: 12pt; font-family: Arial\" lang=\"ES-TRAD\">\u201d,<span>\u00a0 <\/span>una gran epidemia,<span>\u00a0 <\/span>aparecida en el pueblo de Tacuba, por el a\u00f1o de<span>\u00a0 <\/span>1736 y que asol\u00f3 al territorio nacional, fue el motivo para que juntos los cabildos civil y eclesi\u00e1stico de la ciudad de M\u00e9xico, propusieran a todos los cabildos del pa\u00eds, fuera declarada patrona de <st1:personname ProductID=\"la Nueva Espa?a\" w:st=\"on\">la Nueva Espa\u00f1a<\/st1:personname>, <st1:personname ProductID=\"la Virgen\" w:st=\"on\">la Virgen<\/st1:personname> de Guadalupe.<o:p><\/o:p><\/span><span style=\"font-size: 12pt; font-family: Arial\" lang=\"ES-TRAD\"><o:p>\u00a0<\/o:p><\/span><\/p>\n<p style=\"margin: 0cm 0cm 0pt; text-align: justify\" class=\"MsoNormal\"><span style=\"font-size: 12pt; font-family: Arial\" lang=\"ES-TRAD\"><\/span><\/p>\n<p style=\"margin: 0cm 0cm 0pt; text-align: justify\" class=\"MsoNormal\"><span style=\"font-size: 12pt; font-family: Arial\" lang=\"ES-TRAD\"><\/span><\/p>\n<p><span style=\"font-size: 12pt; font-family: Arial\" lang=\"ES-TRAD\">El cuatro de diciembre de 1748, y reunidas todas las formalidades, en el palacio arzobispal de la ciudad de M\u00e9xico, fue jurada por todos los Ayuntamiento de <st1:personname ProductID=\"la Nueva Espa?a\" w:st=\"on\">la Nueva Espa\u00f1a<\/st1:personname> y ante la presencia del Arzobispo Juan Antonio de Vizarr\u00f3n y Eguiarreta y ordenado como d\u00eda festivo, el 12 de diciembre de cada a\u00f1o.<o:p><\/o:p><\/span><span style=\"font-size: 12pt; font-family: Arial\" lang=\"ES-TRAD\"><o:p>\u00a0<\/o:p><\/span><\/p>\n<p style=\"margin: 0cm 0cm 0pt; text-align: justify\" class=\"MsoNormal\"><span style=\"font-size: 12pt; font-family: Arial\" lang=\"ES-TRAD\"><\/span><\/p>\n<p style=\"margin: 0cm 0cm 0pt; text-align: justify\" class=\"MsoNormal\"><span style=\"font-size: 12pt; font-family: Arial\" lang=\"ES-TRAD\"><\/span><\/p>\n<p><span style=\"font-size: 12pt; font-family: Arial\" lang=\"ES-TRAD\">Fue confirmado este patronazgo nacional guadalupano, por el Papa<span>\u00a0 <\/span>Benedicto XlV, por Bula del 25 de mayo de 1754.<o:p><\/o:p><\/span><span style=\"font-size: 12pt; font-family: Arial\" lang=\"ES-TRAD\"><o:p>\u00a0<\/o:p><\/span><\/p>\n<p style=\"margin: 0cm 0cm 0pt; text-align: justify\" class=\"MsoNormal\"><span style=\"font-size: 12pt; font-family: Arial\" lang=\"ES-TRAD\"><\/span><\/p>\n<p style=\"margin: 0cm 0cm 0pt; text-align: justify\" class=\"MsoNormal\"><span style=\"font-size: 12pt; font-family: Arial\" lang=\"ES-TRAD\"><\/span><\/p>\n<p><span style=\"font-size: 12pt; font-family: Arial\" lang=\"ES-TRAD\">De esta<span>\u00a0 <\/span>devoci\u00f3n guadalupana nacieron tres organizaciones dedicadas a promover su culto y a la caridad cristiana, la primera y principal la formaron sacerdotes del clero secular y se llam\u00f3 \u00ab\u201clustre y Venerable Congregaci\u00f3n de Cl\u00e9rigos de Nuestra Se\u00f1ora de Guadalupe\u00bb, Aprobada por el Papa<span>\u00a0 <\/span>Inocencio Xll, por Bula, llamada \u201cPietatis et charitatis opera&#8230;\u201d<o:p><\/o:p><\/span><span style=\"font-size: 12pt; font-family: Arial\" lang=\"ES-TRAD\"><o:p>\u00a0<\/o:p><\/span><\/p>\n<p style=\"margin: 0cm 0cm 0pt; text-align: justify\" class=\"MsoNormal\"><span style=\"font-size: 12pt; font-family: Arial\" lang=\"ES-TRAD\"><\/span><\/p>\n<p style=\"margin: 0cm 0cm 0pt; text-align: justify\" class=\"MsoNormal\"><span style=\"font-size: 12pt; font-family: Arial\" lang=\"ES-TRAD\"><\/span><\/p>\n<p><span style=\"font-size: 12pt; font-family: Arial\" lang=\"ES-TRAD\">Otra organizaci\u00f3n fue de espa\u00f1oles,<span>\u00a0 <\/span>llamada \u201cCofrad\u00eda del Se\u00f1or San Jos\u00e9\u201d y la otra de indios, que se nombro \u201cHermandad de pobres<span>\u00a0 <\/span>de Nuestra Se\u00f1ora de Guadalupe\u201d, aprobada por el Papa Benedicto XlV, en el a\u00f1o de 1747.<o:p><\/o:p><\/span><span style=\"font-size: 12pt; font-family: Arial\" lang=\"ES-TRAD\"><o:p>\u00a0<\/o:p><\/span><\/p>\n<p style=\"margin: 0cm 0cm 0pt; text-align: justify\" class=\"MsoNormal\"><span style=\"font-size: 12pt; font-family: Arial\" lang=\"ES-TRAD\"><\/span><\/p>\n<p style=\"margin: 0cm 0cm 0pt; text-align: justify\" class=\"MsoNormal\"><span style=\"font-size: 12pt; font-family: Arial\" lang=\"ES-TRAD\"><\/span><\/p>\n<p><span style=\"font-size: 12pt; font-family: Arial\" lang=\"ES-TRAD\">El Templo de <st1:personname ProductID=\"La Congregaci?n\" w:st=\"on\">la Congregaci\u00f3n<\/st1:personname> ha recibido diferentes reformas despu\u00e9s de que fuera terminado e inaugurado en 1680.<o:p><\/o:p><\/span><span style=\"font-size: 12pt; font-family: Arial\" lang=\"ES-TRAD\"><o:p>\u00a0<\/o:p><\/span><\/p>\n<p style=\"margin: 0cm 0cm 0pt; text-align: justify\" class=\"MsoNormal\"><span style=\"font-size: 12pt; font-family: Arial\" lang=\"ES-TRAD\"><\/span><\/p>\n<p style=\"margin: 0cm 0cm 0pt; text-align: justify\" class=\"MsoNormal\"><span style=\"font-size: 12pt; font-family: Arial\" lang=\"ES-TRAD\"><\/span><\/p>\n<p><span style=\"font-size: 12pt; font-family: Arial\" lang=\"ES-TRAD\">En 1736 el indio alarife<span>\u00a0 <\/span>Jos\u00e9 de Guadalupe sustituy\u00f3 la antigua c\u00fapula, por otra nueva, logrando un tambor circular pasando de cuatro ventanas a ocho ventanales y d\u00e1ndole m\u00e1s altura a dicha c\u00fapula.<o:p><\/o:p><\/span><span style=\"font-size: 12pt; font-family: Arial\" lang=\"ES-TRAD\"><o:p>\u00a0<\/o:p><\/span><\/p>\n<p style=\"margin: 0cm 0cm 0pt; text-align: justify\" class=\"MsoNormal\"><span style=\"font-size: 12pt; font-family: Arial\" lang=\"ES-TRAD\"><\/span><\/p>\n<p style=\"margin: 0cm 0cm 0pt; text-align: justify\" class=\"MsoNormal\"><span style=\"font-size: 12pt; font-family: Arial\" lang=\"ES-TRAD\"><\/span><\/p>\n<p><span style=\"font-size: 12pt; font-family: Arial\" lang=\"ES-TRAD\">Pero para principios del siglo XlX, all\u00e1 por 1804 se sustituy\u00f3 el retablo mayor, por un neocl\u00e1sico, tal como esta ahora y durante los siguientes a\u00f1os se destruyeron los dem\u00e1s retablos barrocos, sustituy\u00e9ndose por los actuales.<o:p><\/o:p><\/span><span style=\"font-size: 12pt; font-family: Arial\" lang=\"ES-TRAD\"><o:p>\u00a0<\/o:p><\/span><\/p>\n<p style=\"margin: 0cm 0cm 0pt; text-align: justify\" class=\"MsoNormal\"><span style=\"font-size: 12pt; font-family: Arial\" lang=\"ES-TRAD\"><\/span><\/p>\n<p style=\"margin: 0cm 0cm 0pt; text-align: justify\" class=\"MsoNormal\"><span style=\"font-size: 12pt; font-family: Arial\" lang=\"ES-TRAD\"><\/span><\/p>\n<p><span style=\"font-size: 12pt; font-family: Arial\" lang=\"ES-TRAD\">En 1886 el obispo Rafael S. Camacho, pinto la b\u00f3veda de la c\u00fapula con los colores nacionales, agrand\u00f3 las ventanas del cuerpo de la nave,<span>\u00a0 <\/span>sustituy\u00f3 el piso por madera de mezquite y construy\u00f3 la escalinata de acceso al templo.<o:p><\/o:p><\/span><span style=\"font-size: 12pt; font-family: Arial\" lang=\"ES-TRAD\"><o:p>\u00a0<\/o:p><\/span><\/p>\n<p style=\"margin: 0cm 0cm 0pt; text-align: justify\" class=\"MsoNormal\"><span style=\"font-size: 12pt; font-family: Arial\" lang=\"ES-TRAD\"><\/span><\/p>\n<p style=\"margin: 0cm 0cm 0pt; text-align: justify\" class=\"MsoNormal\"><span style=\"font-size: 12pt; font-family: Arial\" lang=\"ES-TRAD\"><\/span><\/p>\n<p><span style=\"font-size: 12pt; font-family: Arial\" lang=\"ES-TRAD\">En 1888<span>\u00a0 <\/span>la antigua antesacrist\u00eda fue convertida en <st1:personname ProductID=\"la Capilla\" w:st=\"on\">la Capilla<\/st1:personname> de <st1:personname ProductID=\"La Pur?sima Concepci?n\" w:st=\"on\">La Pur\u00edsima Concepci\u00f3n<\/st1:personname>, comunic\u00e1ndola al templo con un arco de entrada.<o:p><\/o:p><\/span><span style=\"font-size: 12pt; font-family: Arial\" lang=\"ES-TRAD\"><o:p>\u00a0<\/o:p><\/span><\/p>\n<p style=\"margin: 0cm 0cm 0pt; text-align: justify\" class=\"MsoNormal\"><span style=\"font-size: 12pt; font-family: Arial\" lang=\"ES-TRAD\"><\/span><\/p>\n<p style=\"margin: 0cm 0cm 0pt; text-align: justify\" class=\"MsoNormal\"><span style=\"font-size: 12pt; font-family: Arial\" lang=\"ES-TRAD\"><\/span><\/p>\n<p><span style=\"font-size: 12pt; font-family: Arial\" lang=\"ES-TRAD\">El 30 de noviembre de 1888 el Obispo Rafael S. Camacho, a las 3 de la ma\u00f1ana realiz\u00f3 en presencia, solamente del presbiterio, como lo ordenaba el derecho can\u00f3nico, la consagraci\u00f3n ritual del altar y del templo, siendo el primer santuario guadalupano en el pa\u00eds, de ser consagrado ritualmente.<o:p><\/o:p><\/span><span style=\"font-size: 12pt; font-family: Arial\" lang=\"ES-TRAD\"><o:p>\u00a0<\/o:p><\/span><\/p>\n<p style=\"margin: 0cm 0cm 0pt; text-align: justify\" class=\"MsoNormal\"><span style=\"font-size: 12pt; font-family: Arial\" lang=\"ES-TRAD\"><\/span><\/p>\n<p style=\"margin: 0cm 0cm 0pt; text-align: justify\" class=\"MsoNormal\"><span style=\"font-size: 12pt; font-family: Arial\" lang=\"ES-TRAD\"><\/span><\/p>\n<p><span style=\"font-size: 12pt; font-family: Arial\" lang=\"ES-TRAD\">En 1891 se enrej\u00f3 el atrio y se construy\u00f3 de cantera la parte<span>\u00a0 <\/span>que va de la escalinata al enrejado. En 1921 se construy\u00f3 con granito artificial el comulgatorio.<o:p><\/o:p><\/span><span style=\"font-size: 12pt; font-family: Arial\" lang=\"ES-TRAD\"><o:p>\u00a0<\/o:p><\/span><\/p>\n<p style=\"margin: 0cm 0cm 0pt; text-align: justify\" class=\"MsoNormal\"><span style=\"font-size: 12pt; font-family: Arial\" lang=\"ES-TRAD\"><\/span><\/p>\n<p style=\"margin: 0cm 0cm 0pt; text-align: justify\" class=\"MsoNormal\"><span style=\"font-size: 12pt; font-family: Arial\" lang=\"ES-TRAD\"><\/span><\/p>\n<p style=\"margin: 0cm 0cm 0pt; text-align: justify\" class=\"MsoNormal\"><span style=\"font-size: 12pt; font-family: Arial\" lang=\"ES-TRAD\"><\/span><\/p>\n<p><span style=\"font-size: 12pt; font-family: Arial\" lang=\"ES-TRAD\">La primera peregrinaci\u00f3n a pie al Tepeyac la realiza el fraile Fray Francisco frutos, qui\u00e9n a ser curado de grave enfermedad por intercesi\u00f3n de <st1:personname ProductID=\"la Virgen\" w:st=\"on\">la Virgen<\/st1:personname> de Guadalupe, en acto de acci\u00f3n de gracias camina del Santuario de <st1:personname ProductID=\"La Congregaci?n\" w:st=\"on\">La Congregaci\u00f3n<\/st1:personname> a <st1:personname ProductID=\"La Villa\" w:st=\"on\">La Villa<\/st1:personname><span>\u00a0 <\/span>a pie.<o:p><\/o:p><\/span><span style=\"font-size: 14pt; font-family: Arial\" lang=\"ES-TRAD\"><o:p>\u00a0<\/o:p><\/span><\/p>\n<p style=\"margin: 0cm 0cm 0pt\" class=\"MsoBodyText2\"><span lang=\"ES-TRAD\"><\/span><\/p>\n<p style=\"margin: 0cm 0cm 0pt\" class=\"MsoBodyText2\"><span lang=\"ES-TRAD\"><\/span><\/p>\n<p style=\"margin: 0cm 0cm 0pt\" class=\"MsoBodyText2\"><span lang=\"ES-TRAD\"><font face=\"Arial\">En 1942 La imagen de <st1:personname ProductID=\"la Virgen\" w:st=\"on\">la Virgen<\/st1:personname> de Guadalupe se coloc\u00f3 en un pabell\u00f3n de m\u00e1rmol, como en la antigua Bas\u00edlica de Guadalupe en M\u00e9xico y desprendido del conjunto del retablo en 1980.<\/font><\/span><\/p>\n<p><span style=\"font-size: 14pt; font-family: Arial\" lang=\"ES-TRAD\"><o:p>\u00a0<\/o:p><\/span><span style=\"font-size: 14pt; font-family: Arial\" lang=\"ES-TRAD\"><span>\u00a0<\/span><o:p><\/o:p><\/span><span style=\"font-size: 14pt; font-family: Arial\" lang=\"ES-TRAD\"><o:p>\u00a0<\/o:p><\/span><span style=\"font-size: 14pt; font-family: Arial\" lang=\"ES-TRAD\"><o:p>\u00a0<\/o:p><\/span><span style=\"font-size: 14pt; font-family: Arial\" lang=\"ES-TRAD\"><o:p>\u00a0<\/o:p><\/span><\/p>\n<h1 style=\"margin: 0cm 0cm 0pt\"><span lang=\"ES-TRAD\"><font size=\"5\" face=\"Arial\">El templo<\/font><\/span><\/h1>\n<p><span style=\"font-size: 14pt; font-family: Arial\" lang=\"ES-TRAD\"><o:p>\u00a0<\/o:p><\/span><span style=\"font-size: 12pt; font-family: Arial\" lang=\"ES-TRAD\"><span>\u00a0<\/span>Esta ordenado de oriente a poniente, es de orden d\u00f3rico, as\u00ed esta desde las bases de las formas y pilastras, la coronaci\u00f3n de la c\u00fapula, el muro, cuya arquitrabe, frisos y cornisas, comienzan el juego de las b\u00edvedas que son de arista, lo mismo que los arcos engarzados de la nave hasta los torales.<o:p><\/o:p><\/span><\/p>\n<p style=\"margin: 0cm 0cm 0pt; text-align: justify\" class=\"MsoNormal\"><span style=\"font-size: 12pt; font-family: Arial\" lang=\"ES-TRAD\"><\/span><\/p>\n<p style=\"margin: 0cm 0cm 0pt; text-align: justify\" class=\"MsoNormal\"><span style=\"font-size: 12pt; font-family: Arial\" lang=\"ES-TRAD\"><\/span><\/p>\n<p><span style=\"font-size: 12pt; font-family: Arial\" lang=\"ES-TRAD\">Las naves, el cuerpo de la iglesia, los brazos del crucero, la capilla mayor y presbiterio, cuyo cerramiento es en cercha.<o:p><\/o:p><\/span><span style=\"font-size: 12pt; font-family: Arial\" lang=\"ES-TRAD\"><o:p>\u00a0<\/o:p><\/span><\/p>\n<p style=\"margin: 0cm 0cm 0pt; text-align: justify\" class=\"MsoNormal\"><span style=\"font-size: 12pt; font-family: Arial\" lang=\"ES-TRAD\"><\/span><\/p>\n<p style=\"margin: 0cm 0cm 0pt; text-align: justify\" class=\"MsoNormal\"><span style=\"font-size: 12pt; font-family: Arial\" lang=\"ES-TRAD\"><\/span><\/p>\n<p><span style=\"font-size: 12pt; font-family: Arial\" lang=\"ES-TRAD\">La c\u00fapula de media naranja<span>\u00a0 <\/span>que cubre la capilla mayor y corona el templo, con ocho pilastras, m\u00e1s el presbiterio. La b\u00f3veda inferior del coro comp\u00f3nese de un arco escarzano de tres puntos, guarnecido de dos pechinas ochavadas, nos permite notar lo que fue una loma, donde se levant\u00f3 este hermoso templo.<o:p><\/o:p><\/span><span style=\"font-size: 12pt; font-family: Arial\" lang=\"ES-TRAD\"><o:p>\u00a0<\/o:p><\/span><\/p>\n<p style=\"margin: 0cm 0cm 0pt; text-align: justify\" class=\"MsoNormal\"><span style=\"font-size: 12pt; font-family: Arial\" lang=\"ES-TRAD\"><\/span><\/p>\n<p style=\"margin: 0cm 0cm 0pt; text-align: justify\" class=\"MsoNormal\"><span style=\"font-size: 12pt; font-family: Arial\" lang=\"ES-TRAD\"><\/span><\/p>\n<p><span style=\"font-size: 12pt; font-family: Arial\" lang=\"ES-TRAD\">Se levantan los cuatro arcos torales con hermoso vuelo, que balancea con las b\u00f3vedas, los arcos son de medio punto y las pechinas est\u00e1n cubiertas con cuatro Papa salidos del clero secular y fueron elevados a los altares, su arquitrabe, frisos y cornisas nos llevan a la c\u00fapula de media naranja, perfectamente esf\u00e9rica,<span>\u00a0 <\/span>est\u00e1 adornada por astr\u00edas y remata con una linternilla que la ilumina.<o:p><\/o:p><\/span><span style=\"font-size: 12pt; font-family: Arial\" lang=\"ES-TRAD\"><o:p>\u00a0<\/o:p><\/span><\/p>\n<p style=\"margin: 0cm 0cm 0pt; text-align: justify\" class=\"MsoNormal\"><span style=\"font-size: 12pt; font-family: Arial\" lang=\"ES-TRAD\"><\/span><\/p>\n<p style=\"margin: 0cm 0cm 0pt; text-align: justify\" class=\"MsoNormal\"><span style=\"font-size: 12pt; font-family: Arial\" lang=\"ES-TRAD\"><\/span><\/p>\n<p><span style=\"font-size: 12pt; font-family: Arial\" lang=\"ES-TRAD\">Tiene dos capillas al principio del templo que son las bases de sus dos torres gemelas. Su fachada consta de dos cuerpos de orden corintio y remate. Tiene otras dos puertas una del lado del pante\u00f3n y otra que da acceso al Colegio.<o:p><\/o:p><\/span><span style=\"font-size: 12pt; font-family: Arial\" lang=\"ES-TRAD\"><o:p>\u00a0<\/o:p><\/span><\/p>\n<p style=\"margin: 0cm 0cm 0pt; text-align: justify\" class=\"MsoNormal\"><span style=\"font-size: 12pt; font-family: Arial\" lang=\"ES-TRAD\"><\/span><\/p>\n<p style=\"margin: 0cm 0cm 0pt; text-align: justify\" class=\"MsoNormal\"><span style=\"font-size: 12pt; font-family: Arial\" lang=\"ES-TRAD\"><\/span><\/p>\n<p><span style=\"font-size: 12pt; font-family: Arial\" lang=\"ES-TRAD\">El primer retablo mayor de este templo<span>\u00a0 <\/span>est\u00e1 narrado por menorisadamente por Carlos de Sig\u00fcenza y G\u00f3ngora, el segundo fue realizado por Jos\u00e9 de bayas Delgado, estos dos primeros fueron barrocos sobredorados y el tercero fue<span>\u00a0 <\/span>neo cl\u00e1sico de acuerdo a las normas de acuerdo a la real academia de San Carlos de M\u00e9xico&#8230;<o:p><\/o:p><\/span><span style=\"font-size: 12pt; font-family: Arial\" lang=\"ES-TRAD\"><o:p>\u00a0<\/o:p><\/span><\/p>\n<p style=\"margin: 0cm 0cm 0pt; text-align: justify\" class=\"MsoNormal\"><span style=\"font-size: 12pt; font-family: Arial\" lang=\"ES-TRAD\"><\/span><\/p>\n<p style=\"margin: 0cm 0cm 0pt; text-align: justify\" class=\"MsoNormal\"><span style=\"font-size: 12pt; font-family: Arial\" lang=\"ES-TRAD\"><\/span><\/p>\n<p><span style=\"font-size: 12pt; font-family: Arial\" lang=\"ES-TRAD\">Se habla de tres retablos iniciales dedicados uno Santa Ana, otro a San Jos\u00e9 y otro a San Pedro. Los neocl\u00e1sicos que se encuentran ahora son a San pedro, San Jos\u00e9, San Juan Bautista, y San Antonio.<o:p><\/o:p><\/span><span style=\"font-size: 12pt; font-family: Arial\" lang=\"ES-TRAD\"><o:p>\u00a0<\/o:p><\/span><\/p>\n<p style=\"margin: 0cm 0cm 0pt; text-align: justify\" class=\"MsoNormal\"><span style=\"font-size: 12pt; font-family: Arial\" lang=\"ES-TRAD\"><\/span><\/p>\n<p style=\"margin: 0cm 0cm 0pt; text-align: justify\" class=\"MsoNormal\"><span style=\"font-size: 12pt; font-family: Arial\" lang=\"ES-TRAD\"><\/span><\/p>\n<p><span style=\"font-size: 12pt; font-family: Arial\" lang=\"ES-TRAD\">La sacrist\u00eda conserva el \u00fanico retablo barroco, conservado en un templo, fuera de los de santa Rosa y santa Clara en Quer\u00e9taro. De 1765, donde destaca un lienzo de Cristo pintando a <st1:personname ProductID=\"la Virgen\" w:st=\"on\">la Virgen<\/st1:personname>, tambi\u00e9n se encuentra otro lienzo del siglo XVll, de valor y belleza que deben verse.<o:p><\/o:p><\/span><span style=\"font-size: 12pt; font-family: Arial\" lang=\"ES-TRAD\"><o:p>\u00a0<\/o:p><\/span><\/p>\n<p style=\"margin: 0cm 0cm 0pt; text-align: justify\" class=\"MsoNormal\"><span style=\"font-size: 12pt; font-family: Arial\" lang=\"ES-TRAD\"><\/span><\/p>\n<p style=\"margin: 0cm 0cm 0pt; text-align: justify\" class=\"MsoNormal\"><span style=\"font-size: 12pt; font-family: Arial\" lang=\"ES-TRAD\"><\/span><\/p>\n<p><span style=\"font-size: 12pt; font-family: Arial\" lang=\"ES-TRAD\">Las apariciones de <st1:personname ProductID=\"la Virgen\" w:st=\"on\">la Virgen<\/st1:personname>, est\u00e1n pintadas sobre las pechinas y son de Rold\u00e1n, sustituyen a los Papas que estuvieron inicialmente en ese lugar.<o:p><\/o:p><\/span><span style=\"font-size: 12pt; font-family: Arial\" lang=\"ES-TRAD\"><o:p>\u00a0<\/o:p><\/span><\/p>\n<p style=\"margin: 0cm 0cm 0pt; text-align: justify\" class=\"MsoNormal\"><st1:personname ProductID=\"La Herrer?a\" w:st=\"on\"><span style=\"font-size: 12pt; font-family: Arial\" lang=\"ES-TRAD\">\u00a0<\/span><\/st1:personname><\/p>\n<p style=\"margin: 0cm 0cm 0pt; text-align: justify\" class=\"MsoNormal\"><st1:personname ProductID=\"La Herrer?a\" w:st=\"on\"><span style=\"font-size: 12pt; font-family: Arial\" lang=\"ES-TRAD\">\u00a0<\/span><\/st1:personname><\/p>\n<p><st1:personname ProductID=\"La Herrer?a\" w:st=\"on\"><span style=\"font-size: 12pt; font-family: Arial\" lang=\"ES-TRAD\">La Herrer\u00eda<\/span><\/st1:personname><span style=\"font-size: 12pt; font-family: Arial\" lang=\"ES-TRAD\"> del coro y del atrio son de hierro forjado del m\u00e1s alto grado art\u00edstico y en el Sal\u00f3n de juntas existe una bella colecci\u00f3n de oleos de los mejores pintores de la \u00e9poca.<o:p><\/o:p><\/span><span style=\"font-size: 12pt; font-family: Arial\" lang=\"ES-TRAD\"><o:p>\u00a0<\/o:p><\/span><span style=\"font-size: 12pt; font-family: Arial\" lang=\"ES-TRAD\"><o:p>\u00a0<\/o:p><\/span><span style=\"font-size: 12pt; font-family: Arial\" lang=\"ES-TRAD\"><o:p>\u00a0<\/o:p><\/span><strong><span style=\"font-size: 12pt; font-family: Arial\" lang=\"ES-TRAD\">El Retablo de <st1:personname ProductID=\"la Sacrist?a\" w:st=\"on\">la Sacrist\u00eda<\/st1:personname>:<o:p><\/o:p><\/span><\/strong><span style=\"font-size: 12pt; font-family: Arial\" lang=\"ES-TRAD\"><o:p>\u00a0<\/o:p><\/span><span style=\"font-size: 12pt; font-family: Arial\" lang=\"ES-TRAD\"><o:p>\u00a0<\/o:p><\/span><span style=\"font-size: 12pt; font-family: Arial\" lang=\"ES-TRAD\">Esta trabajado a manera de petatillo y adornado con vegetales, con guirnaldas que adornan las pinturas. Son siete pinturas de \u00f3leo sobre tela dos dedicadas a la virgen de Guadalupe, una de ellas en la forma tradicional y la otra a Jesucristo pintando a la guadalupana, contemplando la escena esta en la parte superior El Padre Eterno y El Esp\u00edritu Santo, sosteniendo el lienzo est\u00e1n un par de angelillos.<o:p><\/o:p><\/span><span style=\"font-size: 12pt; font-family: Arial\" lang=\"ES-TRAD\"><o:p>\u00a0<\/o:p><\/span><\/p>\n<p style=\"margin: 0cm 0cm 0pt; text-align: justify\" class=\"MsoNormal\"><span style=\"font-size: 12pt; font-family: Arial\" lang=\"ES-TRAD\"><\/span><\/p>\n<p style=\"margin: 0cm 0cm 0pt; text-align: justify\" class=\"MsoNormal\"><span style=\"font-size: 12pt; font-family: Arial\" lang=\"ES-TRAD\"><\/span><\/p>\n<p><span style=\"font-size: 12pt; font-family: Arial\" lang=\"ES-TRAD\">Destacan los lienzos de San Joaqu\u00edn y San Juan Bautista, entre los lienzos guadalupanos se encuentra un San Jos\u00e9 con el ni\u00f1o y a los lados Se\u00f1ora Santa Ana y San Juan Evangelista.<o:p><\/o:p><\/span><span style=\"font-size: 12pt; font-family: Arial\" lang=\"ES-TRAD\"><o:p>\u00a0<\/o:p><\/span><\/p>\n<p style=\"margin: 0cm 0cm 0pt; text-align: justify\" class=\"MsoNormal\"><st1:personname ProductID=\"La Guadalupana\" w:st=\"on\"><span style=\"font-size: 12pt; font-family: Arial\" lang=\"ES-TRAD\">\u00a0<\/span><\/st1:personname><\/p>\n<p style=\"margin: 0cm 0cm 0pt; text-align: justify\" class=\"MsoNormal\"><st1:personname ProductID=\"La Guadalupana\" w:st=\"on\"><span style=\"font-size: 12pt; font-family: Arial\" lang=\"ES-TRAD\">\u00a0<\/span><\/st1:personname><\/p>\n<p><st1:personname ProductID=\"La Guadalupana\" w:st=\"on\"><span style=\"font-size: 12pt; font-family: Arial\" lang=\"ES-TRAD\">La Guadalupana<\/span><\/st1:personname><span style=\"font-size: 12pt; font-family: Arial\" lang=\"ES-TRAD\"> del altar mayor es obra de Miguel Cabrera, que en 1778 fuera donada a este templo por el Arzobispo de M\u00e9xico Manuel Rubio y Salinas a instancias del P. Antonio Lamas.<o:p><\/o:p><\/span><span style=\"font-size: 12pt; font-family: Arial\" lang=\"ES-TRAD\"><o:p>\u00a0<\/o:p><\/span><\/p>\n<p style=\"margin: 0cm 0cm 0pt; text-align: justify\" class=\"MsoNormal\"><span style=\"font-size: 12pt; font-family: Arial\" lang=\"ES-TRAD\"><\/span><\/p>\n<p style=\"margin: 0cm 0cm 0pt; text-align: justify\" class=\"MsoNormal\"><span style=\"font-size: 12pt; font-family: Arial\" lang=\"ES-TRAD\"><\/span><\/p>\n<p><span style=\"font-size: 12pt; font-family: Arial\" lang=\"ES-TRAD\">Existe un Cristo de marfil en la sacrist\u00eda de este templo, de tres cuartas de largo, sin policromado, donde resaltan las heridas del costado y no tiene policrom\u00eda.<o:p><\/o:p><\/span><span style=\"font-size: 12pt; font-family: Arial\" lang=\"ES-TRAD\"><o:p>\u00a0<\/o:p><\/span><span style=\"font-size: 12pt; font-family: Arial\" lang=\"ES-TRAD\"><o:p>\u00a0<\/o:p><\/span><span style=\"font-size: 12pt; font-family: Arial\" lang=\"ES-TRAD\"><o:p>\u00a0<\/o:p><\/span><span style=\"font-size: 12pt; font-family: Arial\" lang=\"ES-TRAD\"><o:p>\u00a0<\/o:p><\/span><span style=\"font-size: 12pt; font-family: Arial\" lang=\"ES-TRAD\"><o:p>\u00a0<\/o:p><\/span><\/p>\n","protected":false},"excerpt":{"rendered":"<p>El Templo de La Congregaci\u00f3n de Cl\u00e9rigos de Nuestra Se\u00f1ora de Guadalupe.\u00a0 El Cerrito de Don Diego. El Culto Guadalupano en Quer\u00e9taro.\u00a0\u00a0\u00a0 El primer santuario erigido en honor de la Virgen de Guadalupe, fue\u00a0 la ermita levantada en el cerro del Tepeyac, el mismo a\u00f1o de las apariciones, en 1531. \u00a0 La segunda, fue otra [&hellip;]<\/p>\n","protected":false},"author":249,"featured_media":0,"comment_status":"open","ping_status":"closed","sticky":false,"template":"","format":"standard","meta":{"footnotes":""},"categories":[8],"tags":[],"class_list":["post-143","post","type-post","status-publish","format-standard","hentry","category-ciudad-de-queretaro"],"_links":{"self":[{"href":"https:\/\/eloficiodehistoriar.com.mx\/index.php?rest_route=\/wp\/v2\/posts\/143","targetHints":{"allow":["GET"]}}],"collection":[{"href":"https:\/\/eloficiodehistoriar.com.mx\/index.php?rest_route=\/wp\/v2\/posts"}],"about":[{"href":"https:\/\/eloficiodehistoriar.com.mx\/index.php?rest_route=\/wp\/v2\/types\/post"}],"author":[{"embeddable":true,"href":"https:\/\/eloficiodehistoriar.com.mx\/index.php?rest_route=\/wp\/v2\/users\/249"}],"replies":[{"embeddable":true,"href":"https:\/\/eloficiodehistoriar.com.mx\/index.php?rest_route=%2Fwp%2Fv2%2Fcomments&post=143"}],"version-history":[{"count":0,"href":"https:\/\/eloficiodehistoriar.com.mx\/index.php?rest_route=\/wp\/v2\/posts\/143\/revisions"}],"wp:attachment":[{"href":"https:\/\/eloficiodehistoriar.com.mx\/index.php?rest_route=%2Fwp%2Fv2%2Fmedia&parent=143"}],"wp:term":[{"taxonomy":"category","embeddable":true,"href":"https:\/\/eloficiodehistoriar.com.mx\/index.php?rest_route=%2Fwp%2Fv2%2Fcategories&post=143"},{"taxonomy":"post_tag","embeddable":true,"href":"https:\/\/eloficiodehistoriar.com.mx\/index.php?rest_route=%2Fwp%2Fv2%2Ftags&post=143"}],"curies":[{"name":"wp","href":"https:\/\/api.w.org\/{rel}","templated":true}]}}