{"id":14384,"date":"2019-11-07T12:02:35","date_gmt":"2019-11-07T18:02:35","guid":{"rendered":"https:\/\/eloficiodehistoriar.com.mx\/?p=14384"},"modified":"2019-11-07T12:02:35","modified_gmt":"2019-11-07T18:02:35","slug":"inicia-la-feria-internacional-del-libro-de-guadalajara-mexico","status":"publish","type":"post","link":"https:\/\/eloficiodehistoriar.com.mx\/?p=14384","title":{"rendered":"Inicia la Feria Internacional del libro de Guadalajara, M\u00e9xico"},"content":{"rendered":"<p>La Jornada<\/p>\n<p>&nbsp;<\/p>\n<p>La Feria Internacional del Libro (FIL) de Guadalajara se convierte cada fin de a\u00f1o en el centro de la industria editorial, sobre todo en castellano, pero tambi\u00e9n en otras lenguas. Cada nueva edici\u00f3n la b\u00fasqueda es la misma: \u00bfC\u00f3mo ser originales sin perder la continuidad? Creo que \u00e9se es nuestro reto: c\u00f3mo seguir siendo originales y dar algo completamente nuevo, que cada persona que llegue a la feria tenga una experiencia \u00fanica y nunca perder lo que somos, nuestra esencia, expresa Marisol Schulz, directora de esta feria, cuyo pa\u00eds invitado este 2019 es India.<\/p>\n<p>En los nueve d\u00edas de la feria se presentar\u00e1n alrededor de 700 escritores y 2 mil 300 editoriales, lo que \u201cla convierte en la mayor exposici\u00f3n y venta de libros en espa\u00f1ol en el mundo. En estos d\u00edas encuentras en la FIL el mayor n\u00famero de libros en espa\u00f1ol y, por supuesto, en otros idiomas, pero simplemente hablando de nuestro idioma no vas a encontrar m\u00e1s libros exhibidos, que puedas comprar, admirar, pensar que te atraen, en ninguna otra parte del mundo m\u00e1s que en la feria.<\/p>\n<p>Hay 400 mil posibilidades de compra<\/p>\n<p>Para los bibli\u00f3filos, la gente que adoramos los libros, que son parte de nuestra vida, pasearse en un lugar donde hay 400 mil posibilidades de compra es la locura, y la feria tiene esa cualidad.<\/p>\n<p>Este a\u00f1o la FIL contar\u00e1 varias historias: la de sus 33 ediciones, la historia de una civilizaci\u00f3n como la de India, que como la nuestra cuenta con enormes tradiciones culturales, ling\u00fc\u00edsticas, literarias, culinarias, y con la que tenemos muchos vasos comunicantes. Aun as\u00ed es un gran desconocido, un pa\u00eds completamente desconocido. En M\u00e9xico, en Hispanoam\u00e9rica, nos hacemos alguna idea de lo que es India, pero lo que nos va a traer seguramente lo desconocemos todos. \u00c9sa es la primera historia, la de un pa\u00eds remoto que fascina.<\/p>\n<p>Pero tambi\u00e9n contar\u00e1 la historia de la literatura y la industria editorial en M\u00e9xico. \u201cTendremos los grandes lanzamientos editoriales, de una muy buena parte de los escritores mexicanos, porque las editoriales de todo tipo, no solamente literarias, guardan sus grandes lanzamientos para la feria, hacen toda una inversi\u00f3n para que el acto protag\u00f3nico de sus lanzamientos se haga en la FIL de Guadalajara.<\/p>\n<p>\u201cEso implica tener autores de toda \u00edndole, con un peso importante en lo literario, m\u00e1s all\u00e1 tambi\u00e9n de las actividades que la propia feria organiza: por un lado los festivales literarios, las distintas actividades alrededor no solamente de FIL Joven, FIL Ni\u00f1os, el Festival de las Letras Europeas, Latinoam\u00e9rica Viva, Destina\u00e7ao Brasil, Centroam\u00e9rica Cuenta, las galas del placer de la lectura, todas estas actividades cuyos protagonistas cambian cada a\u00f1o la convierten en la mayor exposici\u00f3n y venta de libros en espa\u00f1ol en el mundo.<\/p>\n<p>Quiz\u00e1 el embrujo de la feria, si me permites ese t\u00e9rmino, es que cuenta una historia distinta cada a\u00f1o y cautiva a quienes van porque no tiene mucho que ver con lo que pas\u00f3 el a\u00f1o anterior.<\/p>\n<p>Esta historia la cuentan las plumas de Elena Poniatowska, David Huerta (quien este a\u00f1o fue el ganador del Premio FIL en lenguas Romances), \u00c9lmer Mendoza, Rosa Beltr\u00e1n, M\u00f3nica Lav\u00edn, Jorge Hern\u00e1ndez, Antonio Ortu\u00f1o, pero en la que tambi\u00e9n participan nuevos talentos; es una historia que tiene que ver tambi\u00e9n con lo que viene. Al respecto, \u201cuno de los programas que propone la feria es Al ruedo: ocho talentos mexicanos, con gente de distintas partes del pa\u00eds, que est\u00e1n teniendo ya una trayectoria literaria, pero no son tan conocidos\u201d. Entre ellos se encuentran Lola Ancira, Aura Pen\u00e9lope C\u00f3rdoba, Aniela Rodr\u00edguez y Jorge Comensal.<\/p>\n<p>\u2013\u00bfDe qu\u00e9 habla la literatura mexicana hoy?<\/p>\n<p>\u2013Creo que estamos hablando de temas muy diversos. Desde luego hay puntos nodales, circunstancias que tienes que reflejar como escritor. Como escritor reflejas la realidad; muchos hablan del tema de la violencia: s\u00ed, ah\u00ed est\u00e1 la violencia, pero tambi\u00e9n hay biograf\u00eda, autobiograf\u00eda, el marcar ciertas \u00e9pocas de la historia de M\u00e9xico por medio de las novelas. No creo que haya un solo tema; hay muchos temas que luego confluyen en temas como el de la violencia, porque \u00e9sas son nuestras circunstancias demasiado terribles y la literatura da cuenta del entorno. Hay muchos autores que en realidad se alejan o intentan alejarse, pero de repente tambi\u00e9n trasluce.<\/p>\n<p>La industria editorial y la literatura en la 4T<\/p>\n<p>\u2013\u00bfCu\u00e1l es su opini\u00f3n acerca de las medidas adoptadas por el gobierno federal, comenzando por la uni\u00f3n de la Direcci\u00f3n General de Publicaciones, Educal y el Fondo de Cultura Econ\u00f3mica?<\/p>\n<p>\u2013Me parece que es un experimento del que todav\u00eda no vemos bien los resultados, esperar\u00eda a tenerlos. Siempre me da mucho miedo la centralizaci\u00f3n de labores, pero les dar\u00eda el privilegio de la duda, porque realmente acaba de pasar, no ha pasado ni un a\u00f1o de todo esto, entonces esperar\u00eda a ver qu\u00e9 ocurre.<\/p>\n<p>\u201cCreo que como editorial del Estado aportar libros a bajo precio est\u00e1 muy bien, pero podr\u00eda llegar a ser competencia desleal: no puedes satanizar el precio de los libros de quien no tiene subsidio; esa es mi forma de ver la vida, m\u00e1s como editora que como directora de la FIL.<\/p>\n<p>\u201cMe parece muy bien que haya precios bajos para la poblaci\u00f3n, me parece estupendo, pero que eso no vaya a generar un discurso de satanizar al que tiene que, por sus propios medios, editar, vender, distribuir, con todos los costos y que no tiene un subsidio. \u00c9sa es la parte que veo peligrosa, que la gente diga: \u2018El Fondo me da un libro a 15 pesos, y \u00bfpor qu\u00e9 Planeta, Random, Oc\u00e9ano nos da uno en 200 pesos?\u2019 Porque no hay subsidios. Esa la parte que veo peligrosa para la industria editorial en general.\u201d<\/p>\n<p>La Feria Internacional del Libro de Guadalajara se inicia el pr\u00f3ximo 30 de noviembre con la entrega del Premio FIL de Literatura en Lenguas Romances a David Huerta. Concluir\u00e1 el 9 de diciembre. El programa puede consultarse en fil.com.mx.<\/p>\n","protected":false},"excerpt":{"rendered":"<p>La Jornada &nbsp; La Feria Internacional del Libro (FIL) de Guadalajara se convierte cada fin de a\u00f1o en el centro de la industria editorial, sobre todo en castellano, pero tambi\u00e9n en otras lenguas. Cada nueva edici\u00f3n la b\u00fasqueda es la misma: \u00bfC\u00f3mo ser originales sin perder la continuidad? Creo que \u00e9se es nuestro reto: c\u00f3mo [&hellip;]<\/p>\n","protected":false},"author":249,"featured_media":14386,"comment_status":"open","ping_status":"closed","sticky":false,"template":"","format":"standard","meta":{"footnotes":""},"categories":[26],"tags":[],"class_list":["post-14384","post","type-post","status-publish","format-standard","has-post-thumbnail","hentry","category-mundo"],"_links":{"self":[{"href":"https:\/\/eloficiodehistoriar.com.mx\/index.php?rest_route=\/wp\/v2\/posts\/14384","targetHints":{"allow":["GET"]}}],"collection":[{"href":"https:\/\/eloficiodehistoriar.com.mx\/index.php?rest_route=\/wp\/v2\/posts"}],"about":[{"href":"https:\/\/eloficiodehistoriar.com.mx\/index.php?rest_route=\/wp\/v2\/types\/post"}],"author":[{"embeddable":true,"href":"https:\/\/eloficiodehistoriar.com.mx\/index.php?rest_route=\/wp\/v2\/users\/249"}],"replies":[{"embeddable":true,"href":"https:\/\/eloficiodehistoriar.com.mx\/index.php?rest_route=%2Fwp%2Fv2%2Fcomments&post=14384"}],"version-history":[{"count":1,"href":"https:\/\/eloficiodehistoriar.com.mx\/index.php?rest_route=\/wp\/v2\/posts\/14384\/revisions"}],"predecessor-version":[{"id":14387,"href":"https:\/\/eloficiodehistoriar.com.mx\/index.php?rest_route=\/wp\/v2\/posts\/14384\/revisions\/14387"}],"wp:featuredmedia":[{"embeddable":true,"href":"https:\/\/eloficiodehistoriar.com.mx\/index.php?rest_route=\/wp\/v2\/media\/14386"}],"wp:attachment":[{"href":"https:\/\/eloficiodehistoriar.com.mx\/index.php?rest_route=%2Fwp%2Fv2%2Fmedia&parent=14384"}],"wp:term":[{"taxonomy":"category","embeddable":true,"href":"https:\/\/eloficiodehistoriar.com.mx\/index.php?rest_route=%2Fwp%2Fv2%2Fcategories&post=14384"},{"taxonomy":"post_tag","embeddable":true,"href":"https:\/\/eloficiodehistoriar.com.mx\/index.php?rest_route=%2Fwp%2Fv2%2Ftags&post=14384"}],"curies":[{"name":"wp","href":"https:\/\/api.w.org\/{rel}","templated":true}]}}